{"id":144,"date":"2023-06-28T10:27:14","date_gmt":"2023-06-28T08:27:14","guid":{"rendered":"https:\/\/ena-kinouest.net\/?p=144"},"modified":"2025-06-30T11:38:38","modified_gmt":"2025-06-30T09:38:38","slug":"un-seul-corps-les-jeunes-reunis-ensemble-au-stade-des-martyrs-de-kinshasa-avec-lapotre-patriarche-jean-luc-schneider","status":"publish","type":"post","link":"https:\/\/ena-kinouest.net\/index.php\/2023\/06\/28\/un-seul-corps-les-jeunes-reunis-ensemble-au-stade-des-martyrs-de-kinshasa-avec-lapotre-patriarche-jean-luc-schneider\/","title":{"rendered":"Un seul corps : les jeunes r\u00e9unis ensemble au Stade des Martyrs de Kinshasa avec l&rsquo;Ap\u00f4tre-Patriarche Jean-Luc Schneider"},"content":{"rendered":"\t\t<div data-elementor-type=\"wp-post\" data-elementor-id=\"144\" class=\"elementor elementor-144\">\n\t\t\t\t\t\t<section class=\"elementor-section elementor-top-section elementor-element elementor-element-3dd22ccb elementor-section-boxed elementor-section-height-default elementor-section-height-default\" data-id=\"3dd22ccb\" data-element_type=\"section\">\n\t\t\t\t\t\t<div class=\"elementor-container elementor-column-gap-default\">\n\t\t\t\t\t<div class=\"elementor-column elementor-col-100 elementor-top-column elementor-element elementor-element-2a1a11b6\" data-id=\"2a1a11b6\" data-element_type=\"column\">\n\t\t\t<div class=\"elementor-widget-wrap elementor-element-populated\">\n\t\t\t\t\t\t<div class=\"elementor-element elementor-element-5451f33 elementor-widget elementor-widget-image\" data-id=\"5451f33\" data-element_type=\"widget\" data-widget_type=\"image.default\">\n\t\t\t\t<div class=\"elementor-widget-container\">\n\t\t\t\t\t\t\t\t\t\t\t\t\t\t\t<img fetchpriority=\"high\" decoding=\"async\" width=\"800\" height=\"534\" src=\"https:\/\/i0.wp.com\/ena-kinouest.net\/wp-content\/uploads\/2023\/06\/IMG-20220713-WA0044.jpg?fit=800%2C534&amp;ssl=1\" class=\"attachment-large size-large wp-image-145\" alt=\"\" srcset=\"https:\/\/i0.wp.com\/ena-kinouest.net\/wp-content\/uploads\/2023\/06\/IMG-20220713-WA0044.jpg?w=1250&amp;ssl=1 1250w, https:\/\/i0.wp.com\/ena-kinouest.net\/wp-content\/uploads\/2023\/06\/IMG-20220713-WA0044.jpg?resize=300%2C200&amp;ssl=1 300w, https:\/\/i0.wp.com\/ena-kinouest.net\/wp-content\/uploads\/2023\/06\/IMG-20220713-WA0044.jpg?resize=1024%2C683&amp;ssl=1 1024w, https:\/\/i0.wp.com\/ena-kinouest.net\/wp-content\/uploads\/2023\/06\/IMG-20220713-WA0044.jpg?resize=768%2C512&amp;ssl=1 768w\" sizes=\"(max-width: 800px) 100vw, 800px\" \/>\t\t\t\t\t\t\t\t\t\t\t\t\t\t\t<\/div>\n\t\t\t\t<\/div>\n\t\t\t\t<div class=\"elementor-element elementor-element-6c8c617e elementor-widget elementor-widget-text-editor\" data-id=\"6c8c617e\" data-element_type=\"widget\" data-widget_type=\"text-editor.default\">\n\t\t\t\t<div class=\"elementor-widget-container\">\n\t\t\t\t\t\t\t\t\t<p><span style=\"font-weight: 400;\">C\u2019\u00e9tait un dimanche pas comme les autres, le 10 juillet 2022 \u00e0 Kinshasa, au Stade de Martyrs de la Pentec\u00f4te, nom du stade de la capitale congolaise. C\u2019est lieu qui a \u00e9t\u00e9 t\u00e9moin de nombreux exploits de plusieurs comp\u00e9titeurs, a re\u00e7u une cat\u00e9gorie tout autre de champions : le champion de la foi comme l\u2019a dit l\u2019Ap\u00f4tre patriarche Jean Luc Schneider.<\/span><\/p><p><span style=\"font-weight: 400;\">Pour l\u2019\u00e9pilogue de son s\u00e9jour sur la terre congolaise, et sp\u00e9cialement dans le Congo Ouest (\u00c9glise territoriale dirig\u00e9e par l\u2019Ap\u00f4tre de district Michael Deppner), le pr\u00e9sident mondial de l\u2019\u00c9glise n\u00e9o-apostolique a offici\u00e9 un service divin l\u2019intention de la jeunesse. Ils \u00e9taient plus de 35.476 champions de la foi, qui ont envahi les tribunes du stade, venus de tous les coins de Kinshasa et de r\u00e9gions environnantes.<\/span><\/p><p><span style=\"font-weight: 400;\">Pour cette grande rencontre, le primat de l\u2019\u00c9glise a bas\u00e9 sa pr\u00e9dication sur la parole biblique tir\u00e9e de l&rsquo;\u00e9p\u00eetre de Paul aux Corinthiens 12 : 12-13. (Car, comme le corps est un et a plusieurs membres, et comme tous les membres du corps, malgr\u00e9 leur nombre, ne forment qu&rsquo;un seul corps, ainsi en est-il de Christ. Nous avons tous, en effet, \u00e9t\u00e9 baptis\u00e9s dans un seul Esprit, pour former un seul corps, soit Juifs, soit Grecs, soit esclaves, soit libres, et nous avons tous \u00e9t\u00e9 abreuv\u00e9s d&rsquo;un seul Esprit).<\/span><\/p>\t\t\t\t\t\t\t\t<\/div>\n\t\t\t\t<\/div>\n\t\t\t\t<div class=\"elementor-element elementor-element-9705c05 elementor--h-position-center elementor--v-position-middle elementor-arrows-position-inside elementor-pagination-position-inside elementor-widget elementor-widget-slides\" data-id=\"9705c05\" data-element_type=\"widget\" data-settings=\"{&quot;navigation&quot;:&quot;both&quot;,&quot;autoplay&quot;:&quot;yes&quot;,&quot;pause_on_hover&quot;:&quot;yes&quot;,&quot;pause_on_interaction&quot;:&quot;yes&quot;,&quot;autoplay_speed&quot;:5000,&quot;infinite&quot;:&quot;yes&quot;,&quot;transition&quot;:&quot;slide&quot;,&quot;transition_speed&quot;:500}\" data-widget_type=\"slides.default\">\n\t\t\t\t<div class=\"elementor-widget-container\">\n\t\t\t\t\t\t\t<div class=\"elementor-swiper\">\n\t\t\t<div class=\"elementor-slides-wrapper elementor-main-swiper swiper-container\" dir=\"ltr\" data-animation=\"fadeInUp\">\n\t\t\t\t<div class=\"swiper-wrapper elementor-slides\">\n\t\t\t\t\t\t\t\t\t\t<div class=\"elementor-repeater-item-c9d7d12 swiper-slide\"><div class=\"swiper-slide-bg\"><\/div><div class=\"swiper-slide-inner\" ><div class=\"swiper-slide-contents\"><\/div><\/div><\/div><div class=\"elementor-repeater-item-73289a5 swiper-slide\"><div class=\"swiper-slide-bg\"><\/div><div class=\"swiper-slide-inner\" ><div class=\"swiper-slide-contents\"><\/div><\/div><\/div><div class=\"elementor-repeater-item-1db7014 swiper-slide\"><div class=\"swiper-slide-bg\"><\/div><div class=\"swiper-slide-inner\" ><div class=\"swiper-slide-contents\"><\/div><\/div><\/div>\t\t\t\t<\/div>\n\t\t\t\t\t\t\t\t\t\t\t\t\t\t\t<div class=\"swiper-pagination\"><\/div>\n\t\t\t\t\t\t\t\t\t\t\t\t\t\t\t\t<div class=\"elementor-swiper-button elementor-swiper-button-prev\">\n\t\t\t\t\t\t\t<i aria-hidden=\"true\" class=\"eicon-chevron-left\"><\/i>\t\t\t\t\t\t\t<span class=\"elementor-screen-only\">Previous<\/span>\n\t\t\t\t\t\t<\/div>\n\t\t\t\t\t\t<div class=\"elementor-swiper-button elementor-swiper-button-next\">\n\t\t\t\t\t\t\t<i aria-hidden=\"true\" class=\"eicon-chevron-right\"><\/i>\t\t\t\t\t\t\t<span class=\"elementor-screen-only\">Next<\/span>\n\t\t\t\t\t\t<\/div>\n\t\t\t\t\t\t\t\t\t\t\t\t<\/div>\n\t\t<\/div>\n\t\t\t\t\t\t<\/div>\n\t\t\t\t<\/div>\n\t\t\t\t<div class=\"elementor-element elementor-element-2024646 elementor-widget elementor-widget-text-editor\" data-id=\"2024646\" data-element_type=\"widget\" data-widget_type=\"text-editor.default\">\n\t\t\t\t<div class=\"elementor-widget-container\">\n\t\t\t\t\t\t\t\t\t<p>\u00a0<\/p><p>S\u2019adressant aux jeunes, au cours de son pr\u00eache, Ambassadeur du Christ a :<\/p><ul style=\"font-size: 16px; background-color: #ffffff;\"><li style=\"font-size: 16px;\" aria-level=\"1\">Rappel\u00e9 que nous sommes en route ensemble vers Sion, qui est le royaume de Dieu<\/li><li style=\"font-size: 16px;\" aria-level=\"1\">Invit\u00e9 chacun \u00e0 \u00eatre transform\u00e9 \u00e0 l\u2019image du Christ, le premier qui soit entr\u00e9 dans ce royaume<\/li><li style=\"font-size: 16px;\" aria-level=\"1\">Rassur\u00e9 qu\u2019une fois notre int\u00e9rieur soit transform\u00e9, J\u00e9sus Christ nous donnera un nouveau corps \u00e0 son retour pour entrer dans la patrie c\u00e9leste<\/li><li style=\"font-size: 16px;\" aria-level=\"1\">Montr\u00e9 que nous sommes les membres d\u2019un m\u00eame corps, mais malgr\u00e9 nos diff\u00e9rences nous devons \u00eatre solidement unis<\/li><li style=\"font-size: 16px;\" aria-level=\"1\">Insist\u00e9 sur le fait que nous sommes tous nourris de la m\u00eame nourriture (parole de Dieu et Sainte c\u00e8ne) et de la m\u00eame mani\u00e8re, pour nous donner la force de cro\u00eetre et nous transformer<\/li><li style=\"font-size: 16px;\" aria-level=\"1\">Exhort\u00e9 chacun faire confiance \u00e0 Dieu et lui ob\u00e9ir, ainsi qu\u2019\u00e0 faire preuve d\u2019amour pour le prochain et de demeurer avec lui en unit\u00e9 en Christ<\/li><li style=\"font-size: 16px;\" aria-level=\"1\">Fais savoir que cette unit\u00e9 doit nous pousser \u00e0 \u00eatre solidaires. Nous devons alors partager v\u00e9ritablement les peines et les joies du prochain.<\/li><li style=\"font-size: 16px;\" aria-level=\"1\">Rappel\u00e9 le devoir de chacun d\u2019aider le prochain \u00e0 ne pas abandonner l\u2019objectif de la foi. De ne pas condamner, mais de s\u2019occuper de lui comme un membre malade averti sur le pi\u00e8ge de la division, tout en montrant que l\u2019unit\u00e9 en Christ malgr\u00e9 nos diff\u00e9rences sera la preuve que Christ est en nous. Et \u00e7a sera le plus grand des miracles.<\/li><li style=\"font-size: 16px;\" aria-level=\"1\">Invit\u00e9 chacun \u00e0 apporter sa contribution pour que l\u2019\u00c9glise remplisse sa mission. Cette derni\u00e8re consiste \u00e0 rendre le salut accessible aux hommes.<\/li><li style=\"font-size: 16px;\" aria-level=\"1\">Exhort\u00e9 toute l\u2019assembl\u00e9e, quelle que soit sa situation, \u00e0 servir d\u2019exemple aux autres dans la mise en pratique de la volont\u00e9 de Dieu<\/li><\/ul><p>\u00a0<\/p>\t\t\t\t\t\t\t\t<\/div>\n\t\t\t\t<\/div>\n\t\t\t\t<div class=\"elementor-element elementor-element-26108a6 elementor-widget elementor-widget-text-editor\" data-id=\"26108a6\" data-element_type=\"widget\" data-widget_type=\"text-editor.default\">\n\t\t\t\t<div class=\"elementor-widget-container\">\n\t\t\t\t\t\t\t\t\t<p>Il faut noter qu\u2019au cours de ce service divin, 3 ap\u00f4tres ont \u00e9t\u00e9 admis \u00e0 la retraite. Il s\u2019agit de l\u2019Ap\u00f4tre Mulongo Isaac (apr\u00e8s 38 ans d\u2019exercice minist\u00e9riel, dont 25 comme Ap\u00f4tre), l\u2019Ap\u00f4tre Mukongo Crispin (apr\u00e8s 38 ans d\u2019exercice dont 8 comme Ap\u00f4tre) et l\u2019Ap\u00f4tre Faustin Wingi (apr\u00e8s 35 ans comme Ap\u00f4tre).<\/p><p>L\u2019Ap\u00f4tre patriarche a ordonn\u00e9 par la suite 6 ap\u00f4tres dont 3 pour la RD Congo Ouest (Ev\u00eaque Nzakimwena, Evang\u00e9liste Kafunda Michel &amp; Evang\u00e9liste Kalombo Junior), 2 pour le Tchad (Ev\u00eaque Njazira &amp; Berger Miala) et 1 pour la R\u00e9publique Centrafricaine (Ev\u00eaque Ngambongona).<\/p>\t\t\t\t\t\t\t\t<\/div>\n\t\t\t\t<\/div>\n\t\t\t\t\t<\/div>\n\t\t<\/div>\n\t\t\t\t\t<\/div>\n\t\t<\/section>\n\t\t\t\t<\/div>\n\t\t","protected":false},"excerpt":{"rendered":"<p>C\u2019\u00e9tait un dimanche pas comme les autres, le 10 juillet 2022 \u00e0 Kinshasa, au Stade de Martyrs de la Pentec\u00f4te, nom du stade de la capitale congolaise. C\u2019est lieu qui a \u00e9t\u00e9 t\u00e9moin de nombreux exploits de plusieurs comp\u00e9titeurs, a re\u00e7u une cat\u00e9gorie tout autre de champions : le champion de la foi comme l\u2019a [&hellip;]<\/p>\n","protected":false},"author":1,"featured_media":145,"comment_status":"open","ping_status":"open","sticky":false,"template":"","format":"standard","meta":{"_jetpack_memberships_contains_paid_content":false,"footnotes":""},"categories":[17,26,12,25],"tags":[],"class_list":["post-144","post","type-post","status-publish","format-standard","has-post-thumbnail","hentry","category-apotre-patriarche","category-congo","category-jeunesse","category-predication"],"yoast_head":"<!-- This site is optimized with the Yoast SEO plugin v25.3.1 - https:\/\/yoast.com\/wordpress\/plugins\/seo\/ -->\n<title>Un seul corps : les jeunes r\u00e9unis ensemble au Stade des Martyrs de Kinshasa avec l&#039;Ap\u00f4tre-Patriarche Jean-Luc Schneider - Eglise N\u00e9o-Apostolique Kinshasa Ouest<\/title>\n<meta name=\"robots\" content=\"index, follow, max-snippet:-1, max-image-preview:large, max-video-preview:-1\" \/>\n<link rel=\"canonical\" href=\"https:\/\/ena-kinouest.net\/index.php\/2023\/06\/28\/un-seul-corps-les-jeunes-reunis-ensemble-au-stade-des-martyrs-de-kinshasa-avec-lapotre-patriarche-jean-luc-schneider\/\" \/>\n<meta property=\"og:locale\" content=\"fr_FR\" \/>\n<meta property=\"og:type\" content=\"article\" \/>\n<meta property=\"og:title\" content=\"Un seul corps : les jeunes r\u00e9unis ensemble au Stade des Martyrs de Kinshasa avec l&#039;Ap\u00f4tre-Patriarche Jean-Luc Schneider - Eglise N\u00e9o-Apostolique Kinshasa Ouest\" \/>\n<meta property=\"og:description\" content=\"C\u2019\u00e9tait un dimanche pas comme les autres, le 10 juillet 2022 \u00e0 Kinshasa, au Stade de Martyrs de la Pentec\u00f4te, nom du stade de la capitale congolaise. C\u2019est lieu qui a \u00e9t\u00e9 t\u00e9moin de nombreux exploits de plusieurs comp\u00e9titeurs, a re\u00e7u une cat\u00e9gorie tout autre de champions : le champion de la foi comme l\u2019a [&hellip;]\" \/>\n<meta property=\"og:url\" content=\"https:\/\/ena-kinouest.net\/index.php\/2023\/06\/28\/un-seul-corps-les-jeunes-reunis-ensemble-au-stade-des-martyrs-de-kinshasa-avec-lapotre-patriarche-jean-luc-schneider\/\" \/>\n<meta property=\"og:site_name\" content=\"Eglise N\u00e9o-Apostolique Kinshasa Ouest\" \/>\n<meta property=\"article:publisher\" content=\"https:\/\/web.facebook.com\/enardcouest\" \/>\n<meta property=\"article:published_time\" content=\"2023-06-28T08:27:14+00:00\" \/>\n<meta property=\"article:modified_time\" content=\"2025-06-30T09:38:38+00:00\" \/>\n<meta property=\"og:image\" content=\"https:\/\/ena-kinouest.net\/wp-content\/uploads\/2023\/06\/IMG-20220713-WA0044.jpg\" \/>\n\t<meta property=\"og:image:width\" content=\"1250\" \/>\n\t<meta property=\"og:image:height\" content=\"834\" \/>\n\t<meta property=\"og:image:type\" content=\"image\/jpeg\" \/>\n<meta name=\"author\" content=\"Richard Ndambo\" \/>\n<meta name=\"twitter:card\" content=\"summary_large_image\" \/>\n<meta name=\"twitter:label1\" content=\"\u00c9crit par\" \/>\n\t<meta name=\"twitter:data1\" content=\"Richard Ndambo\" \/>\n\t<meta name=\"twitter:label2\" content=\"Dur\u00e9e de lecture estim\u00e9e\" \/>\n\t<meta name=\"twitter:data2\" content=\"4 minutes\" \/>\n<script type=\"application\/ld+json\" class=\"yoast-schema-graph\">{\"@context\":\"https:\/\/schema.org\",\"@graph\":[{\"@type\":\"Article\",\"@id\":\"https:\/\/ena-kinouest.net\/index.php\/2023\/06\/28\/un-seul-corps-les-jeunes-reunis-ensemble-au-stade-des-martyrs-de-kinshasa-avec-lapotre-patriarche-jean-luc-schneider\/#article\",\"isPartOf\":{\"@id\":\"https:\/\/ena-kinouest.net\/index.php\/2023\/06\/28\/un-seul-corps-les-jeunes-reunis-ensemble-au-stade-des-martyrs-de-kinshasa-avec-lapotre-patriarche-jean-luc-schneider\/\"},\"author\":{\"name\":\"Richard Ndambo\",\"@id\":\"https:\/\/ena-kinouest.net\/#\/schema\/person\/f7334ed5e23ccc9abd2568d6259181a8\"},\"headline\":\"Un seul corps : les jeunes r\u00e9unis ensemble au Stade des Martyrs de Kinshasa avec l&rsquo;Ap\u00f4tre-Patriarche Jean-Luc Schneider\",\"datePublished\":\"2023-06-28T08:27:14+00:00\",\"dateModified\":\"2025-06-30T09:38:38+00:00\",\"mainEntityOfPage\":{\"@id\":\"https:\/\/ena-kinouest.net\/index.php\/2023\/06\/28\/un-seul-corps-les-jeunes-reunis-ensemble-au-stade-des-martyrs-de-kinshasa-avec-lapotre-patriarche-jean-luc-schneider\/\"},\"wordCount\":666,\"commentCount\":1,\"publisher\":{\"@id\":\"https:\/\/ena-kinouest.net\/#organization\"},\"image\":{\"@id\":\"https:\/\/ena-kinouest.net\/index.php\/2023\/06\/28\/un-seul-corps-les-jeunes-reunis-ensemble-au-stade-des-martyrs-de-kinshasa-avec-lapotre-patriarche-jean-luc-schneider\/#primaryimage\"},\"thumbnailUrl\":\"https:\/\/i0.wp.com\/ena-kinouest.net\/wp-content\/uploads\/2023\/06\/IMG-20220713-WA0044.jpg?fit=1250%2C834&ssl=1\",\"articleSection\":[\"ap\u00f4tre patriarche\",\"Congo\",\"jeunesse\",\"Predication\"],\"inLanguage\":\"fr-FR\",\"potentialAction\":[{\"@type\":\"CommentAction\",\"name\":\"Comment\",\"target\":[\"https:\/\/ena-kinouest.net\/index.php\/2023\/06\/28\/un-seul-corps-les-jeunes-reunis-ensemble-au-stade-des-martyrs-de-kinshasa-avec-lapotre-patriarche-jean-luc-schneider\/#respond\"]}]},{\"@type\":\"WebPage\",\"@id\":\"https:\/\/ena-kinouest.net\/index.php\/2023\/06\/28\/un-seul-corps-les-jeunes-reunis-ensemble-au-stade-des-martyrs-de-kinshasa-avec-lapotre-patriarche-jean-luc-schneider\/\",\"url\":\"https:\/\/ena-kinouest.net\/index.php\/2023\/06\/28\/un-seul-corps-les-jeunes-reunis-ensemble-au-stade-des-martyrs-de-kinshasa-avec-lapotre-patriarche-jean-luc-schneider\/\",\"name\":\"Un seul corps : les jeunes r\u00e9unis ensemble au Stade des Martyrs de Kinshasa avec l'Ap\u00f4tre-Patriarche Jean-Luc Schneider - Eglise N\u00e9o-Apostolique Kinshasa Ouest\",\"isPartOf\":{\"@id\":\"https:\/\/ena-kinouest.net\/#website\"},\"primaryImageOfPage\":{\"@id\":\"https:\/\/ena-kinouest.net\/index.php\/2023\/06\/28\/un-seul-corps-les-jeunes-reunis-ensemble-au-stade-des-martyrs-de-kinshasa-avec-lapotre-patriarche-jean-luc-schneider\/#primaryimage\"},\"image\":{\"@id\":\"https:\/\/ena-kinouest.net\/index.php\/2023\/06\/28\/un-seul-corps-les-jeunes-reunis-ensemble-au-stade-des-martyrs-de-kinshasa-avec-lapotre-patriarche-jean-luc-schneider\/#primaryimage\"},\"thumbnailUrl\":\"https:\/\/i0.wp.com\/ena-kinouest.net\/wp-content\/uploads\/2023\/06\/IMG-20220713-WA0044.jpg?fit=1250%2C834&ssl=1\",\"datePublished\":\"2023-06-28T08:27:14+00:00\",\"dateModified\":\"2025-06-30T09:38:38+00:00\",\"breadcrumb\":{\"@id\":\"https:\/\/ena-kinouest.net\/index.php\/2023\/06\/28\/un-seul-corps-les-jeunes-reunis-ensemble-au-stade-des-martyrs-de-kinshasa-avec-lapotre-patriarche-jean-luc-schneider\/#breadcrumb\"},\"inLanguage\":\"fr-FR\",\"potentialAction\":[{\"@type\":\"ReadAction\",\"target\":[\"https:\/\/ena-kinouest.net\/index.php\/2023\/06\/28\/un-seul-corps-les-jeunes-reunis-ensemble-au-stade-des-martyrs-de-kinshasa-avec-lapotre-patriarche-jean-luc-schneider\/\"]}]},{\"@type\":\"ImageObject\",\"inLanguage\":\"fr-FR\",\"@id\":\"https:\/\/ena-kinouest.net\/index.php\/2023\/06\/28\/un-seul-corps-les-jeunes-reunis-ensemble-au-stade-des-martyrs-de-kinshasa-avec-lapotre-patriarche-jean-luc-schneider\/#primaryimage\",\"url\":\"https:\/\/i0.wp.com\/ena-kinouest.net\/wp-content\/uploads\/2023\/06\/IMG-20220713-WA0044.jpg?fit=1250%2C834&ssl=1\",\"contentUrl\":\"https:\/\/i0.wp.com\/ena-kinouest.net\/wp-content\/uploads\/2023\/06\/IMG-20220713-WA0044.jpg?fit=1250%2C834&ssl=1\",\"width\":1250,\"height\":834},{\"@type\":\"BreadcrumbList\",\"@id\":\"https:\/\/ena-kinouest.net\/index.php\/2023\/06\/28\/un-seul-corps-les-jeunes-reunis-ensemble-au-stade-des-martyrs-de-kinshasa-avec-lapotre-patriarche-jean-luc-schneider\/#breadcrumb\",\"itemListElement\":[{\"@type\":\"ListItem\",\"position\":1,\"name\":\"Accueil\",\"item\":\"https:\/\/ena-kinouest.net\/\"},{\"@type\":\"ListItem\",\"position\":2,\"name\":\"Un seul corps : les jeunes r\u00e9unis ensemble au Stade des Martyrs de Kinshasa avec l&rsquo;Ap\u00f4tre-Patriarche Jean-Luc Schneider\"}]},{\"@type\":\"WebSite\",\"@id\":\"https:\/\/ena-kinouest.net\/#website\",\"url\":\"https:\/\/ena-kinouest.net\/\",\"name\":\"Eglise N\u00e9o-Apostolique Kinshasa Ouest\",\"description\":\"\",\"publisher\":{\"@id\":\"https:\/\/ena-kinouest.net\/#organization\"},\"alternateName\":\"ENA Kin-Ouest\",\"potentialAction\":[{\"@type\":\"SearchAction\",\"target\":{\"@type\":\"EntryPoint\",\"urlTemplate\":\"https:\/\/ena-kinouest.net\/?s={search_term_string}\"},\"query-input\":{\"@type\":\"PropertyValueSpecification\",\"valueRequired\":true,\"valueName\":\"search_term_string\"}}],\"inLanguage\":\"fr-FR\"},{\"@type\":\"Organization\",\"@id\":\"https:\/\/ena-kinouest.net\/#organization\",\"name\":\"Eglise N\u00e9o-Apostolique Kinshasa Ouest\",\"url\":\"https:\/\/ena-kinouest.net\/\",\"logo\":{\"@type\":\"ImageObject\",\"inLanguage\":\"fr-FR\",\"@id\":\"https:\/\/ena-kinouest.net\/#\/schema\/logo\/image\/\",\"url\":\"https:\/\/ena-kinouest.net\/wp-content\/uploads\/2023\/06\/Nak_logo.svg\",\"contentUrl\":\"https:\/\/ena-kinouest.net\/wp-content\/uploads\/2023\/06\/Nak_logo.svg\",\"width\":1493,\"height\":1491,\"caption\":\"Eglise N\u00e9o-Apostolique Kinshasa Ouest\"},\"image\":{\"@id\":\"https:\/\/ena-kinouest.net\/#\/schema\/logo\/image\/\"},\"sameAs\":[\"https:\/\/web.facebook.com\/enardcouest\",\"https:\/\/www.youtube.com\/@egliseneo-apostoliquekin-o4002\"]},{\"@type\":\"Person\",\"@id\":\"https:\/\/ena-kinouest.net\/#\/schema\/person\/f7334ed5e23ccc9abd2568d6259181a8\",\"name\":\"Richard Ndambo\",\"image\":{\"@type\":\"ImageObject\",\"inLanguage\":\"fr-FR\",\"@id\":\"https:\/\/ena-kinouest.net\/#\/schema\/person\/image\/\",\"url\":\"https:\/\/secure.gravatar.com\/avatar\/c6d701f2601c5305f8f43857230b2d8c2a589cb3e8df57744a048d17f21f7868?s=96&d=mm&r=g\",\"contentUrl\":\"https:\/\/secure.gravatar.com\/avatar\/c6d701f2601c5305f8f43857230b2d8c2a589cb3e8df57744a048d17f21f7868?s=96&d=mm&r=g\",\"caption\":\"Richard Ndambo\"},\"sameAs\":[\"https:\/\/ena-kinouest.net\"],\"url\":\"https:\/\/ena-kinouest.net\/index.php\/author\/rndambo\/\"}]}<\/script>\n<!-- \/ Yoast SEO plugin. -->","yoast_head_json":{"title":"Un seul corps : les jeunes r\u00e9unis ensemble au Stade des Martyrs de Kinshasa avec l'Ap\u00f4tre-Patriarche Jean-Luc Schneider - Eglise N\u00e9o-Apostolique Kinshasa Ouest","robots":{"index":"index","follow":"follow","max-snippet":"max-snippet:-1","max-image-preview":"max-image-preview:large","max-video-preview":"max-video-preview:-1"},"canonical":"https:\/\/ena-kinouest.net\/index.php\/2023\/06\/28\/un-seul-corps-les-jeunes-reunis-ensemble-au-stade-des-martyrs-de-kinshasa-avec-lapotre-patriarche-jean-luc-schneider\/","og_locale":"fr_FR","og_type":"article","og_title":"Un seul corps : les jeunes r\u00e9unis ensemble au Stade des Martyrs de Kinshasa avec l'Ap\u00f4tre-Patriarche Jean-Luc Schneider - Eglise N\u00e9o-Apostolique Kinshasa Ouest","og_description":"C\u2019\u00e9tait un dimanche pas comme les autres, le 10 juillet 2022 \u00e0 Kinshasa, au Stade de Martyrs de la Pentec\u00f4te, nom du stade de la capitale congolaise. C\u2019est lieu qui a \u00e9t\u00e9 t\u00e9moin de nombreux exploits de plusieurs comp\u00e9titeurs, a re\u00e7u une cat\u00e9gorie tout autre de champions : le champion de la foi comme l\u2019a [&hellip;]","og_url":"https:\/\/ena-kinouest.net\/index.php\/2023\/06\/28\/un-seul-corps-les-jeunes-reunis-ensemble-au-stade-des-martyrs-de-kinshasa-avec-lapotre-patriarche-jean-luc-schneider\/","og_site_name":"Eglise N\u00e9o-Apostolique Kinshasa Ouest","article_publisher":"https:\/\/web.facebook.com\/enardcouest","article_published_time":"2023-06-28T08:27:14+00:00","article_modified_time":"2025-06-30T09:38:38+00:00","og_image":[{"width":1250,"height":834,"url":"https:\/\/ena-kinouest.net\/wp-content\/uploads\/2023\/06\/IMG-20220713-WA0044.jpg","type":"image\/jpeg"}],"author":"Richard Ndambo","twitter_card":"summary_large_image","twitter_misc":{"\u00c9crit par":"Richard Ndambo","Dur\u00e9e de lecture estim\u00e9e":"4 minutes"},"schema":{"@context":"https:\/\/schema.org","@graph":[{"@type":"Article","@id":"https:\/\/ena-kinouest.net\/index.php\/2023\/06\/28\/un-seul-corps-les-jeunes-reunis-ensemble-au-stade-des-martyrs-de-kinshasa-avec-lapotre-patriarche-jean-luc-schneider\/#article","isPartOf":{"@id":"https:\/\/ena-kinouest.net\/index.php\/2023\/06\/28\/un-seul-corps-les-jeunes-reunis-ensemble-au-stade-des-martyrs-de-kinshasa-avec-lapotre-patriarche-jean-luc-schneider\/"},"author":{"name":"Richard Ndambo","@id":"https:\/\/ena-kinouest.net\/#\/schema\/person\/f7334ed5e23ccc9abd2568d6259181a8"},"headline":"Un seul corps : les jeunes r\u00e9unis ensemble au Stade des Martyrs de Kinshasa avec l&rsquo;Ap\u00f4tre-Patriarche Jean-Luc Schneider","datePublished":"2023-06-28T08:27:14+00:00","dateModified":"2025-06-30T09:38:38+00:00","mainEntityOfPage":{"@id":"https:\/\/ena-kinouest.net\/index.php\/2023\/06\/28\/un-seul-corps-les-jeunes-reunis-ensemble-au-stade-des-martyrs-de-kinshasa-avec-lapotre-patriarche-jean-luc-schneider\/"},"wordCount":666,"commentCount":1,"publisher":{"@id":"https:\/\/ena-kinouest.net\/#organization"},"image":{"@id":"https:\/\/ena-kinouest.net\/index.php\/2023\/06\/28\/un-seul-corps-les-jeunes-reunis-ensemble-au-stade-des-martyrs-de-kinshasa-avec-lapotre-patriarche-jean-luc-schneider\/#primaryimage"},"thumbnailUrl":"https:\/\/i0.wp.com\/ena-kinouest.net\/wp-content\/uploads\/2023\/06\/IMG-20220713-WA0044.jpg?fit=1250%2C834&ssl=1","articleSection":["ap\u00f4tre patriarche","Congo","jeunesse","Predication"],"inLanguage":"fr-FR","potentialAction":[{"@type":"CommentAction","name":"Comment","target":["https:\/\/ena-kinouest.net\/index.php\/2023\/06\/28\/un-seul-corps-les-jeunes-reunis-ensemble-au-stade-des-martyrs-de-kinshasa-avec-lapotre-patriarche-jean-luc-schneider\/#respond"]}]},{"@type":"WebPage","@id":"https:\/\/ena-kinouest.net\/index.php\/2023\/06\/28\/un-seul-corps-les-jeunes-reunis-ensemble-au-stade-des-martyrs-de-kinshasa-avec-lapotre-patriarche-jean-luc-schneider\/","url":"https:\/\/ena-kinouest.net\/index.php\/2023\/06\/28\/un-seul-corps-les-jeunes-reunis-ensemble-au-stade-des-martyrs-de-kinshasa-avec-lapotre-patriarche-jean-luc-schneider\/","name":"Un seul corps : les jeunes r\u00e9unis ensemble au Stade des Martyrs de Kinshasa avec l'Ap\u00f4tre-Patriarche Jean-Luc Schneider - Eglise N\u00e9o-Apostolique Kinshasa Ouest","isPartOf":{"@id":"https:\/\/ena-kinouest.net\/#website"},"primaryImageOfPage":{"@id":"https:\/\/ena-kinouest.net\/index.php\/2023\/06\/28\/un-seul-corps-les-jeunes-reunis-ensemble-au-stade-des-martyrs-de-kinshasa-avec-lapotre-patriarche-jean-luc-schneider\/#primaryimage"},"image":{"@id":"https:\/\/ena-kinouest.net\/index.php\/2023\/06\/28\/un-seul-corps-les-jeunes-reunis-ensemble-au-stade-des-martyrs-de-kinshasa-avec-lapotre-patriarche-jean-luc-schneider\/#primaryimage"},"thumbnailUrl":"https:\/\/i0.wp.com\/ena-kinouest.net\/wp-content\/uploads\/2023\/06\/IMG-20220713-WA0044.jpg?fit=1250%2C834&ssl=1","datePublished":"2023-06-28T08:27:14+00:00","dateModified":"2025-06-30T09:38:38+00:00","breadcrumb":{"@id":"https:\/\/ena-kinouest.net\/index.php\/2023\/06\/28\/un-seul-corps-les-jeunes-reunis-ensemble-au-stade-des-martyrs-de-kinshasa-avec-lapotre-patriarche-jean-luc-schneider\/#breadcrumb"},"inLanguage":"fr-FR","potentialAction":[{"@type":"ReadAction","target":["https:\/\/ena-kinouest.net\/index.php\/2023\/06\/28\/un-seul-corps-les-jeunes-reunis-ensemble-au-stade-des-martyrs-de-kinshasa-avec-lapotre-patriarche-jean-luc-schneider\/"]}]},{"@type":"ImageObject","inLanguage":"fr-FR","@id":"https:\/\/ena-kinouest.net\/index.php\/2023\/06\/28\/un-seul-corps-les-jeunes-reunis-ensemble-au-stade-des-martyrs-de-kinshasa-avec-lapotre-patriarche-jean-luc-schneider\/#primaryimage","url":"https:\/\/i0.wp.com\/ena-kinouest.net\/wp-content\/uploads\/2023\/06\/IMG-20220713-WA0044.jpg?fit=1250%2C834&ssl=1","contentUrl":"https:\/\/i0.wp.com\/ena-kinouest.net\/wp-content\/uploads\/2023\/06\/IMG-20220713-WA0044.jpg?fit=1250%2C834&ssl=1","width":1250,"height":834},{"@type":"BreadcrumbList","@id":"https:\/\/ena-kinouest.net\/index.php\/2023\/06\/28\/un-seul-corps-les-jeunes-reunis-ensemble-au-stade-des-martyrs-de-kinshasa-avec-lapotre-patriarche-jean-luc-schneider\/#breadcrumb","itemListElement":[{"@type":"ListItem","position":1,"name":"Accueil","item":"https:\/\/ena-kinouest.net\/"},{"@type":"ListItem","position":2,"name":"Un seul corps : les jeunes r\u00e9unis ensemble au Stade des Martyrs de Kinshasa avec l&rsquo;Ap\u00f4tre-Patriarche Jean-Luc Schneider"}]},{"@type":"WebSite","@id":"https:\/\/ena-kinouest.net\/#website","url":"https:\/\/ena-kinouest.net\/","name":"Eglise N\u00e9o-Apostolique Kinshasa Ouest","description":"","publisher":{"@id":"https:\/\/ena-kinouest.net\/#organization"},"alternateName":"ENA Kin-Ouest","potentialAction":[{"@type":"SearchAction","target":{"@type":"EntryPoint","urlTemplate":"https:\/\/ena-kinouest.net\/?s={search_term_string}"},"query-input":{"@type":"PropertyValueSpecification","valueRequired":true,"valueName":"search_term_string"}}],"inLanguage":"fr-FR"},{"@type":"Organization","@id":"https:\/\/ena-kinouest.net\/#organization","name":"Eglise N\u00e9o-Apostolique Kinshasa Ouest","url":"https:\/\/ena-kinouest.net\/","logo":{"@type":"ImageObject","inLanguage":"fr-FR","@id":"https:\/\/ena-kinouest.net\/#\/schema\/logo\/image\/","url":"https:\/\/ena-kinouest.net\/wp-content\/uploads\/2023\/06\/Nak_logo.svg","contentUrl":"https:\/\/ena-kinouest.net\/wp-content\/uploads\/2023\/06\/Nak_logo.svg","width":1493,"height":1491,"caption":"Eglise N\u00e9o-Apostolique Kinshasa Ouest"},"image":{"@id":"https:\/\/ena-kinouest.net\/#\/schema\/logo\/image\/"},"sameAs":["https:\/\/web.facebook.com\/enardcouest","https:\/\/www.youtube.com\/@egliseneo-apostoliquekin-o4002"]},{"@type":"Person","@id":"https:\/\/ena-kinouest.net\/#\/schema\/person\/f7334ed5e23ccc9abd2568d6259181a8","name":"Richard Ndambo","image":{"@type":"ImageObject","inLanguage":"fr-FR","@id":"https:\/\/ena-kinouest.net\/#\/schema\/person\/image\/","url":"https:\/\/secure.gravatar.com\/avatar\/c6d701f2601c5305f8f43857230b2d8c2a589cb3e8df57744a048d17f21f7868?s=96&d=mm&r=g","contentUrl":"https:\/\/secure.gravatar.com\/avatar\/c6d701f2601c5305f8f43857230b2d8c2a589cb3e8df57744a048d17f21f7868?s=96&d=mm&r=g","caption":"Richard Ndambo"},"sameAs":["https:\/\/ena-kinouest.net"],"url":"https:\/\/ena-kinouest.net\/index.php\/author\/rndambo\/"}]}},"jetpack_featured_media_url":"https:\/\/i0.wp.com\/ena-kinouest.net\/wp-content\/uploads\/2023\/06\/IMG-20220713-WA0044.jpg?fit=1250%2C834&ssl=1","jetpack-related-posts":[],"jetpack_sharing_enabled":true,"_links":{"self":[{"href":"https:\/\/ena-kinouest.net\/index.php\/wp-json\/wp\/v2\/posts\/144","targetHints":{"allow":["GET"]}}],"collection":[{"href":"https:\/\/ena-kinouest.net\/index.php\/wp-json\/wp\/v2\/posts"}],"about":[{"href":"https:\/\/ena-kinouest.net\/index.php\/wp-json\/wp\/v2\/types\/post"}],"author":[{"embeddable":true,"href":"https:\/\/ena-kinouest.net\/index.php\/wp-json\/wp\/v2\/users\/1"}],"replies":[{"embeddable":true,"href":"https:\/\/ena-kinouest.net\/index.php\/wp-json\/wp\/v2\/comments?post=144"}],"version-history":[{"count":8,"href":"https:\/\/ena-kinouest.net\/index.php\/wp-json\/wp\/v2\/posts\/144\/revisions"}],"predecessor-version":[{"id":553,"href":"https:\/\/ena-kinouest.net\/index.php\/wp-json\/wp\/v2\/posts\/144\/revisions\/553"}],"wp:featuredmedia":[{"embeddable":true,"href":"https:\/\/ena-kinouest.net\/index.php\/wp-json\/wp\/v2\/media\/145"}],"wp:attachment":[{"href":"https:\/\/ena-kinouest.net\/index.php\/wp-json\/wp\/v2\/media?parent=144"}],"wp:term":[{"taxonomy":"category","embeddable":true,"href":"https:\/\/ena-kinouest.net\/index.php\/wp-json\/wp\/v2\/categories?post=144"},{"taxonomy":"post_tag","embeddable":true,"href":"https:\/\/ena-kinouest.net\/index.php\/wp-json\/wp\/v2\/tags?post=144"}],"curies":[{"name":"wp","href":"https:\/\/api.w.org\/{rel}","templated":true}]}}