{"id":156,"date":"2023-06-29T09:03:12","date_gmt":"2023-06-29T07:03:12","guid":{"rendered":"https:\/\/ena-kinouest.net\/?p=156"},"modified":"2025-06-30T11:39:30","modified_gmt":"2025-06-30T09:39:30","slug":"triple-preparation-a-limete-central-avec-lapotre-de-district-michael-deppner","status":"publish","type":"post","link":"https:\/\/ena-kinouest.net\/index.php\/2023\/06\/29\/triple-preparation-a-limete-central-avec-lapotre-de-district-michael-deppner\/","title":{"rendered":"Triple pr\u00e9paration \u00e0 Limete Central avec l\u2019ap\u00f4tre de district Michael Deppner"},"content":{"rendered":"\t\t<div data-elementor-type=\"wp-post\" data-elementor-id=\"156\" class=\"elementor elementor-156\">\n\t\t\t\t\t\t<section class=\"elementor-section elementor-top-section elementor-element elementor-element-a84aea3 elementor-section-boxed elementor-section-height-default elementor-section-height-default\" data-id=\"a84aea3\" data-element_type=\"section\">\n\t\t\t\t\t\t<div class=\"elementor-container elementor-column-gap-default\">\n\t\t\t\t\t<div class=\"elementor-column elementor-col-100 elementor-top-column elementor-element elementor-element-a9c4695\" data-id=\"a9c4695\" data-element_type=\"column\">\n\t\t\t<div class=\"elementor-widget-wrap elementor-element-populated\">\n\t\t\t\t\t\t<div class=\"elementor-element elementor-element-f7ea637 elementor-widget elementor-widget-text-editor\" data-id=\"f7ea637\" data-element_type=\"widget\" data-widget_type=\"text-editor.default\">\n\t\t\t\t<div class=\"elementor-widget-container\">\n\t\t\t\t\t\t\t\t\t<p><b>Le service divin c\u00e9l\u00e9br\u00e9 le dimanche 25 juin 2023 par l&rsquo;ap\u00f4tre de district Michael Deppner, dans la communaut\u00e9 de Limete Central, a \u00e9t\u00e9 une rencontre de pr\u00e9paration en pr\u00e9vision de la prochaine visite de l&rsquo;ap\u00f4tre patriarche Jean-Luc Schneider en R\u00e9publique D\u00e9mocratique du Congo. Mais ce n&rsquo;est pas tout. Elle pr\u00e9par<\/b><b>ait<\/b><b> aussi les fid\u00e8les \u00e0 deux autres \u00e9v\u00e9nements \u00e0 venir.<\/b><\/p>\t\t\t\t\t\t\t\t<\/div>\n\t\t\t\t<\/div>\n\t\t\t\t\t<\/div>\n\t\t<\/div>\n\t\t\t\t\t<\/div>\n\t\t<\/section>\n\t\t\t\t<section class=\"elementor-section elementor-top-section elementor-element elementor-element-57c7bbe elementor-section-boxed elementor-section-height-default elementor-section-height-default\" data-id=\"57c7bbe\" data-element_type=\"section\">\n\t\t\t\t\t\t<div class=\"elementor-container elementor-column-gap-default\">\n\t\t\t\t\t<div class=\"elementor-column elementor-col-100 elementor-top-column elementor-element elementor-element-7087ae7\" data-id=\"7087ae7\" data-element_type=\"column\">\n\t\t\t<div class=\"elementor-widget-wrap elementor-element-populated\">\n\t\t\t\t\t\t<div class=\"elementor-element elementor-element-b8894cb elementor-widget elementor-widget-image\" data-id=\"b8894cb\" data-element_type=\"widget\" data-widget_type=\"image.default\">\n\t\t\t\t<div class=\"elementor-widget-container\">\n\t\t\t\t\t\t\t\t\t\t\t\t\t\t\t<img decoding=\"async\" src=\"https:\/\/i0.wp.com\/ena-kinouest.net\/wp-content\/uploads\/2023\/06\/apd-deppner-limete-congo-ouest-1.jpg?fit=1024%2C500&#038;ssl=1\" title=\"apd deppner limete congo ouest 1\" alt=\"apd deppner limete congo ouest 1\" loading=\"lazy\" \/>\t\t\t\t\t\t\t\t\t\t\t\t\t\t\t<\/div>\n\t\t\t\t<\/div>\n\t\t\t\t<div class=\"elementor-element elementor-element-96a7c5e elementor-widget elementor-widget-heading\" data-id=\"96a7c5e\" data-element_type=\"widget\" data-widget_type=\"heading.default\">\n\t\t\t\t<div class=\"elementor-widget-container\">\n\t\t\t\t\t<h2 class=\"elementor-heading-title elementor-size-default\">Un dimanche, une triple pr\u00e9paration<\/h2>\t\t\t\t<\/div>\n\t\t\t\t<\/div>\n\t\t\t\t<div class=\"elementor-element elementor-element-d8cb0a8 elementor-widget elementor-widget-text-editor\" data-id=\"d8cb0a8\" data-element_type=\"widget\" data-widget_type=\"text-editor.default\">\n\t\t\t\t<div class=\"elementor-widget-container\">\n\t\t\t\t\t\t\t\t\t<p><span style=\"color: var( --e-global-color-text ); font-family: var( --e-global-typography-text-font-family ), Sans-serif; font-size: 1rem;\">Le service divin qui s&rsquo;est d\u00e9roul\u00e9 le 25 juin 2023 \u00e0 la communaut\u00e9 de Limete Central \u00e9tait en quelque sorte une r\u00e9p\u00e9tition g\u00e9n\u00e9rale pour cet \u00e9v\u00e9nement \u00e0 venir. L&rsquo;assembl\u00e9e \u00e9tait principalement constitu\u00e9e d&rsquo;encadreurs appartenant \u00e0 diff\u00e9rentes composantes de l&rsquo;\u00c9glise, venus de tous les districts de la ville de Kinshasa, de choristes s\u00e9lectionn\u00e9s pour constituer le ch\u0153ur, ainsi que de membres de toutes les commissions charg\u00e9es de l&rsquo;organisation de la prochaine visite de l&rsquo;ap\u00f4tre patriarche Jean Luc Schneider.<\/span><\/p><p><span style=\"font-weight: 400;\">Cependant, il ne s&rsquo;agissait pas seulement d&rsquo;une simple pr\u00e9paration, mais plut\u00f4t d&rsquo;une pr\u00e9paration \u00e0 triple dimension, comme l&rsquo;a soulign\u00e9 l&rsquo;officiant d\u00e8s le d\u00e9but de sa pr\u00e9dication. La parole biblique qui a servi de base \u00e0 la pr\u00e9dication du jour a \u00e9t\u00e9 tir\u00e9e de l&rsquo;\u00c9vangile selon Matthieu 5 :16 (<\/span><span style=\"font-weight: 400;\">\u2018\u2019<\/span><span style=\"font-weight: 400;\">Que, de la m\u00eame mani\u00e8re, votre lumi\u00e8re brille devant les hommes afin qu&rsquo;ils voient votre belle mani\u00e8re d&rsquo;agir et qu&rsquo;ainsi ils c\u00e9l\u00e8brent la gloire de votre P\u00e8re c\u00e9leste\u2019\u2019).<\/span><\/p><p><span style=\"font-weight: 400;\">La premi\u00e8re dimension de la pr\u00e9paration \u00e9tait bien s\u00fbr li\u00e9e \u00e0 la visite au Congo du pr\u00e9sident mondial de l&rsquo;\u00c9glise n\u00e9o-apostolique. Pour l&rsquo;ap\u00f4tre de district, \u00ab\u00a0la pr\u00e9paration spirituelle est plus importante\u00a0\u00bb que toute autre consid\u00e9ration organisationnelle. Car \u00ab\u00a0la quantit\u00e9 de force et de consolation que nous pouvons avoir sera fonction de notre pr\u00e9paration\u00a0\u00bb. Son souhait est qu\u2019\u00e0 la suite de cet \u00e9v\u00e9nement que chacun soit abondamment b\u00e9ni et \u00ab\u00a0que personne ne reparte les mains vides\u00a0\u00bb, <\/span><span style=\"font-weight: 400;\">dixit l\u2019h\u00f4te de ces activit\u00e9s<\/span><span style=\"font-weight: 400;\">.<\/span><\/p><p><span style=\"font-weight: 400;\">La deuxi\u00e8me dimension concerne l&rsquo;\u0153uvre d&rsquo;amour qui serait accomplie le premier dimanche du mois de juillet, en faveur des \u00e2mes de l&rsquo;au-del\u00e0. Et la troisi\u00e8me concerne le retour du Christ. L&rsquo;officiant du jour a soulign\u00e9 que cette pr\u00e9paration pour le Royaume de Dieu ne pouvait pas \u00eatre mise en suspens, quelle que soit la raison, <\/span><span style=\"font-weight: 400;\">sachant que c\u2019est la plus importante de toutes<\/span><span style=\"font-weight: 400;\">.<\/span><\/p>\t\t\t\t\t\t\t\t<\/div>\n\t\t\t\t<\/div>\n\t\t\t\t<div class=\"elementor-element elementor-element-1baa252 elementor--h-position-center elementor--v-position-middle elementor-arrows-position-inside elementor-pagination-position-inside elementor-widget elementor-widget-slides\" data-id=\"1baa252\" data-element_type=\"widget\" data-settings=\"{&quot;navigation&quot;:&quot;both&quot;,&quot;autoplay&quot;:&quot;yes&quot;,&quot;pause_on_hover&quot;:&quot;yes&quot;,&quot;pause_on_interaction&quot;:&quot;yes&quot;,&quot;autoplay_speed&quot;:5000,&quot;infinite&quot;:&quot;yes&quot;,&quot;transition&quot;:&quot;slide&quot;,&quot;transition_speed&quot;:500}\" data-widget_type=\"slides.default\">\n\t\t\t\t<div class=\"elementor-widget-container\">\n\t\t\t\t\t\t\t<div class=\"elementor-swiper\">\n\t\t\t<div class=\"elementor-slides-wrapper elementor-main-swiper swiper-container\" dir=\"ltr\" data-animation=\"fadeInUp\">\n\t\t\t\t<div class=\"swiper-wrapper elementor-slides\">\n\t\t\t\t\t\t\t\t\t\t<div class=\"elementor-repeater-item-2b3bee7 swiper-slide\"><div class=\"swiper-slide-bg\"><\/div><div class=\"swiper-slide-inner\" ><div class=\"swiper-slide-contents\"><\/div><\/div><\/div><div class=\"elementor-repeater-item-b1acb50 swiper-slide\"><div class=\"swiper-slide-bg\"><\/div><div class=\"swiper-slide-inner\" ><div class=\"swiper-slide-contents\"><\/div><\/div><\/div><div class=\"elementor-repeater-item-4a6dbda swiper-slide\"><div class=\"swiper-slide-bg\"><\/div><div class=\"swiper-slide-inner\" ><div class=\"swiper-slide-contents\"><\/div><\/div><\/div><div class=\"elementor-repeater-item-fd895d9 swiper-slide\"><div class=\"swiper-slide-bg\"><\/div><div class=\"swiper-slide-inner\" ><div class=\"swiper-slide-contents\"><\/div><\/div><\/div><div class=\"elementor-repeater-item-fd3b079 swiper-slide\"><div class=\"swiper-slide-bg\"><\/div><div class=\"swiper-slide-inner\" ><div class=\"swiper-slide-contents\"><\/div><\/div><\/div><div class=\"elementor-repeater-item-ec8b9e4 swiper-slide\"><div class=\"swiper-slide-bg\"><\/div><div class=\"swiper-slide-inner\" ><div class=\"swiper-slide-contents\"><\/div><\/div><\/div><div class=\"elementor-repeater-item-24c2e7b swiper-slide\"><div class=\"swiper-slide-bg\"><\/div><div class=\"swiper-slide-inner\" ><div class=\"swiper-slide-contents\"><\/div><\/div><\/div><div class=\"elementor-repeater-item-e390ff8 swiper-slide\"><div class=\"swiper-slide-bg\"><\/div><div class=\"swiper-slide-inner\" ><div class=\"swiper-slide-contents\"><\/div><\/div><\/div>\t\t\t\t<\/div>\n\t\t\t\t\t\t\t\t\t\t\t\t\t\t\t<div class=\"swiper-pagination\"><\/div>\n\t\t\t\t\t\t\t\t\t\t\t\t\t\t\t\t<div class=\"elementor-swiper-button elementor-swiper-button-prev\">\n\t\t\t\t\t\t\t<i aria-hidden=\"true\" class=\"eicon-chevron-left\"><\/i>\t\t\t\t\t\t\t<span class=\"elementor-screen-only\">Previous<\/span>\n\t\t\t\t\t\t<\/div>\n\t\t\t\t\t\t<div class=\"elementor-swiper-button elementor-swiper-button-next\">\n\t\t\t\t\t\t\t<i aria-hidden=\"true\" class=\"eicon-chevron-right\"><\/i>\t\t\t\t\t\t\t<span class=\"elementor-screen-only\">Next<\/span>\n\t\t\t\t\t\t<\/div>\n\t\t\t\t\t\t\t\t\t\t\t\t<\/div>\n\t\t<\/div>\n\t\t\t\t\t\t<\/div>\n\t\t\t\t<\/div>\n\t\t\t\t<div class=\"elementor-element elementor-element-219d4a0 elementor-widget elementor-widget-heading\" data-id=\"219d4a0\" data-element_type=\"widget\" data-widget_type=\"heading.default\">\n\t\t\t\t<div class=\"elementor-widget-container\">\n\t\t\t\t\t<h2 class=\"elementor-heading-title elementor-size-default\">Faire briller sa lumi\u00e8re comme Christ<\/h2>\t\t\t\t<\/div>\n\t\t\t\t<\/div>\n\t\t\t\t<div class=\"elementor-element elementor-element-140311f elementor-widget elementor-widget-text-editor\" data-id=\"140311f\" data-element_type=\"widget\" data-widget_type=\"text-editor.default\">\n\t\t\t\t<div class=\"elementor-widget-container\">\n\t\t\t\t\t\t\t\t\t<p><span style=\"color: var( --e-global-color-text ); font-family: var( --e-global-typography-text-font-family ), Sans-serif; font-size: 1rem;\">Pour cette triple pr\u00e9paration, l&rsquo;instruction donn\u00e9e \u00e9tait simple : \u00ab&nbsp;faire briller la lumi\u00e8re qui est en toi et celle qui est en moi&nbsp;\u00bb, a insist\u00e9 l&rsquo;ap\u00f4tre de district. Nous devons le faire en suivant Christ, notre mod\u00e8le, qui est la lumi\u00e8re du monde (Jean 8:12). Nous devons suivre <\/span><span style=\"color: var( --e-global-color-text ); font-family: var( --e-global-typography-text-font-family ), Sans-serif; font-size: 1rem;\">ses<\/span><span style=\"color: var( --e-global-color-text ); font-family: var( --e-global-typography-text-font-family ), Sans-serif; font-size: 1rem;\"> instructions et marcher dans la lumi\u00e8re. C&rsquo;est ainsi que notre lumi\u00e8re brillera \u00e0 travers nos \u0153uvres d&rsquo;amour, en parole et surtout en acte. Notre lumi\u00e8re sera une aide pour le prochain, que ce soit ici sur terre, ou dans l&rsquo;au-del\u00e0.<\/span><br><\/p>\n<p><span style=\"font-weight: 400;\">Il est \u00e0 noter que le service divin <\/span><span style=\"font-weight: 400;\">qu\u2019officiera <\/span><span style=\"font-weight: 400;\">l&rsquo;Ap\u00f4tre Patriarche Jean-Luc Schneider le 16 juillet 2023 \u00e0 la Communaut\u00e9 Limete Central sera diffus\u00e9 simultan\u00e9ment sur RTNC, Digital Congo TV et la cha\u00eene YouTube de l&rsquo;\u00c9glise territoriale de la RD Congo Ouest. Les places au sein de la chapelle <\/span><span style=\"font-weight: 400;\">\u00e9tant <\/span><span style=\"font-weight: 400;\">limit\u00e9es, les autres membres sont pri\u00e9s de rester dans leurs communaut\u00e9s respectives, <\/span><span style=\"font-weight: 400;\">tout en demeurant dans l\u2019unit\u00e9 du Saint-Esprit.<\/span><\/p>\t\t\t\t\t\t\t\t<\/div>\n\t\t\t\t<\/div>\n\t\t\t\t\t<\/div>\n\t\t<\/div>\n\t\t\t\t\t<\/div>\n\t\t<\/section>\n\t\t\t\t<\/div>\n\t\t","protected":false},"excerpt":{"rendered":"<p>Le service divin c\u00e9l\u00e9br\u00e9 le dimanche 25 juin 2023 par l&rsquo;ap\u00f4tre de district Michael Deppner, dans la communaut\u00e9 de Limete Central, a \u00e9t\u00e9 une rencontre de pr\u00e9paration en pr\u00e9vision de la prochaine visite de l&rsquo;ap\u00f4tre patriarche Jean-Luc Schneider en R\u00e9publique D\u00e9mocratique du Congo. Mais ce n&rsquo;est pas tout. Elle pr\u00e9parait aussi les fid\u00e8les \u00e0 deux [&hellip;]<\/p>\n","protected":false},"author":1,"featured_media":172,"comment_status":"open","ping_status":"open","sticky":false,"template":"","format":"standard","meta":{"_jetpack_memberships_contains_paid_content":false,"footnotes":""},"categories":[8,16,12],"tags":[],"class_list":["post-156","post","type-post","status-publish","format-standard","has-post-thumbnail","hentry","category-annonce","category-apotre-de-district","category-jeunesse"],"yoast_head":"<!-- This site is optimized with the Yoast SEO plugin v25.3.1 - https:\/\/yoast.com\/wordpress\/plugins\/seo\/ -->\n<title>Triple pr\u00e9paration \u00e0 Limete Central avec l\u2019ap\u00f4tre de district Michael Deppner - Eglise N\u00e9o-Apostolique Kinshasa Ouest<\/title>\n<meta name=\"robots\" content=\"index, follow, max-snippet:-1, max-image-preview:large, max-video-preview:-1\" \/>\n<link rel=\"canonical\" href=\"https:\/\/ena-kinouest.net\/index.php\/2023\/06\/29\/triple-preparation-a-limete-central-avec-lapotre-de-district-michael-deppner\/\" \/>\n<meta property=\"og:locale\" content=\"fr_FR\" \/>\n<meta property=\"og:type\" content=\"article\" \/>\n<meta property=\"og:title\" content=\"Triple pr\u00e9paration \u00e0 Limete Central avec l\u2019ap\u00f4tre de district Michael Deppner - Eglise N\u00e9o-Apostolique Kinshasa Ouest\" \/>\n<meta property=\"og:description\" content=\"Le service divin c\u00e9l\u00e9br\u00e9 le dimanche 25 juin 2023 par l&rsquo;ap\u00f4tre de district Michael Deppner, dans la communaut\u00e9 de Limete Central, a \u00e9t\u00e9 une rencontre de pr\u00e9paration en pr\u00e9vision de la prochaine visite de l&rsquo;ap\u00f4tre patriarche Jean-Luc Schneider en R\u00e9publique D\u00e9mocratique du Congo. Mais ce n&rsquo;est pas tout. Elle pr\u00e9parait aussi les fid\u00e8les \u00e0 deux [&hellip;]\" \/>\n<meta property=\"og:url\" content=\"https:\/\/ena-kinouest.net\/index.php\/2023\/06\/29\/triple-preparation-a-limete-central-avec-lapotre-de-district-michael-deppner\/\" \/>\n<meta property=\"og:site_name\" content=\"Eglise N\u00e9o-Apostolique Kinshasa Ouest\" \/>\n<meta property=\"article:publisher\" content=\"https:\/\/web.facebook.com\/enardcouest\" \/>\n<meta property=\"article:published_time\" content=\"2023-06-29T07:03:12+00:00\" \/>\n<meta property=\"article:modified_time\" content=\"2025-06-30T09:39:30+00:00\" \/>\n<meta property=\"og:image\" content=\"https:\/\/ena-kinouest.net\/wp-content\/uploads\/2023\/06\/apd-deppner-limete-congo-ouest-10.jpg\" \/>\n\t<meta property=\"og:image:width\" content=\"1250\" \/>\n\t<meta property=\"og:image:height\" content=\"835\" \/>\n\t<meta property=\"og:image:type\" content=\"image\/jpeg\" \/>\n<meta name=\"author\" content=\"Richard Ndambo\" \/>\n<meta name=\"twitter:card\" content=\"summary_large_image\" \/>\n<meta name=\"twitter:label1\" content=\"\u00c9crit par\" \/>\n\t<meta name=\"twitter:data1\" content=\"Richard Ndambo\" \/>\n\t<meta name=\"twitter:label2\" content=\"Dur\u00e9e de lecture estim\u00e9e\" \/>\n\t<meta name=\"twitter:data2\" content=\"4 minutes\" \/>\n<script type=\"application\/ld+json\" class=\"yoast-schema-graph\">{\"@context\":\"https:\/\/schema.org\",\"@graph\":[{\"@type\":\"Article\",\"@id\":\"https:\/\/ena-kinouest.net\/index.php\/2023\/06\/29\/triple-preparation-a-limete-central-avec-lapotre-de-district-michael-deppner\/#article\",\"isPartOf\":{\"@id\":\"https:\/\/ena-kinouest.net\/index.php\/2023\/06\/29\/triple-preparation-a-limete-central-avec-lapotre-de-district-michael-deppner\/\"},\"author\":{\"name\":\"Richard Ndambo\",\"@id\":\"https:\/\/ena-kinouest.net\/#\/schema\/person\/f7334ed5e23ccc9abd2568d6259181a8\"},\"headline\":\"Triple pr\u00e9paration \u00e0 Limete Central avec l\u2019ap\u00f4tre de district Michael Deppner\",\"datePublished\":\"2023-06-29T07:03:12+00:00\",\"dateModified\":\"2025-06-30T09:39:30+00:00\",\"mainEntityOfPage\":{\"@id\":\"https:\/\/ena-kinouest.net\/index.php\/2023\/06\/29\/triple-preparation-a-limete-central-avec-lapotre-de-district-michael-deppner\/\"},\"wordCount\":629,\"commentCount\":11,\"publisher\":{\"@id\":\"https:\/\/ena-kinouest.net\/#organization\"},\"image\":{\"@id\":\"https:\/\/ena-kinouest.net\/index.php\/2023\/06\/29\/triple-preparation-a-limete-central-avec-lapotre-de-district-michael-deppner\/#primaryimage\"},\"thumbnailUrl\":\"https:\/\/i0.wp.com\/ena-kinouest.net\/wp-content\/uploads\/2023\/06\/apd-deppner-limete-congo-ouest-10.jpg?fit=1250%2C835&ssl=1\",\"articleSection\":[\"annonce\",\"ap\u00f4tre de district\",\"jeunesse\"],\"inLanguage\":\"fr-FR\",\"potentialAction\":[{\"@type\":\"CommentAction\",\"name\":\"Comment\",\"target\":[\"https:\/\/ena-kinouest.net\/index.php\/2023\/06\/29\/triple-preparation-a-limete-central-avec-lapotre-de-district-michael-deppner\/#respond\"]}]},{\"@type\":\"WebPage\",\"@id\":\"https:\/\/ena-kinouest.net\/index.php\/2023\/06\/29\/triple-preparation-a-limete-central-avec-lapotre-de-district-michael-deppner\/\",\"url\":\"https:\/\/ena-kinouest.net\/index.php\/2023\/06\/29\/triple-preparation-a-limete-central-avec-lapotre-de-district-michael-deppner\/\",\"name\":\"Triple pr\u00e9paration \u00e0 Limete Central avec l\u2019ap\u00f4tre de district Michael Deppner - Eglise N\u00e9o-Apostolique Kinshasa Ouest\",\"isPartOf\":{\"@id\":\"https:\/\/ena-kinouest.net\/#website\"},\"primaryImageOfPage\":{\"@id\":\"https:\/\/ena-kinouest.net\/index.php\/2023\/06\/29\/triple-preparation-a-limete-central-avec-lapotre-de-district-michael-deppner\/#primaryimage\"},\"image\":{\"@id\":\"https:\/\/ena-kinouest.net\/index.php\/2023\/06\/29\/triple-preparation-a-limete-central-avec-lapotre-de-district-michael-deppner\/#primaryimage\"},\"thumbnailUrl\":\"https:\/\/i0.wp.com\/ena-kinouest.net\/wp-content\/uploads\/2023\/06\/apd-deppner-limete-congo-ouest-10.jpg?fit=1250%2C835&ssl=1\",\"datePublished\":\"2023-06-29T07:03:12+00:00\",\"dateModified\":\"2025-06-30T09:39:30+00:00\",\"breadcrumb\":{\"@id\":\"https:\/\/ena-kinouest.net\/index.php\/2023\/06\/29\/triple-preparation-a-limete-central-avec-lapotre-de-district-michael-deppner\/#breadcrumb\"},\"inLanguage\":\"fr-FR\",\"potentialAction\":[{\"@type\":\"ReadAction\",\"target\":[\"https:\/\/ena-kinouest.net\/index.php\/2023\/06\/29\/triple-preparation-a-limete-central-avec-lapotre-de-district-michael-deppner\/\"]}]},{\"@type\":\"ImageObject\",\"inLanguage\":\"fr-FR\",\"@id\":\"https:\/\/ena-kinouest.net\/index.php\/2023\/06\/29\/triple-preparation-a-limete-central-avec-lapotre-de-district-michael-deppner\/#primaryimage\",\"url\":\"https:\/\/i0.wp.com\/ena-kinouest.net\/wp-content\/uploads\/2023\/06\/apd-deppner-limete-congo-ouest-10.jpg?fit=1250%2C835&ssl=1\",\"contentUrl\":\"https:\/\/i0.wp.com\/ena-kinouest.net\/wp-content\/uploads\/2023\/06\/apd-deppner-limete-congo-ouest-10.jpg?fit=1250%2C835&ssl=1\",\"width\":1250,\"height\":835},{\"@type\":\"BreadcrumbList\",\"@id\":\"https:\/\/ena-kinouest.net\/index.php\/2023\/06\/29\/triple-preparation-a-limete-central-avec-lapotre-de-district-michael-deppner\/#breadcrumb\",\"itemListElement\":[{\"@type\":\"ListItem\",\"position\":1,\"name\":\"Accueil\",\"item\":\"https:\/\/ena-kinouest.net\/\"},{\"@type\":\"ListItem\",\"position\":2,\"name\":\"Triple pr\u00e9paration \u00e0 Limete Central avec l\u2019ap\u00f4tre de district Michael Deppner\"}]},{\"@type\":\"WebSite\",\"@id\":\"https:\/\/ena-kinouest.net\/#website\",\"url\":\"https:\/\/ena-kinouest.net\/\",\"name\":\"Eglise N\u00e9o-Apostolique Kinshasa Ouest\",\"description\":\"\",\"publisher\":{\"@id\":\"https:\/\/ena-kinouest.net\/#organization\"},\"alternateName\":\"ENA Kin-Ouest\",\"potentialAction\":[{\"@type\":\"SearchAction\",\"target\":{\"@type\":\"EntryPoint\",\"urlTemplate\":\"https:\/\/ena-kinouest.net\/?s={search_term_string}\"},\"query-input\":{\"@type\":\"PropertyValueSpecification\",\"valueRequired\":true,\"valueName\":\"search_term_string\"}}],\"inLanguage\":\"fr-FR\"},{\"@type\":\"Organization\",\"@id\":\"https:\/\/ena-kinouest.net\/#organization\",\"name\":\"Eglise N\u00e9o-Apostolique Kinshasa Ouest\",\"url\":\"https:\/\/ena-kinouest.net\/\",\"logo\":{\"@type\":\"ImageObject\",\"inLanguage\":\"fr-FR\",\"@id\":\"https:\/\/ena-kinouest.net\/#\/schema\/logo\/image\/\",\"url\":\"https:\/\/ena-kinouest.net\/wp-content\/uploads\/2023\/06\/Nak_logo.svg\",\"contentUrl\":\"https:\/\/ena-kinouest.net\/wp-content\/uploads\/2023\/06\/Nak_logo.svg\",\"width\":1493,\"height\":1491,\"caption\":\"Eglise N\u00e9o-Apostolique Kinshasa Ouest\"},\"image\":{\"@id\":\"https:\/\/ena-kinouest.net\/#\/schema\/logo\/image\/\"},\"sameAs\":[\"https:\/\/web.facebook.com\/enardcouest\",\"https:\/\/www.youtube.com\/@egliseneo-apostoliquekin-o4002\"]},{\"@type\":\"Person\",\"@id\":\"https:\/\/ena-kinouest.net\/#\/schema\/person\/f7334ed5e23ccc9abd2568d6259181a8\",\"name\":\"Richard Ndambo\",\"image\":{\"@type\":\"ImageObject\",\"inLanguage\":\"fr-FR\",\"@id\":\"https:\/\/ena-kinouest.net\/#\/schema\/person\/image\/\",\"url\":\"https:\/\/secure.gravatar.com\/avatar\/c6d701f2601c5305f8f43857230b2d8c2a589cb3e8df57744a048d17f21f7868?s=96&d=mm&r=g\",\"contentUrl\":\"https:\/\/secure.gravatar.com\/avatar\/c6d701f2601c5305f8f43857230b2d8c2a589cb3e8df57744a048d17f21f7868?s=96&d=mm&r=g\",\"caption\":\"Richard Ndambo\"},\"sameAs\":[\"https:\/\/ena-kinouest.net\"],\"url\":\"https:\/\/ena-kinouest.net\/index.php\/author\/rndambo\/\"}]}<\/script>\n<!-- \/ Yoast SEO plugin. -->","yoast_head_json":{"title":"Triple pr\u00e9paration \u00e0 Limete Central avec l\u2019ap\u00f4tre de district Michael Deppner - Eglise N\u00e9o-Apostolique Kinshasa Ouest","robots":{"index":"index","follow":"follow","max-snippet":"max-snippet:-1","max-image-preview":"max-image-preview:large","max-video-preview":"max-video-preview:-1"},"canonical":"https:\/\/ena-kinouest.net\/index.php\/2023\/06\/29\/triple-preparation-a-limete-central-avec-lapotre-de-district-michael-deppner\/","og_locale":"fr_FR","og_type":"article","og_title":"Triple pr\u00e9paration \u00e0 Limete Central avec l\u2019ap\u00f4tre de district Michael Deppner - Eglise N\u00e9o-Apostolique Kinshasa Ouest","og_description":"Le service divin c\u00e9l\u00e9br\u00e9 le dimanche 25 juin 2023 par l&rsquo;ap\u00f4tre de district Michael Deppner, dans la communaut\u00e9 de Limete Central, a \u00e9t\u00e9 une rencontre de pr\u00e9paration en pr\u00e9vision de la prochaine visite de l&rsquo;ap\u00f4tre patriarche Jean-Luc Schneider en R\u00e9publique D\u00e9mocratique du Congo. Mais ce n&rsquo;est pas tout. Elle pr\u00e9parait aussi les fid\u00e8les \u00e0 deux [&hellip;]","og_url":"https:\/\/ena-kinouest.net\/index.php\/2023\/06\/29\/triple-preparation-a-limete-central-avec-lapotre-de-district-michael-deppner\/","og_site_name":"Eglise N\u00e9o-Apostolique Kinshasa Ouest","article_publisher":"https:\/\/web.facebook.com\/enardcouest","article_published_time":"2023-06-29T07:03:12+00:00","article_modified_time":"2025-06-30T09:39:30+00:00","og_image":[{"width":1250,"height":835,"url":"https:\/\/ena-kinouest.net\/wp-content\/uploads\/2023\/06\/apd-deppner-limete-congo-ouest-10.jpg","type":"image\/jpeg"}],"author":"Richard Ndambo","twitter_card":"summary_large_image","twitter_misc":{"\u00c9crit par":"Richard Ndambo","Dur\u00e9e de lecture estim\u00e9e":"4 minutes"},"schema":{"@context":"https:\/\/schema.org","@graph":[{"@type":"Article","@id":"https:\/\/ena-kinouest.net\/index.php\/2023\/06\/29\/triple-preparation-a-limete-central-avec-lapotre-de-district-michael-deppner\/#article","isPartOf":{"@id":"https:\/\/ena-kinouest.net\/index.php\/2023\/06\/29\/triple-preparation-a-limete-central-avec-lapotre-de-district-michael-deppner\/"},"author":{"name":"Richard Ndambo","@id":"https:\/\/ena-kinouest.net\/#\/schema\/person\/f7334ed5e23ccc9abd2568d6259181a8"},"headline":"Triple pr\u00e9paration \u00e0 Limete Central avec l\u2019ap\u00f4tre de district Michael Deppner","datePublished":"2023-06-29T07:03:12+00:00","dateModified":"2025-06-30T09:39:30+00:00","mainEntityOfPage":{"@id":"https:\/\/ena-kinouest.net\/index.php\/2023\/06\/29\/triple-preparation-a-limete-central-avec-lapotre-de-district-michael-deppner\/"},"wordCount":629,"commentCount":11,"publisher":{"@id":"https:\/\/ena-kinouest.net\/#organization"},"image":{"@id":"https:\/\/ena-kinouest.net\/index.php\/2023\/06\/29\/triple-preparation-a-limete-central-avec-lapotre-de-district-michael-deppner\/#primaryimage"},"thumbnailUrl":"https:\/\/i0.wp.com\/ena-kinouest.net\/wp-content\/uploads\/2023\/06\/apd-deppner-limete-congo-ouest-10.jpg?fit=1250%2C835&ssl=1","articleSection":["annonce","ap\u00f4tre de district","jeunesse"],"inLanguage":"fr-FR","potentialAction":[{"@type":"CommentAction","name":"Comment","target":["https:\/\/ena-kinouest.net\/index.php\/2023\/06\/29\/triple-preparation-a-limete-central-avec-lapotre-de-district-michael-deppner\/#respond"]}]},{"@type":"WebPage","@id":"https:\/\/ena-kinouest.net\/index.php\/2023\/06\/29\/triple-preparation-a-limete-central-avec-lapotre-de-district-michael-deppner\/","url":"https:\/\/ena-kinouest.net\/index.php\/2023\/06\/29\/triple-preparation-a-limete-central-avec-lapotre-de-district-michael-deppner\/","name":"Triple pr\u00e9paration \u00e0 Limete Central avec l\u2019ap\u00f4tre de district Michael Deppner - Eglise N\u00e9o-Apostolique Kinshasa Ouest","isPartOf":{"@id":"https:\/\/ena-kinouest.net\/#website"},"primaryImageOfPage":{"@id":"https:\/\/ena-kinouest.net\/index.php\/2023\/06\/29\/triple-preparation-a-limete-central-avec-lapotre-de-district-michael-deppner\/#primaryimage"},"image":{"@id":"https:\/\/ena-kinouest.net\/index.php\/2023\/06\/29\/triple-preparation-a-limete-central-avec-lapotre-de-district-michael-deppner\/#primaryimage"},"thumbnailUrl":"https:\/\/i0.wp.com\/ena-kinouest.net\/wp-content\/uploads\/2023\/06\/apd-deppner-limete-congo-ouest-10.jpg?fit=1250%2C835&ssl=1","datePublished":"2023-06-29T07:03:12+00:00","dateModified":"2025-06-30T09:39:30+00:00","breadcrumb":{"@id":"https:\/\/ena-kinouest.net\/index.php\/2023\/06\/29\/triple-preparation-a-limete-central-avec-lapotre-de-district-michael-deppner\/#breadcrumb"},"inLanguage":"fr-FR","potentialAction":[{"@type":"ReadAction","target":["https:\/\/ena-kinouest.net\/index.php\/2023\/06\/29\/triple-preparation-a-limete-central-avec-lapotre-de-district-michael-deppner\/"]}]},{"@type":"ImageObject","inLanguage":"fr-FR","@id":"https:\/\/ena-kinouest.net\/index.php\/2023\/06\/29\/triple-preparation-a-limete-central-avec-lapotre-de-district-michael-deppner\/#primaryimage","url":"https:\/\/i0.wp.com\/ena-kinouest.net\/wp-content\/uploads\/2023\/06\/apd-deppner-limete-congo-ouest-10.jpg?fit=1250%2C835&ssl=1","contentUrl":"https:\/\/i0.wp.com\/ena-kinouest.net\/wp-content\/uploads\/2023\/06\/apd-deppner-limete-congo-ouest-10.jpg?fit=1250%2C835&ssl=1","width":1250,"height":835},{"@type":"BreadcrumbList","@id":"https:\/\/ena-kinouest.net\/index.php\/2023\/06\/29\/triple-preparation-a-limete-central-avec-lapotre-de-district-michael-deppner\/#breadcrumb","itemListElement":[{"@type":"ListItem","position":1,"name":"Accueil","item":"https:\/\/ena-kinouest.net\/"},{"@type":"ListItem","position":2,"name":"Triple pr\u00e9paration \u00e0 Limete Central avec l\u2019ap\u00f4tre de district Michael Deppner"}]},{"@type":"WebSite","@id":"https:\/\/ena-kinouest.net\/#website","url":"https:\/\/ena-kinouest.net\/","name":"Eglise N\u00e9o-Apostolique Kinshasa Ouest","description":"","publisher":{"@id":"https:\/\/ena-kinouest.net\/#organization"},"alternateName":"ENA Kin-Ouest","potentialAction":[{"@type":"SearchAction","target":{"@type":"EntryPoint","urlTemplate":"https:\/\/ena-kinouest.net\/?s={search_term_string}"},"query-input":{"@type":"PropertyValueSpecification","valueRequired":true,"valueName":"search_term_string"}}],"inLanguage":"fr-FR"},{"@type":"Organization","@id":"https:\/\/ena-kinouest.net\/#organization","name":"Eglise N\u00e9o-Apostolique Kinshasa Ouest","url":"https:\/\/ena-kinouest.net\/","logo":{"@type":"ImageObject","inLanguage":"fr-FR","@id":"https:\/\/ena-kinouest.net\/#\/schema\/logo\/image\/","url":"https:\/\/ena-kinouest.net\/wp-content\/uploads\/2023\/06\/Nak_logo.svg","contentUrl":"https:\/\/ena-kinouest.net\/wp-content\/uploads\/2023\/06\/Nak_logo.svg","width":1493,"height":1491,"caption":"Eglise N\u00e9o-Apostolique Kinshasa Ouest"},"image":{"@id":"https:\/\/ena-kinouest.net\/#\/schema\/logo\/image\/"},"sameAs":["https:\/\/web.facebook.com\/enardcouest","https:\/\/www.youtube.com\/@egliseneo-apostoliquekin-o4002"]},{"@type":"Person","@id":"https:\/\/ena-kinouest.net\/#\/schema\/person\/f7334ed5e23ccc9abd2568d6259181a8","name":"Richard Ndambo","image":{"@type":"ImageObject","inLanguage":"fr-FR","@id":"https:\/\/ena-kinouest.net\/#\/schema\/person\/image\/","url":"https:\/\/secure.gravatar.com\/avatar\/c6d701f2601c5305f8f43857230b2d8c2a589cb3e8df57744a048d17f21f7868?s=96&d=mm&r=g","contentUrl":"https:\/\/secure.gravatar.com\/avatar\/c6d701f2601c5305f8f43857230b2d8c2a589cb3e8df57744a048d17f21f7868?s=96&d=mm&r=g","caption":"Richard Ndambo"},"sameAs":["https:\/\/ena-kinouest.net"],"url":"https:\/\/ena-kinouest.net\/index.php\/author\/rndambo\/"}]}},"jetpack_featured_media_url":"https:\/\/i0.wp.com\/ena-kinouest.net\/wp-content\/uploads\/2023\/06\/apd-deppner-limete-congo-ouest-10.jpg?fit=1250%2C835&ssl=1","jetpack-related-posts":[],"jetpack_sharing_enabled":true,"_links":{"self":[{"href":"https:\/\/ena-kinouest.net\/index.php\/wp-json\/wp\/v2\/posts\/156","targetHints":{"allow":["GET"]}}],"collection":[{"href":"https:\/\/ena-kinouest.net\/index.php\/wp-json\/wp\/v2\/posts"}],"about":[{"href":"https:\/\/ena-kinouest.net\/index.php\/wp-json\/wp\/v2\/types\/post"}],"author":[{"embeddable":true,"href":"https:\/\/ena-kinouest.net\/index.php\/wp-json\/wp\/v2\/users\/1"}],"replies":[{"embeddable":true,"href":"https:\/\/ena-kinouest.net\/index.php\/wp-json\/wp\/v2\/comments?post=156"}],"version-history":[{"count":5,"href":"https:\/\/ena-kinouest.net\/index.php\/wp-json\/wp\/v2\/posts\/156\/revisions"}],"predecessor-version":[{"id":177,"href":"https:\/\/ena-kinouest.net\/index.php\/wp-json\/wp\/v2\/posts\/156\/revisions\/177"}],"wp:featuredmedia":[{"embeddable":true,"href":"https:\/\/ena-kinouest.net\/index.php\/wp-json\/wp\/v2\/media\/172"}],"wp:attachment":[{"href":"https:\/\/ena-kinouest.net\/index.php\/wp-json\/wp\/v2\/media?parent=156"}],"wp:term":[{"taxonomy":"category","embeddable":true,"href":"https:\/\/ena-kinouest.net\/index.php\/wp-json\/wp\/v2\/categories?post=156"},{"taxonomy":"post_tag","embeddable":true,"href":"https:\/\/ena-kinouest.net\/index.php\/wp-json\/wp\/v2\/tags?post=156"}],"curies":[{"name":"wp","href":"https:\/\/api.w.org\/{rel}","templated":true}]}}