{"id":191,"date":"2023-07-10T17:04:01","date_gmt":"2023-07-10T15:04:01","guid":{"rendered":"https:\/\/ena-kinouest.net\/?p=191"},"modified":"2025-06-30T11:40:38","modified_gmt":"2025-06-30T09:40:38","slug":"bongengi-service-divin-defunts","status":"publish","type":"post","link":"https:\/\/ena-kinouest.net\/index.php\/2023\/07\/10\/bongengi-service-divin-defunts\/","title":{"rendered":"La f\u00eate \u00e0 Bongengi, \u00e0 l\u2019occasion du service divin en faveur des d\u00e9funts"},"content":{"rendered":"\t\t<div data-elementor-type=\"wp-post\" data-elementor-id=\"191\" class=\"elementor elementor-191\">\n\t\t\t\t\t\t<section class=\"elementor-section elementor-top-section elementor-element elementor-element-73217c95 elementor-section-boxed elementor-section-height-default elementor-section-height-default\" data-id=\"73217c95\" data-element_type=\"section\">\n\t\t\t\t\t\t<div class=\"elementor-container elementor-column-gap-default\">\n\t\t\t\t\t<div class=\"elementor-column elementor-col-100 elementor-top-column elementor-element elementor-element-741b6a5e\" data-id=\"741b6a5e\" data-element_type=\"column\">\n\t\t\t<div class=\"elementor-widget-wrap elementor-element-populated\">\n\t\t\t\t\t\t<div class=\"elementor-element elementor-element-b7b098b elementor-widget elementor-widget-text-editor\" data-id=\"b7b098b\" data-element_type=\"widget\" data-widget_type=\"text-editor.default\">\n\t\t\t\t<div class=\"elementor-widget-container\">\n\t\t\t\t\t\t\t\t\t<p><span style=\"font-weight: bolder;\">Le dimanche 2 juillet 2023, comme dans toutes les communaut\u00e9s n\u00e9o-apostoliques \u00e0 travers le monde, s&rsquo;est tenu le service divin en faveur des d\u00e9funts. Cependant, \u00e0 Bongengi, cette c\u00e9l\u00e9bration a rev\u00eatu une signification particuli\u00e8re pour l&rsquo;\u00c9glise territoriale de la\u00a0<a href=\"http:\/\/www.enardc-ouest.org\/\">RD Congo Ouest<\/a>\u00a0dans son ensemble. C&rsquo;est dans cette communaut\u00e9 que l&rsquo;ap\u00f4tre de district a c\u00e9l\u00e9br\u00e9 ce service divin et a dispens\u00e9es les sacrements pour les \u00e2mes de l\u2019au-del\u00e0.<\/span><\/p>\t\t\t\t\t\t\t\t<\/div>\n\t\t\t\t<\/div>\n\t\t\t\t<div class=\"elementor-element elementor-element-5ee904d elementor-widget elementor-widget-image\" data-id=\"5ee904d\" data-element_type=\"widget\" data-widget_type=\"image.default\">\n\t\t\t\t<div class=\"elementor-widget-container\">\n\t\t\t\t\t\t\t\t\t\t\t\t\t\t\t<img decoding=\"async\" src=\"https:\/\/i0.wp.com\/ena-kinouest.net\/wp-content\/uploads\/2023\/07\/apd-michael-deppner-bongengi.jpg?fit=1024%2C500&#038;ssl=1\" title=\"apd michael deppner bongengi\" alt=\"apd michael deppner bongengi\" loading=\"lazy\" \/>\t\t\t\t\t\t\t\t\t\t\t\t\t\t\t<\/div>\n\t\t\t\t<\/div>\n\t\t\t\t<div class=\"elementor-element elementor-element-19f84ab elementor-widget elementor-widget-text-editor\" data-id=\"19f84ab\" data-element_type=\"widget\" data-widget_type=\"text-editor.default\">\n\t\t\t\t<div class=\"elementor-widget-container\">\n\t\t\t\t\t\t\t\t\t<p>Situ\u00e9e dans le champ apostolique de Kinshasa Ouest, la communaut\u00e9 Bongengi, qui signifie \u00ab\u00a0lumi\u00e8re\u00a0\u00bb (en lingala, l\u2019une de 4 langues nationales du Congo), a enfin port\u00e9 dignement son nom en ce jour sp\u00e9cial pour l&rsquo;\u00c9glise, tant dans sa partie visible que dans sa partie invisible. Comme chaque premier dimanche de juillet, de nombreuses \u00e2mes invit\u00e9es \u00e0 l&rsquo;admirable lumi\u00e8re du Christ ont re\u00e7u des mains de l&rsquo;ap\u00f4tre vivant les actes de salut.<\/p>\t\t\t\t\t\t\t\t<\/div>\n\t\t\t\t<\/div>\n\t\t\t\t<div class=\"elementor-element elementor-element-7a6de6f elementor-widget elementor-widget-heading\" data-id=\"7a6de6f\" data-element_type=\"widget\" data-widget_type=\"heading.default\">\n\t\t\t\t<div class=\"elementor-widget-container\">\n\t\t\t\t\t<h2 class=\"elementor-heading-title elementor-size-default\"><h2 data-elementor-setting-key=\"title\" data-pen-placeholder=\"\u00c9crivez ici...\" style=\"font-family: var( --e-global-typography-primary-font-family ), Sans-serif;font-weight: var( --e-global-typography-primary-font-weight )\">Un dimanche pas comme les autres<\/h2><\/h2>\t\t\t\t<\/div>\n\t\t\t\t<\/div>\n\t\t\t\t<div class=\"elementor-element elementor-element-f2a0df5 elementor-widget elementor-widget-text-editor\" data-id=\"f2a0df5\" data-element_type=\"widget\" data-widget_type=\"text-editor.default\">\n\t\t\t\t<div class=\"elementor-widget-container\">\n\t\t\t\t\t\t\t\t\t<p><span style=\"color: var( --e-global-color-text ); font-family: var( --e-global-typography-text-font-family ), Sans-serif; font-weight: var( --e-global-typography-text-font-weight ); font-size: 1rem;\">Lors de ce service divin pas comme les autres, l\u2019ap\u00f4tre de district Michael Deppner, l&rsquo;officiant du jour, a centr\u00e9 sa pr\u00e9dication autour de l&rsquo;\u00c9p\u00eetre de Paul aux Romains 10:13 (Car quiconque invoquera le nom du Seigneur sera sauv\u00e9.). Il a d\u00e8s l&rsquo;introduction pr\u00e9cis\u00e9 que c&rsquo;\u00e9tait un dimanche de f\u00eate.<\/span><\/p><p>Si nos bien-aim\u00e9s de l&rsquo;au-del\u00e0 peuvent se joindre \u00e0 nous \u00e0 chaque service divin, pourquoi ce jour est-il si particulier ? A l\u2019ambassadeur de J\u00e9sus-Christ de r\u00e9pondre\u00a0: \u00ab Aujourd&rsquo;hui, certaines [\u00e2mes] seront baptis\u00e9es (&#8230;) \u00bb. C&rsquo;est donc une f\u00eate car ces \u00e2mes rejoignent l&rsquo;\u00c9glise, \u00e9pouse du Christ\u00a0\u00bb, a-t-il ajout\u00e9.<\/p><p>L&rsquo;homme de Dieu a tenu \u00e0 insister sur le fait que \u00ab nous ne prions pas pour les morts \u00bb, mais plut\u00f4t \u00ab nous interc\u00e9dons aupr\u00e8s de Dieu pour leur salut \u00bb, car cet acte n&rsquo;est accompli que par amour, amour qui a \u00e9t\u00e9 d\u00e9vers\u00e9 dans nos c\u0153urs lors de notre Saint Sceau. Pour l&rsquo;ap\u00f4tre de district, \u00ab\u00a0cet amour nous pousse \u00e0 nous mettre au travail\u00a0\u00bb et \u00e0 faire du bien \u00e0 notre prochain, car \u00ab\u00a0les paroles ne suffisent pas, elles doivent \u00eatre \u00e9tay\u00e9es par nos actions.\u00a0\u00bb<\/p>\t\t\t\t\t\t\t\t<\/div>\n\t\t\t\t<\/div>\n\t\t\t\t<div class=\"elementor-element elementor-element-b9bd204 elementor-widget elementor-widget-heading\" data-id=\"b9bd204\" data-element_type=\"widget\" data-widget_type=\"heading.default\">\n\t\t\t\t<div class=\"elementor-widget-container\">\n\t\t\t\t\t<h2 class=\"elementor-heading-title elementor-size-default\">Toutes les invocations sont-elles exauc\u00e9es ?<\/h2>\t\t\t\t<\/div>\n\t\t\t\t<\/div>\n\t\t\t\t<div class=\"elementor-element elementor-element-5130098 elementor-widget elementor-widget-text-editor\" data-id=\"5130098\" data-element_type=\"widget\" data-widget_type=\"text-editor.default\">\n\t\t\t\t<div class=\"elementor-widget-container\">\n\t\t\t\t\t\t\t\t\t<p><span style=\"color: var( --e-global-color-text ); font-family: var( --e-global-typography-text-font-family ), Sans-serif; font-weight: var( --e-global-typography-text-font-weight ); font-size: 1rem;\">L&rsquo;ap\u00f4tre de J\u00e9sus a d\u00e9clar\u00e9 que toutes nos pri\u00e8res ne sont pas toujours exauc\u00e9es. Pourquoi ? Les explications fournies par l&rsquo;officiant du jour ont clairement montr\u00e9 que \u00ab\u00a0cela d\u00e9pend enti\u00e8rement de la volont\u00e9 de Dieu\u00a0\u00bb.<\/span><\/p><p>\u00ab\u00a0Le Seigneur, dans sa souverainet\u00e9, d\u00e9cide quand et comment il peut apporter son aide et son soutien\u00a0\u00bb, a-t-il expliqu\u00e9 \u00e0 l&rsquo;assembl\u00e9e. Cela d\u00e9pend \u00e9galement de la personne qui sollicite l&rsquo;aide de Dieu. L&rsquo;homme qui demande l&rsquo;aide de Dieu doit avoir l&rsquo;amour et reconna\u00eetre que Dieu nous aime quoi qu&rsquo;il arrive. Il doit aussi savoir que Dieu veut notre salut, a ajout\u00e9 l&rsquo;Ap\u00f4tre de district.<\/p><p>Tous ceux qui ont fait appel \u00e0 J\u00e9sus n&rsquo;ont pas toujours obtenu ce qu&rsquo;ils demandaient. Pour le prouver, l&rsquo;ap\u00f4tre de district a cit\u00e9 l&rsquo;histoire des fr\u00e8res qui se disputaient un h\u00e9ritage et celle de l&rsquo;attente des Juifs pour une d\u00e9livrance de la domination romaine. Le Fils de Dieu leur a r\u00e9pondu que cela n&rsquo;\u00e9tait pas sa mission. Il voulait plut\u00f4t amener son peuple \u00e0 une communion \u00e9ternelle avec lui (le sauver du mal), a expliqu\u00e9 l&rsquo;ambassadeur du Christ. On peut facilement imaginer leur d\u00e9ception.<\/p>\t\t\t\t\t\t\t\t<\/div>\n\t\t\t\t<\/div>\n\t\t\t\t<div class=\"elementor-element elementor-element-b6a54cd elementor--h-position-center elementor--v-position-middle elementor-arrows-position-inside elementor-pagination-position-inside elementor-widget elementor-widget-slides\" data-id=\"b6a54cd\" data-element_type=\"widget\" data-settings=\"{&quot;navigation&quot;:&quot;both&quot;,&quot;autoplay&quot;:&quot;yes&quot;,&quot;pause_on_hover&quot;:&quot;yes&quot;,&quot;pause_on_interaction&quot;:&quot;yes&quot;,&quot;autoplay_speed&quot;:5000,&quot;infinite&quot;:&quot;yes&quot;,&quot;transition&quot;:&quot;slide&quot;,&quot;transition_speed&quot;:500}\" data-widget_type=\"slides.default\">\n\t\t\t\t<div class=\"elementor-widget-container\">\n\t\t\t\t\t\t\t<div class=\"elementor-swiper\">\n\t\t\t<div class=\"elementor-slides-wrapper elementor-main-swiper swiper-container\" dir=\"ltr\" data-animation=\"fadeInUp\">\n\t\t\t\t<div class=\"swiper-wrapper elementor-slides\">\n\t\t\t\t\t\t\t\t\t\t<div class=\"elementor-repeater-item-fdae339 swiper-slide\"><div class=\"swiper-slide-bg\"><\/div><div class=\"swiper-slide-inner\" ><div class=\"swiper-slide-contents\"><\/div><\/div><\/div><div class=\"elementor-repeater-item-a66923d swiper-slide\"><div class=\"swiper-slide-bg\"><\/div><div class=\"swiper-slide-inner\" ><div class=\"swiper-slide-contents\"><\/div><\/div><\/div><div class=\"elementor-repeater-item-28457ae swiper-slide\"><div class=\"swiper-slide-bg\"><\/div><div class=\"swiper-slide-inner\" ><div class=\"swiper-slide-contents\"><\/div><\/div><\/div><div class=\"elementor-repeater-item-0a1eaba swiper-slide\"><div class=\"swiper-slide-bg\"><\/div><div class=\"swiper-slide-inner\" ><div class=\"swiper-slide-contents\"><\/div><\/div><\/div><div class=\"elementor-repeater-item-106389a swiper-slide\"><div class=\"swiper-slide-bg\"><\/div><div class=\"swiper-slide-inner\" ><div class=\"swiper-slide-contents\"><\/div><\/div><\/div>\t\t\t\t<\/div>\n\t\t\t\t\t\t\t\t\t\t\t\t\t\t\t<div class=\"swiper-pagination\"><\/div>\n\t\t\t\t\t\t\t\t\t\t\t\t\t\t\t\t<div class=\"elementor-swiper-button elementor-swiper-button-prev\">\n\t\t\t\t\t\t\t<i aria-hidden=\"true\" class=\"eicon-chevron-left\"><\/i>\t\t\t\t\t\t\t<span class=\"elementor-screen-only\">Previous<\/span>\n\t\t\t\t\t\t<\/div>\n\t\t\t\t\t\t<div class=\"elementor-swiper-button elementor-swiper-button-next\">\n\t\t\t\t\t\t\t<i aria-hidden=\"true\" class=\"eicon-chevron-right\"><\/i>\t\t\t\t\t\t\t<span class=\"elementor-screen-only\">Next<\/span>\n\t\t\t\t\t\t<\/div>\n\t\t\t\t\t\t\t\t\t\t\t\t<\/div>\n\t\t<\/div>\n\t\t\t\t\t\t<\/div>\n\t\t\t\t<\/div>\n\t\t\t\t<div class=\"elementor-element elementor-element-865755a elementor-widget elementor-widget-heading\" data-id=\"865755a\" data-element_type=\"widget\" data-widget_type=\"heading.default\">\n\t\t\t\t<div class=\"elementor-widget-container\">\n\t\t\t\t\t<h2 class=\"elementor-heading-title elementor-size-default\">Lorsqu\u2019on se demande pourquoi<\/h2>\t\t\t\t<\/div>\n\t\t\t\t<\/div>\n\t\t\t\t<div class=\"elementor-element elementor-element-0fbb349 elementor-widget elementor-widget-text-editor\" data-id=\"0fbb349\" data-element_type=\"widget\" data-widget_type=\"text-editor.default\">\n\t\t\t\t<div class=\"elementor-widget-container\">\n\t\t\t\t\t\t\t\t\t<p>Pour l&rsquo;officiant du jour, certaines \u00e2mes peuvent \u00eatre envahies par la d\u00e9ception et se demander \u00ab\u00a0pourquoi\u00a0\u00bb lorsqu&rsquo;elles avaient invoqu\u00e9 le Seigneur elles n\u2019avaient pas obtenu de r\u00e9ponse. Elles peuvent m\u00eame se poser la question de savoir pourquoi venir devant l&rsquo;autel de gr\u00e2ce aujourd\u2019hui, car elles estiment qu&rsquo;elles n&rsquo;ont plus besoin de Dieu \u00e0 pr\u00e9sent.<\/p><p>L&rsquo;exhortation de l&rsquo;Ap\u00f4tre de district est que chaque fois que nous nous posons la question \u00ab\u00a0pourquoi\u00a0\u00bb, comme Job en son temps, et m\u00eame lorsque nous n&rsquo;avons pas de r\u00e9ponses, nous ne devons pas oublier que :<\/p><ul style=\"font-size: 16px; background-color: #ffffff;\"><li style=\"font-size: 16px;\">Notre Dieu est grand et nous sommes petits, et la grandeur de son amour couvre tout le monde.<\/li><li style=\"font-size: 16px;\">Notre Dieu est mis\u00e9ricordieux, il veut le salut de tous (qu&rsquo;on soit vivant ou mort).<\/li><\/ul>\t\t\t\t\t\t\t\t<\/div>\n\t\t\t\t<\/div>\n\t\t\t\t<div class=\"elementor-element elementor-element-2e384cf3 elementor-widget elementor-widget-text-editor\" data-id=\"2e384cf3\" data-element_type=\"widget\" data-widget_type=\"text-editor.default\">\n\t\t\t\t<div class=\"elementor-widget-container\">\n\t\t\t\t\t\t\t\t\t<p><\/p>\n<p><span style=\"color: var( --e-global-color-text ); font-family: var( --e-global-typography-text-font-family ), Sans-serif; font-weight: var( --e-global-typography-text-font-weight ); font-size: 1rem;\">L&rsquo;ambassadeur de Dieu a soulign\u00e9 que lorsque nous invoquons le Seigneur, nous devons \u00eatre pr\u00eats \u00e0 faire sa volont\u00e9. La volont\u00e9 de Dieu pour les \u00e2mes d\u00e9funtes est chacun puisse s&rsquo;approcher de l&rsquo;autel de gr\u00e2ce o\u00f9 se trouve l&rsquo;ap\u00f4tre vivant pour recevoir les actes de salut. Nous devons \u00e9galement faire preuve de patience afin qu\u2019au moment venu nous puissions \u00ab&nbsp;servir et r\u00e9gner avec Christ&nbsp;\u00bb, pendant le mill\u00e9naire de paix.<\/span><\/p>\n<p>Il est \u00e0 noter que l&rsquo;ap\u00f4tre de district a profit\u00e9 de cette rencontre, avec le peuple de Dieu du champ apostolique de Kinshasa Ouest, pour sensibiliser \u00e0 propos de la <a href=\"https:\/\/ena-kinouest.net\/index.php\/2023\/06\/29\/triple-preparation-a-limete-central-avec-lapotre-de-district-michael-deppner\/\">visite de l&rsquo;ap\u00f4tre&nbsp; patriarche Jean-Luc Schneider<\/a>.<\/p>\t\t\t\t\t\t\t\t<\/div>\n\t\t\t\t<\/div>\n\t\t\t\t\t<\/div>\n\t\t<\/div>\n\t\t\t\t\t<\/div>\n\t\t<\/section>\n\t\t\t\t<\/div>\n\t\t","protected":false},"excerpt":{"rendered":"<p>Le dimanche 2 juillet 2023, comme dans toutes les communaut\u00e9s n\u00e9o-apostoliques \u00e0 travers le monde, s&rsquo;est tenu le service divin en faveur des d\u00e9funts. Cependant, \u00e0 Bongengi, cette c\u00e9l\u00e9bration a rev\u00eatu une signification particuli\u00e8re pour l&rsquo;\u00c9glise territoriale de la\u00a0RD Congo Ouest\u00a0dans son ensemble. C&rsquo;est dans cette communaut\u00e9 que l&rsquo;ap\u00f4tre de district a c\u00e9l\u00e9br\u00e9 ce service [&hellip;]<\/p>\n","protected":false},"author":2,"featured_media":212,"comment_status":"open","ping_status":"open","sticky":false,"template":"","format":"standard","meta":{"_jetpack_memberships_contains_paid_content":false,"footnotes":""},"categories":[16,24],"tags":[],"class_list":["post-191","post","type-post","status-publish","format-standard","has-post-thumbnail","hentry","category-apotre-de-district","category-kin-ouest"],"yoast_head":"<!-- This site is optimized with the Yoast SEO plugin v25.3.1 - https:\/\/yoast.com\/wordpress\/plugins\/seo\/ -->\n<title>La f\u00eate \u00e0 Bongengi, \u00e0 l\u2019occasion du service divin en faveur des d\u00e9funts - Eglise N\u00e9o-Apostolique Kinshasa Ouest<\/title>\n<meta name=\"robots\" content=\"index, follow, max-snippet:-1, max-image-preview:large, max-video-preview:-1\" \/>\n<link rel=\"canonical\" href=\"https:\/\/ena-kinouest.net\/index.php\/2023\/07\/10\/bongengi-service-divin-defunts\/\" \/>\n<meta property=\"og:locale\" content=\"fr_FR\" \/>\n<meta property=\"og:type\" content=\"article\" \/>\n<meta property=\"og:title\" content=\"La f\u00eate \u00e0 Bongengi, \u00e0 l\u2019occasion du service divin en faveur des d\u00e9funts - Eglise N\u00e9o-Apostolique Kinshasa Ouest\" \/>\n<meta property=\"og:description\" content=\"Le dimanche 2 juillet 2023, comme dans toutes les communaut\u00e9s n\u00e9o-apostoliques \u00e0 travers le monde, s&rsquo;est tenu le service divin en faveur des d\u00e9funts. Cependant, \u00e0 Bongengi, cette c\u00e9l\u00e9bration a rev\u00eatu une signification particuli\u00e8re pour l&rsquo;\u00c9glise territoriale de la\u00a0RD Congo Ouest\u00a0dans son ensemble. C&rsquo;est dans cette communaut\u00e9 que l&rsquo;ap\u00f4tre de district a c\u00e9l\u00e9br\u00e9 ce service [&hellip;]\" \/>\n<meta property=\"og:url\" content=\"https:\/\/ena-kinouest.net\/index.php\/2023\/07\/10\/bongengi-service-divin-defunts\/\" \/>\n<meta property=\"og:site_name\" content=\"Eglise N\u00e9o-Apostolique Kinshasa Ouest\" \/>\n<meta property=\"article:publisher\" content=\"https:\/\/web.facebook.com\/enardcouest\" \/>\n<meta property=\"article:published_time\" content=\"2023-07-10T15:04:01+00:00\" \/>\n<meta property=\"article:modified_time\" content=\"2025-06-30T09:40:38+00:00\" \/>\n<meta property=\"og:image\" content=\"https:\/\/ena-kinouest.net\/wp-content\/uploads\/2023\/07\/apd-michael-deppner-bongengi.jpg\" \/>\n\t<meta property=\"og:image:width\" content=\"1072\" \/>\n\t<meta property=\"og:image:height\" content=\"712\" \/>\n\t<meta property=\"og:image:type\" content=\"image\/jpeg\" \/>\n<meta name=\"author\" content=\"Jean Pierre Ilunga\" \/>\n<meta name=\"twitter:card\" content=\"summary_large_image\" \/>\n<meta name=\"twitter:label1\" content=\"\u00c9crit par\" \/>\n\t<meta name=\"twitter:data1\" content=\"Jean Pierre Ilunga\" \/>\n\t<meta name=\"twitter:label2\" content=\"Dur\u00e9e de lecture estim\u00e9e\" \/>\n\t<meta name=\"twitter:data2\" content=\"5 minutes\" \/>\n<script type=\"application\/ld+json\" class=\"yoast-schema-graph\">{\"@context\":\"https:\/\/schema.org\",\"@graph\":[{\"@type\":\"Article\",\"@id\":\"https:\/\/ena-kinouest.net\/index.php\/2023\/07\/10\/bongengi-service-divin-defunts\/#article\",\"isPartOf\":{\"@id\":\"https:\/\/ena-kinouest.net\/index.php\/2023\/07\/10\/bongengi-service-divin-defunts\/\"},\"author\":{\"name\":\"Jean Pierre Ilunga\",\"@id\":\"https:\/\/ena-kinouest.net\/#\/schema\/person\/e297bb70fcd52979fc8c90e6e9e77cf2\"},\"headline\":\"La f\u00eate \u00e0 Bongengi, \u00e0 l\u2019occasion du service divin en faveur des d\u00e9funts\",\"datePublished\":\"2023-07-10T15:04:01+00:00\",\"dateModified\":\"2025-06-30T09:40:38+00:00\",\"mainEntityOfPage\":{\"@id\":\"https:\/\/ena-kinouest.net\/index.php\/2023\/07\/10\/bongengi-service-divin-defunts\/\"},\"wordCount\":867,\"commentCount\":2,\"publisher\":{\"@id\":\"https:\/\/ena-kinouest.net\/#organization\"},\"image\":{\"@id\":\"https:\/\/ena-kinouest.net\/index.php\/2023\/07\/10\/bongengi-service-divin-defunts\/#primaryimage\"},\"thumbnailUrl\":\"https:\/\/i0.wp.com\/ena-kinouest.net\/wp-content\/uploads\/2023\/07\/apd-michael-deppner-bongengi.jpg?fit=1072%2C712&ssl=1\",\"articleSection\":[\"ap\u00f4tre de district\",\"Kin-Ouest\"],\"inLanguage\":\"fr-FR\",\"potentialAction\":[{\"@type\":\"CommentAction\",\"name\":\"Comment\",\"target\":[\"https:\/\/ena-kinouest.net\/index.php\/2023\/07\/10\/bongengi-service-divin-defunts\/#respond\"]}]},{\"@type\":\"WebPage\",\"@id\":\"https:\/\/ena-kinouest.net\/index.php\/2023\/07\/10\/bongengi-service-divin-defunts\/\",\"url\":\"https:\/\/ena-kinouest.net\/index.php\/2023\/07\/10\/bongengi-service-divin-defunts\/\",\"name\":\"La f\u00eate \u00e0 Bongengi, \u00e0 l\u2019occasion du service divin en faveur des d\u00e9funts - Eglise N\u00e9o-Apostolique Kinshasa Ouest\",\"isPartOf\":{\"@id\":\"https:\/\/ena-kinouest.net\/#website\"},\"primaryImageOfPage\":{\"@id\":\"https:\/\/ena-kinouest.net\/index.php\/2023\/07\/10\/bongengi-service-divin-defunts\/#primaryimage\"},\"image\":{\"@id\":\"https:\/\/ena-kinouest.net\/index.php\/2023\/07\/10\/bongengi-service-divin-defunts\/#primaryimage\"},\"thumbnailUrl\":\"https:\/\/i0.wp.com\/ena-kinouest.net\/wp-content\/uploads\/2023\/07\/apd-michael-deppner-bongengi.jpg?fit=1072%2C712&ssl=1\",\"datePublished\":\"2023-07-10T15:04:01+00:00\",\"dateModified\":\"2025-06-30T09:40:38+00:00\",\"breadcrumb\":{\"@id\":\"https:\/\/ena-kinouest.net\/index.php\/2023\/07\/10\/bongengi-service-divin-defunts\/#breadcrumb\"},\"inLanguage\":\"fr-FR\",\"potentialAction\":[{\"@type\":\"ReadAction\",\"target\":[\"https:\/\/ena-kinouest.net\/index.php\/2023\/07\/10\/bongengi-service-divin-defunts\/\"]}]},{\"@type\":\"ImageObject\",\"inLanguage\":\"fr-FR\",\"@id\":\"https:\/\/ena-kinouest.net\/index.php\/2023\/07\/10\/bongengi-service-divin-defunts\/#primaryimage\",\"url\":\"https:\/\/i0.wp.com\/ena-kinouest.net\/wp-content\/uploads\/2023\/07\/apd-michael-deppner-bongengi.jpg?fit=1072%2C712&ssl=1\",\"contentUrl\":\"https:\/\/i0.wp.com\/ena-kinouest.net\/wp-content\/uploads\/2023\/07\/apd-michael-deppner-bongengi.jpg?fit=1072%2C712&ssl=1\",\"width\":1072,\"height\":712},{\"@type\":\"BreadcrumbList\",\"@id\":\"https:\/\/ena-kinouest.net\/index.php\/2023\/07\/10\/bongengi-service-divin-defunts\/#breadcrumb\",\"itemListElement\":[{\"@type\":\"ListItem\",\"position\":1,\"name\":\"Accueil\",\"item\":\"https:\/\/ena-kinouest.net\/\"},{\"@type\":\"ListItem\",\"position\":2,\"name\":\"La f\u00eate \u00e0 Bongengi, \u00e0 l\u2019occasion du service divin en faveur des d\u00e9funts\"}]},{\"@type\":\"WebSite\",\"@id\":\"https:\/\/ena-kinouest.net\/#website\",\"url\":\"https:\/\/ena-kinouest.net\/\",\"name\":\"Eglise N\u00e9o-Apostolique Kinshasa Ouest\",\"description\":\"\",\"publisher\":{\"@id\":\"https:\/\/ena-kinouest.net\/#organization\"},\"alternateName\":\"ENA Kin-Ouest\",\"potentialAction\":[{\"@type\":\"SearchAction\",\"target\":{\"@type\":\"EntryPoint\",\"urlTemplate\":\"https:\/\/ena-kinouest.net\/?s={search_term_string}\"},\"query-input\":{\"@type\":\"PropertyValueSpecification\",\"valueRequired\":true,\"valueName\":\"search_term_string\"}}],\"inLanguage\":\"fr-FR\"},{\"@type\":\"Organization\",\"@id\":\"https:\/\/ena-kinouest.net\/#organization\",\"name\":\"Eglise N\u00e9o-Apostolique Kinshasa Ouest\",\"url\":\"https:\/\/ena-kinouest.net\/\",\"logo\":{\"@type\":\"ImageObject\",\"inLanguage\":\"fr-FR\",\"@id\":\"https:\/\/ena-kinouest.net\/#\/schema\/logo\/image\/\",\"url\":\"https:\/\/ena-kinouest.net\/wp-content\/uploads\/2023\/06\/Nak_logo.svg\",\"contentUrl\":\"https:\/\/ena-kinouest.net\/wp-content\/uploads\/2023\/06\/Nak_logo.svg\",\"width\":1493,\"height\":1491,\"caption\":\"Eglise N\u00e9o-Apostolique Kinshasa Ouest\"},\"image\":{\"@id\":\"https:\/\/ena-kinouest.net\/#\/schema\/logo\/image\/\"},\"sameAs\":[\"https:\/\/web.facebook.com\/enardcouest\",\"https:\/\/www.youtube.com\/@egliseneo-apostoliquekin-o4002\"]},{\"@type\":\"Person\",\"@id\":\"https:\/\/ena-kinouest.net\/#\/schema\/person\/e297bb70fcd52979fc8c90e6e9e77cf2\",\"name\":\"Jean Pierre Ilunga\",\"image\":{\"@type\":\"ImageObject\",\"inLanguage\":\"fr-FR\",\"@id\":\"https:\/\/ena-kinouest.net\/#\/schema\/person\/image\/\",\"url\":\"https:\/\/secure.gravatar.com\/avatar\/5a95734122618395a34fa53ea6aaeb25c24256da30879534dd4d3029aa12ffef?s=96&d=mm&r=g\",\"contentUrl\":\"https:\/\/secure.gravatar.com\/avatar\/5a95734122618395a34fa53ea6aaeb25c24256da30879534dd4d3029aa12ffef?s=96&d=mm&r=g\",\"caption\":\"Jean Pierre Ilunga\"},\"url\":\"https:\/\/ena-kinouest.net\/index.php\/author\/hjpi\/\"}]}<\/script>\n<!-- \/ Yoast SEO plugin. -->","yoast_head_json":{"title":"La f\u00eate \u00e0 Bongengi, \u00e0 l\u2019occasion du service divin en faveur des d\u00e9funts - Eglise N\u00e9o-Apostolique Kinshasa Ouest","robots":{"index":"index","follow":"follow","max-snippet":"max-snippet:-1","max-image-preview":"max-image-preview:large","max-video-preview":"max-video-preview:-1"},"canonical":"https:\/\/ena-kinouest.net\/index.php\/2023\/07\/10\/bongengi-service-divin-defunts\/","og_locale":"fr_FR","og_type":"article","og_title":"La f\u00eate \u00e0 Bongengi, \u00e0 l\u2019occasion du service divin en faveur des d\u00e9funts - Eglise N\u00e9o-Apostolique Kinshasa Ouest","og_description":"Le dimanche 2 juillet 2023, comme dans toutes les communaut\u00e9s n\u00e9o-apostoliques \u00e0 travers le monde, s&rsquo;est tenu le service divin en faveur des d\u00e9funts. Cependant, \u00e0 Bongengi, cette c\u00e9l\u00e9bration a rev\u00eatu une signification particuli\u00e8re pour l&rsquo;\u00c9glise territoriale de la\u00a0RD Congo Ouest\u00a0dans son ensemble. C&rsquo;est dans cette communaut\u00e9 que l&rsquo;ap\u00f4tre de district a c\u00e9l\u00e9br\u00e9 ce service [&hellip;]","og_url":"https:\/\/ena-kinouest.net\/index.php\/2023\/07\/10\/bongengi-service-divin-defunts\/","og_site_name":"Eglise N\u00e9o-Apostolique Kinshasa Ouest","article_publisher":"https:\/\/web.facebook.com\/enardcouest","article_published_time":"2023-07-10T15:04:01+00:00","article_modified_time":"2025-06-30T09:40:38+00:00","og_image":[{"width":1072,"height":712,"url":"https:\/\/ena-kinouest.net\/wp-content\/uploads\/2023\/07\/apd-michael-deppner-bongengi.jpg","type":"image\/jpeg"}],"author":"Jean Pierre Ilunga","twitter_card":"summary_large_image","twitter_misc":{"\u00c9crit par":"Jean Pierre Ilunga","Dur\u00e9e de lecture estim\u00e9e":"5 minutes"},"schema":{"@context":"https:\/\/schema.org","@graph":[{"@type":"Article","@id":"https:\/\/ena-kinouest.net\/index.php\/2023\/07\/10\/bongengi-service-divin-defunts\/#article","isPartOf":{"@id":"https:\/\/ena-kinouest.net\/index.php\/2023\/07\/10\/bongengi-service-divin-defunts\/"},"author":{"name":"Jean Pierre Ilunga","@id":"https:\/\/ena-kinouest.net\/#\/schema\/person\/e297bb70fcd52979fc8c90e6e9e77cf2"},"headline":"La f\u00eate \u00e0 Bongengi, \u00e0 l\u2019occasion du service divin en faveur des d\u00e9funts","datePublished":"2023-07-10T15:04:01+00:00","dateModified":"2025-06-30T09:40:38+00:00","mainEntityOfPage":{"@id":"https:\/\/ena-kinouest.net\/index.php\/2023\/07\/10\/bongengi-service-divin-defunts\/"},"wordCount":867,"commentCount":2,"publisher":{"@id":"https:\/\/ena-kinouest.net\/#organization"},"image":{"@id":"https:\/\/ena-kinouest.net\/index.php\/2023\/07\/10\/bongengi-service-divin-defunts\/#primaryimage"},"thumbnailUrl":"https:\/\/i0.wp.com\/ena-kinouest.net\/wp-content\/uploads\/2023\/07\/apd-michael-deppner-bongengi.jpg?fit=1072%2C712&ssl=1","articleSection":["ap\u00f4tre de district","Kin-Ouest"],"inLanguage":"fr-FR","potentialAction":[{"@type":"CommentAction","name":"Comment","target":["https:\/\/ena-kinouest.net\/index.php\/2023\/07\/10\/bongengi-service-divin-defunts\/#respond"]}]},{"@type":"WebPage","@id":"https:\/\/ena-kinouest.net\/index.php\/2023\/07\/10\/bongengi-service-divin-defunts\/","url":"https:\/\/ena-kinouest.net\/index.php\/2023\/07\/10\/bongengi-service-divin-defunts\/","name":"La f\u00eate \u00e0 Bongengi, \u00e0 l\u2019occasion du service divin en faveur des d\u00e9funts - Eglise N\u00e9o-Apostolique Kinshasa Ouest","isPartOf":{"@id":"https:\/\/ena-kinouest.net\/#website"},"primaryImageOfPage":{"@id":"https:\/\/ena-kinouest.net\/index.php\/2023\/07\/10\/bongengi-service-divin-defunts\/#primaryimage"},"image":{"@id":"https:\/\/ena-kinouest.net\/index.php\/2023\/07\/10\/bongengi-service-divin-defunts\/#primaryimage"},"thumbnailUrl":"https:\/\/i0.wp.com\/ena-kinouest.net\/wp-content\/uploads\/2023\/07\/apd-michael-deppner-bongengi.jpg?fit=1072%2C712&ssl=1","datePublished":"2023-07-10T15:04:01+00:00","dateModified":"2025-06-30T09:40:38+00:00","breadcrumb":{"@id":"https:\/\/ena-kinouest.net\/index.php\/2023\/07\/10\/bongengi-service-divin-defunts\/#breadcrumb"},"inLanguage":"fr-FR","potentialAction":[{"@type":"ReadAction","target":["https:\/\/ena-kinouest.net\/index.php\/2023\/07\/10\/bongengi-service-divin-defunts\/"]}]},{"@type":"ImageObject","inLanguage":"fr-FR","@id":"https:\/\/ena-kinouest.net\/index.php\/2023\/07\/10\/bongengi-service-divin-defunts\/#primaryimage","url":"https:\/\/i0.wp.com\/ena-kinouest.net\/wp-content\/uploads\/2023\/07\/apd-michael-deppner-bongengi.jpg?fit=1072%2C712&ssl=1","contentUrl":"https:\/\/i0.wp.com\/ena-kinouest.net\/wp-content\/uploads\/2023\/07\/apd-michael-deppner-bongengi.jpg?fit=1072%2C712&ssl=1","width":1072,"height":712},{"@type":"BreadcrumbList","@id":"https:\/\/ena-kinouest.net\/index.php\/2023\/07\/10\/bongengi-service-divin-defunts\/#breadcrumb","itemListElement":[{"@type":"ListItem","position":1,"name":"Accueil","item":"https:\/\/ena-kinouest.net\/"},{"@type":"ListItem","position":2,"name":"La f\u00eate \u00e0 Bongengi, \u00e0 l\u2019occasion du service divin en faveur des d\u00e9funts"}]},{"@type":"WebSite","@id":"https:\/\/ena-kinouest.net\/#website","url":"https:\/\/ena-kinouest.net\/","name":"Eglise N\u00e9o-Apostolique Kinshasa Ouest","description":"","publisher":{"@id":"https:\/\/ena-kinouest.net\/#organization"},"alternateName":"ENA Kin-Ouest","potentialAction":[{"@type":"SearchAction","target":{"@type":"EntryPoint","urlTemplate":"https:\/\/ena-kinouest.net\/?s={search_term_string}"},"query-input":{"@type":"PropertyValueSpecification","valueRequired":true,"valueName":"search_term_string"}}],"inLanguage":"fr-FR"},{"@type":"Organization","@id":"https:\/\/ena-kinouest.net\/#organization","name":"Eglise N\u00e9o-Apostolique Kinshasa Ouest","url":"https:\/\/ena-kinouest.net\/","logo":{"@type":"ImageObject","inLanguage":"fr-FR","@id":"https:\/\/ena-kinouest.net\/#\/schema\/logo\/image\/","url":"https:\/\/ena-kinouest.net\/wp-content\/uploads\/2023\/06\/Nak_logo.svg","contentUrl":"https:\/\/ena-kinouest.net\/wp-content\/uploads\/2023\/06\/Nak_logo.svg","width":1493,"height":1491,"caption":"Eglise N\u00e9o-Apostolique Kinshasa Ouest"},"image":{"@id":"https:\/\/ena-kinouest.net\/#\/schema\/logo\/image\/"},"sameAs":["https:\/\/web.facebook.com\/enardcouest","https:\/\/www.youtube.com\/@egliseneo-apostoliquekin-o4002"]},{"@type":"Person","@id":"https:\/\/ena-kinouest.net\/#\/schema\/person\/e297bb70fcd52979fc8c90e6e9e77cf2","name":"Jean Pierre Ilunga","image":{"@type":"ImageObject","inLanguage":"fr-FR","@id":"https:\/\/ena-kinouest.net\/#\/schema\/person\/image\/","url":"https:\/\/secure.gravatar.com\/avatar\/5a95734122618395a34fa53ea6aaeb25c24256da30879534dd4d3029aa12ffef?s=96&d=mm&r=g","contentUrl":"https:\/\/secure.gravatar.com\/avatar\/5a95734122618395a34fa53ea6aaeb25c24256da30879534dd4d3029aa12ffef?s=96&d=mm&r=g","caption":"Jean Pierre Ilunga"},"url":"https:\/\/ena-kinouest.net\/index.php\/author\/hjpi\/"}]}},"jetpack_featured_media_url":"https:\/\/i0.wp.com\/ena-kinouest.net\/wp-content\/uploads\/2023\/07\/apd-michael-deppner-bongengi.jpg?fit=1072%2C712&ssl=1","jetpack-related-posts":[],"jetpack_sharing_enabled":true,"_links":{"self":[{"href":"https:\/\/ena-kinouest.net\/index.php\/wp-json\/wp\/v2\/posts\/191","targetHints":{"allow":["GET"]}}],"collection":[{"href":"https:\/\/ena-kinouest.net\/index.php\/wp-json\/wp\/v2\/posts"}],"about":[{"href":"https:\/\/ena-kinouest.net\/index.php\/wp-json\/wp\/v2\/types\/post"}],"author":[{"embeddable":true,"href":"https:\/\/ena-kinouest.net\/index.php\/wp-json\/wp\/v2\/users\/2"}],"replies":[{"embeddable":true,"href":"https:\/\/ena-kinouest.net\/index.php\/wp-json\/wp\/v2\/comments?post=191"}],"version-history":[{"count":18,"href":"https:\/\/ena-kinouest.net\/index.php\/wp-json\/wp\/v2\/posts\/191\/revisions"}],"predecessor-version":[{"id":223,"href":"https:\/\/ena-kinouest.net\/index.php\/wp-json\/wp\/v2\/posts\/191\/revisions\/223"}],"wp:featuredmedia":[{"embeddable":true,"href":"https:\/\/ena-kinouest.net\/index.php\/wp-json\/wp\/v2\/media\/212"}],"wp:attachment":[{"href":"https:\/\/ena-kinouest.net\/index.php\/wp-json\/wp\/v2\/media?parent=191"}],"wp:term":[{"taxonomy":"category","embeddable":true,"href":"https:\/\/ena-kinouest.net\/index.php\/wp-json\/wp\/v2\/categories?post=191"},{"taxonomy":"post_tag","embeddable":true,"href":"https:\/\/ena-kinouest.net\/index.php\/wp-json\/wp\/v2\/tags?post=191"}],"curies":[{"name":"wp","href":"https:\/\/api.w.org\/{rel}","templated":true}]}}