{"id":226,"date":"2023-07-10T18:01:21","date_gmt":"2023-07-10T16:01:21","guid":{"rendered":"https:\/\/ena-kinouest.net\/?p=226"},"modified":"2023-07-15T10:12:47","modified_gmt":"2023-07-15T08:12:47","slug":"congo-ouest-apotre-patriarche-jean-luc-schneider-a-kinshasa","status":"publish","type":"post","link":"https:\/\/ena-kinouest.net\/index.php\/2023\/07\/10\/congo-ouest-apotre-patriarche-jean-luc-schneider-a-kinshasa\/","title":{"rendered":"Congo Ouest : l&rsquo;ap\u00f4tre patriarche Jean-Luc Schneider attendu \u00e0 Kinshasa cette semaine"},"content":{"rendered":"\t\t<div data-elementor-type=\"wp-post\" data-elementor-id=\"226\" class=\"elementor elementor-226\">\n\t\t\t\t\t\t<section class=\"elementor-section elementor-top-section elementor-element elementor-element-b53530b elementor-section-boxed elementor-section-height-default elementor-section-height-default\" data-id=\"b53530b\" data-element_type=\"section\">\n\t\t\t\t\t\t<div class=\"elementor-container elementor-column-gap-default\">\n\t\t\t\t\t<div class=\"elementor-column elementor-col-100 elementor-top-column elementor-element elementor-element-86bbb3a\" data-id=\"86bbb3a\" data-element_type=\"column\">\n\t\t\t<div class=\"elementor-widget-wrap elementor-element-populated\">\n\t\t\t\t\t\t<div class=\"elementor-element elementor-element-0585704 elementor-widget elementor-widget-text-editor\" data-id=\"0585704\" data-element_type=\"widget\" data-widget_type=\"text-editor.default\">\n\t\t\t\t<div class=\"elementor-widget-container\">\n\t\t\t\t\t\t\t\t\t<p>L&rsquo;ap\u00f4tre patriarche Jean-Luc Schneider est attendu \u00e0 Kinshasa, \u00e0 partir de ce vendredi 14 juillet 2023. Dans le cadre de sa mission de pr\u00e9parer l&rsquo;\u00e9pouse du Seigneur, le primat de l&rsquo;Eglise n\u00e9o-apostolique <a href=\"https:\/\/ena-kinouest.net\/index.php\/2023\/06\/29\/triple-preparation-a-limete-central-avec-lapotre-de-district-michael-deppner\/\">visitera essentiellement l&rsquo;Eglise territoriale du Congo Ouest<\/a>. Plusieurs activit\u00e9s solennelles sont pr\u00e9vues lors de son s\u00e9jour, notamment un service divin \u00e0 Kinshasa et un autre au Kongo Central.<\/p>\t\t\t\t\t\t\t\t<\/div>\n\t\t\t\t<\/div>\n\t\t\t\t<div class=\"elementor-element elementor-element-ffbc3c5 elementor-widget elementor-widget-image\" data-id=\"ffbc3c5\" data-element_type=\"widget\" data-widget_type=\"image.default\">\n\t\t\t\t<div class=\"elementor-widget-container\">\n\t\t\t\t\t\t\t\t\t\t\t\t\t\t\t<img decoding=\"async\" src=\"https:\/\/i0.wp.com\/ena-kinouest.net\/wp-content\/uploads\/2023\/06\/IMG-20220713-WA0044.jpg?fit=1024%2C500&#038;ssl=1\" title=\"IMG-20220713-WA0044\" alt=\"IMG-20220713-WA0044\" loading=\"lazy\" \/>\t\t\t\t\t\t\t\t\t\t\t\t\t\t\t<\/div>\n\t\t\t\t<\/div>\n\t\t\t\t<div class=\"elementor-element elementor-element-32d568c elementor-widget elementor-widget-heading\" data-id=\"32d568c\" data-element_type=\"widget\" data-widget_type=\"heading.default\">\n\t\t\t\t<div class=\"elementor-widget-container\">\n\t\t\t\t\t<h2 class=\"elementor-heading-title elementor-size-default\">Dimanche 16 juillet<\/h2>\t\t\t\t<\/div>\n\t\t\t\t<\/div>\n\t\t\t\t<div class=\"elementor-element elementor-element-10e8344 elementor-widget elementor-widget-text-editor\" data-id=\"10e8344\" data-element_type=\"widget\" data-widget_type=\"text-editor.default\">\n\t\t\t\t<div class=\"elementor-widget-container\">\n\t\t\t\t\t\t\t\t\t<p>Au cours de son s\u00e9jour dans le Congo Ouest, du 14 au 16 juillet 2023, l&rsquo;ap\u00f4tre patriarche officiera son tout premier service divin \u00e0 la chapelle de Limet\u00e9 Central, le dimanche 16 juillet.\u00a0<span style=\"color: var( --e-global-color-text ); font-family: var( --e-global-typography-text-font-family ), Sans-serif; font-weight: var( --e-global-typography-text-font-weight ); font-size: 1rem;\">Sont convi\u00e9s \u00e0 ce rendez-vous spirituel dominical, les fr\u00e8res et\u00a0<\/span><span style=\"color: var( --e-global-color-text ); font-family: var( --e-global-typography-text-font-family ), Sans-serif; font-weight: var( --e-global-typography-text-font-weight ); font-size: 12pt; white-space-collapse: preserve;\">s\u0153urs qui <\/span><span style=\"color: var( --e-global-color-text ); font-family: var( --e-global-typography-text-font-family ), Sans-serif; font-weight: var( --e-global-typography-text-font-weight ); font-size: 1rem;\">ont des responsabilit\u00e9s dans la Formation ainsi que dans l&rsquo;Enseignement au sein de l&rsquo;Eglise territoriale.<\/span><\/p><p>Ce service divin sera retransmis, \u00e0 partir de 10h30 (Heure de Kinshasa), sur deux chaines de t\u00e9l\u00e9vision, la Radio T\u00e9l\u00e9vision Congolaise (RTNC) et Digital Congo TV. Les plateformes sociales de l&rsquo;Eglise territoriale (Youtube &amp; Facebook) assureront aussi le relais en streaming.<\/p>\t\t\t\t\t\t\t\t<\/div>\n\t\t\t\t<\/div>\n\t\t\t\t<div class=\"elementor-element elementor-element-bf663df elementor-widget elementor-widget-heading\" data-id=\"bf663df\" data-element_type=\"widget\" data-widget_type=\"heading.default\">\n\t\t\t\t<div class=\"elementor-widget-container\">\n\t\t\t\t\t<h2 class=\"elementor-heading-title elementor-size-default\">Lundi 17 juillet<\/h2>\t\t\t\t<\/div>\n\t\t\t\t<\/div>\n\t\t\t\t<div class=\"elementor-element elementor-element-4f6d71d elementor-widget elementor-widget-text-editor\" data-id=\"4f6d71d\" data-element_type=\"widget\" data-widget_type=\"text-editor.default\">\n\t\t\t\t<div class=\"elementor-widget-container\">\n\t\t\t\t\t\t\t\t\t<p>L&rsquo;ap\u00f4tre patriarche tiendra un s\u00e9minaire, l&rsquo;avant-midi du lundi 17 juillet, avec tous les ap\u00f4tres et \u00e9v\u00eaques de la RD Congo Ouest.\u00a0<span style=\"color: var( --e-global-color-text ); font-family: var( --e-global-typography-text-font-family ), Sans-serif; font-weight: var( --e-global-typography-text-font-weight ); font-size: 1rem;\">Cette journ\u00e9e finira en beaut\u00e9, l&rsquo;apr\u00e8s-midi \u00e0 la communaut\u00e9 Limet\u00e9 Central. Le primat de l&rsquo;Eglise rehaussera de sa pr\u00e9sence le concert chant qui sera agr\u00e9ment\u00e9 par la chorale du district apostolique de Kinshasa Nord-Est.<\/span><\/p>\t\t\t\t\t\t\t\t<\/div>\n\t\t\t\t<\/div>\n\t\t\t\t<div class=\"elementor-element elementor-element-a5edd9d elementor--h-position-center elementor--v-position-middle elementor-arrows-position-inside elementor-pagination-position-inside elementor-widget elementor-widget-slides\" data-id=\"a5edd9d\" data-element_type=\"widget\" data-settings=\"{&quot;navigation&quot;:&quot;both&quot;,&quot;autoplay&quot;:&quot;yes&quot;,&quot;pause_on_hover&quot;:&quot;yes&quot;,&quot;pause_on_interaction&quot;:&quot;yes&quot;,&quot;autoplay_speed&quot;:5000,&quot;infinite&quot;:&quot;yes&quot;,&quot;transition&quot;:&quot;slide&quot;,&quot;transition_speed&quot;:500}\" data-widget_type=\"slides.default\">\n\t\t\t\t<div class=\"elementor-widget-container\">\n\t\t\t\t\t\t\t<div class=\"elementor-swiper\">\n\t\t\t<div class=\"elementor-slides-wrapper elementor-main-swiper swiper-container\" dir=\"ltr\" data-animation=\"fadeInUp\">\n\t\t\t\t<div class=\"swiper-wrapper elementor-slides\">\n\t\t\t\t\t\t\t\t\t\t<div class=\"elementor-repeater-item-586b071 swiper-slide\"><div class=\"swiper-slide-bg\"><\/div><div class=\"swiper-slide-inner\" ><div class=\"swiper-slide-contents\"><\/div><\/div><\/div><div class=\"elementor-repeater-item-73c19d1 swiper-slide\"><div class=\"swiper-slide-bg\"><\/div><div class=\"swiper-slide-inner\" ><div class=\"swiper-slide-contents\"><\/div><\/div><\/div><div class=\"elementor-repeater-item-584b7ce swiper-slide\"><div class=\"swiper-slide-bg\"><\/div><div class=\"swiper-slide-inner\" ><div class=\"swiper-slide-contents\"><\/div><\/div><\/div>\t\t\t\t<\/div>\n\t\t\t\t\t\t\t\t\t\t\t\t\t\t\t<div class=\"swiper-pagination\"><\/div>\n\t\t\t\t\t\t\t\t\t\t\t\t\t\t\t\t<div class=\"elementor-swiper-button elementor-swiper-button-prev\">\n\t\t\t\t\t\t\t<i aria-hidden=\"true\" class=\"eicon-chevron-left\"><\/i>\t\t\t\t\t\t\t<span class=\"elementor-screen-only\">Previous<\/span>\n\t\t\t\t\t\t<\/div>\n\t\t\t\t\t\t<div class=\"elementor-swiper-button elementor-swiper-button-next\">\n\t\t\t\t\t\t\t<i aria-hidden=\"true\" class=\"eicon-chevron-right\"><\/i>\t\t\t\t\t\t\t<span class=\"elementor-screen-only\">Next<\/span>\n\t\t\t\t\t\t<\/div>\n\t\t\t\t\t\t\t\t\t\t\t\t<\/div>\n\t\t<\/div>\n\t\t\t\t\t\t<\/div>\n\t\t\t\t<\/div>\n\t\t\t\t<div class=\"elementor-element elementor-element-f15556f elementor-widget elementor-widget-heading\" data-id=\"f15556f\" data-element_type=\"widget\" data-widget_type=\"heading.default\">\n\t\t\t\t<div class=\"elementor-widget-container\">\n\t\t\t\t\t<h2 class=\"elementor-heading-title elementor-size-default\">En route vers Kwilu-Ngongo<\/h2>\t\t\t\t<\/div>\n\t\t\t\t<\/div>\n\t\t\t\t\t<\/div>\n\t\t<\/div>\n\t\t\t\t\t<\/div>\n\t\t<\/section>\n\t\t\t\t<section class=\"elementor-section elementor-top-section elementor-element elementor-element-805425b elementor-section-boxed elementor-section-height-default elementor-section-height-default\" data-id=\"805425b\" data-element_type=\"section\">\n\t\t\t\t\t\t<div class=\"elementor-container elementor-column-gap-default\">\n\t\t\t\t\t<div class=\"elementor-column elementor-col-100 elementor-top-column elementor-element elementor-element-41e0f86\" data-id=\"41e0f86\" data-element_type=\"column\">\n\t\t\t<div class=\"elementor-widget-wrap elementor-element-populated\">\n\t\t\t\t\t\t<div class=\"elementor-element elementor-element-00a5153 elementor-widget elementor-widget-text-editor\" data-id=\"00a5153\" data-element_type=\"widget\" data-widget_type=\"text-editor.default\">\n\t\t\t\t<div class=\"elementor-widget-container\">\n\t\t\t\t\t\t\t\t\t<p>Au cours de ce voyage apostolique, l&rsquo;ap\u00f4tre patriarche Jean-Luc Schneider sera accompagn\u00e9, outre l&rsquo;ap\u00f4tre Michael Deppner, h\u00f4te de la visite, des ap\u00f4tres de district adjoints <a href=\"https:\/\/nac.today\/fr\/a\/431784\">MKHWANAZI Patrick<\/a> (Afrique du Sud) et <a href=\"https:\/\/nak.org\/fr\/db\/16148\/Bekanntmachungen\/Helge-Mutschler-als-Bezirksapostelhelfer-ernannt\">HELGE MUTSHLER<\/a> (Allemagne).\u00a0<span style=\"color: var( --e-global-color-text ); font-family: var( --e-global-typography-text-font-family ), Sans-serif; font-weight: var( --e-global-typography-text-font-weight ); font-size: 1rem;\">Ils se rendront ensuite, le mardi 18 juillet, \u00e0 Kwilu-Ngongo, dans la province du Kongo-Central, o\u00f9 le peuple de Dieu de cette partie du pays aura la gr\u00e2ce de prendre part \u00e0 un service divin offici\u00e9 par l&rsquo;ap\u00f4tre patriarche.<\/span><\/p>\t\t\t\t\t\t\t\t<\/div>\n\t\t\t\t<\/div>\n\t\t\t\t<div class=\"elementor-element elementor-element-2158738 elementor-widget elementor-widget-text-editor\" data-id=\"2158738\" data-element_type=\"widget\" data-widget_type=\"text-editor.default\">\n\t\t\t\t<div class=\"elementor-widget-container\">\n\t\t\t\t\t\t\t\t\t<p>Il sied de rappeler que la <a href=\"https:\/\/ena-kinouest.net\/index.php\/2023\/06\/28\/un-seul-corps-les-jeunes-reunis-ensemble-au-stade-des-martyrs-de-kinshasa-avec-lapotre-patriarche-jean-luc-schneider\/\">derni\u00e8re visite du pr\u00e9sident mondial de l&rsquo;Eglis\u00e9 n\u00e9o-apostolique au Congo Ouest<\/a> remonte au mois de juillet 2022.<\/p>\t\t\t\t\t\t\t\t<\/div>\n\t\t\t\t<\/div>\n\t\t\t\t\t<\/div>\n\t\t<\/div>\n\t\t\t\t\t<\/div>\n\t\t<\/section>\n\t\t\t\t<\/div>\n\t\t","protected":false},"excerpt":{"rendered":"<p>L&rsquo;ap\u00f4tre patriarche Jean-Luc Schneider est attendu \u00e0 Kinshasa, \u00e0 partir de ce vendredi 14 juillet 2023. Dans le cadre de sa mission de pr\u00e9parer l&rsquo;\u00e9pouse du Seigneur, le primat de l&rsquo;Eglise n\u00e9o-apostolique visitera essentiellement l&rsquo;Eglise territoriale du Congo Ouest. Plusieurs activit\u00e9s solennelles sont pr\u00e9vues lors de son s\u00e9jour, notamment un service divin \u00e0 Kinshasa et [&hellip;]<\/p>\n","protected":false},"author":1,"featured_media":145,"comment_status":"open","ping_status":"open","sticky":false,"template":"","format":"standard","meta":{"_jetpack_memberships_contains_paid_content":false,"footnotes":""},"categories":[1],"tags":[],"class_list":["post-226","post","type-post","status-publish","format-standard","has-post-thumbnail","hentry","category-non-classe"],"yoast_head":"<!-- This site is optimized with the Yoast SEO plugin v25.3.1 - https:\/\/yoast.com\/wordpress\/plugins\/seo\/ -->\n<title>Congo Ouest : l&#039;ap\u00f4tre patriarche Jean-Luc Schneider attendu \u00e0 Kinshasa cette semaine - Eglise N\u00e9o-Apostolique Kinshasa Ouest<\/title>\n<meta name=\"robots\" content=\"index, follow, max-snippet:-1, max-image-preview:large, max-video-preview:-1\" \/>\n<link rel=\"canonical\" href=\"https:\/\/ena-kinouest.net\/index.php\/2023\/07\/10\/congo-ouest-apotre-patriarche-jean-luc-schneider-a-kinshasa\/\" \/>\n<meta property=\"og:locale\" content=\"fr_FR\" \/>\n<meta property=\"og:type\" content=\"article\" \/>\n<meta property=\"og:title\" content=\"Congo Ouest : l&#039;ap\u00f4tre patriarche Jean-Luc Schneider attendu \u00e0 Kinshasa cette semaine - Eglise N\u00e9o-Apostolique Kinshasa Ouest\" \/>\n<meta property=\"og:description\" content=\"L&rsquo;ap\u00f4tre patriarche Jean-Luc Schneider est attendu \u00e0 Kinshasa, \u00e0 partir de ce vendredi 14 juillet 2023. Dans le cadre de sa mission de pr\u00e9parer l&rsquo;\u00e9pouse du Seigneur, le primat de l&rsquo;Eglise n\u00e9o-apostolique visitera essentiellement l&rsquo;Eglise territoriale du Congo Ouest. Plusieurs activit\u00e9s solennelles sont pr\u00e9vues lors de son s\u00e9jour, notamment un service divin \u00e0 Kinshasa et [&hellip;]\" \/>\n<meta property=\"og:url\" content=\"https:\/\/ena-kinouest.net\/index.php\/2023\/07\/10\/congo-ouest-apotre-patriarche-jean-luc-schneider-a-kinshasa\/\" \/>\n<meta property=\"og:site_name\" content=\"Eglise N\u00e9o-Apostolique Kinshasa Ouest\" \/>\n<meta property=\"article:publisher\" content=\"https:\/\/web.facebook.com\/enardcouest\" \/>\n<meta property=\"article:published_time\" content=\"2023-07-10T16:01:21+00:00\" \/>\n<meta property=\"article:modified_time\" content=\"2023-07-15T08:12:47+00:00\" \/>\n<meta property=\"og:image\" content=\"https:\/\/ena-kinouest.net\/wp-content\/uploads\/2023\/06\/IMG-20220713-WA0044.jpg\" \/>\n\t<meta property=\"og:image:width\" content=\"1250\" \/>\n\t<meta property=\"og:image:height\" content=\"834\" \/>\n\t<meta property=\"og:image:type\" content=\"image\/jpeg\" \/>\n<meta name=\"author\" content=\"Richard Ndambo\" \/>\n<meta name=\"twitter:card\" content=\"summary_large_image\" \/>\n<meta name=\"twitter:label1\" content=\"\u00c9crit par\" \/>\n\t<meta name=\"twitter:data1\" content=\"Richard Ndambo\" \/>\n\t<meta name=\"twitter:label2\" content=\"Dur\u00e9e de lecture estim\u00e9e\" \/>\n\t<meta name=\"twitter:data2\" content=\"2 minutes\" \/>\n<script type=\"application\/ld+json\" class=\"yoast-schema-graph\">{\"@context\":\"https:\/\/schema.org\",\"@graph\":[{\"@type\":\"Article\",\"@id\":\"https:\/\/ena-kinouest.net\/index.php\/2023\/07\/10\/congo-ouest-apotre-patriarche-jean-luc-schneider-a-kinshasa\/#article\",\"isPartOf\":{\"@id\":\"https:\/\/ena-kinouest.net\/index.php\/2023\/07\/10\/congo-ouest-apotre-patriarche-jean-luc-schneider-a-kinshasa\/\"},\"author\":{\"name\":\"Richard Ndambo\",\"@id\":\"https:\/\/ena-kinouest.net\/#\/schema\/person\/f7334ed5e23ccc9abd2568d6259181a8\"},\"headline\":\"Congo Ouest : l&rsquo;ap\u00f4tre patriarche Jean-Luc Schneider attendu \u00e0 Kinshasa cette semaine\",\"datePublished\":\"2023-07-10T16:01:21+00:00\",\"dateModified\":\"2023-07-15T08:12:47+00:00\",\"mainEntityOfPage\":{\"@id\":\"https:\/\/ena-kinouest.net\/index.php\/2023\/07\/10\/congo-ouest-apotre-patriarche-jean-luc-schneider-a-kinshasa\/\"},\"wordCount\":365,\"commentCount\":4,\"publisher\":{\"@id\":\"https:\/\/ena-kinouest.net\/#organization\"},\"image\":{\"@id\":\"https:\/\/ena-kinouest.net\/index.php\/2023\/07\/10\/congo-ouest-apotre-patriarche-jean-luc-schneider-a-kinshasa\/#primaryimage\"},\"thumbnailUrl\":\"https:\/\/i0.wp.com\/ena-kinouest.net\/wp-content\/uploads\/2023\/06\/IMG-20220713-WA0044.jpg?fit=1250%2C834&ssl=1\",\"inLanguage\":\"fr-FR\",\"potentialAction\":[{\"@type\":\"CommentAction\",\"name\":\"Comment\",\"target\":[\"https:\/\/ena-kinouest.net\/index.php\/2023\/07\/10\/congo-ouest-apotre-patriarche-jean-luc-schneider-a-kinshasa\/#respond\"]}]},{\"@type\":\"WebPage\",\"@id\":\"https:\/\/ena-kinouest.net\/index.php\/2023\/07\/10\/congo-ouest-apotre-patriarche-jean-luc-schneider-a-kinshasa\/\",\"url\":\"https:\/\/ena-kinouest.net\/index.php\/2023\/07\/10\/congo-ouest-apotre-patriarche-jean-luc-schneider-a-kinshasa\/\",\"name\":\"Congo Ouest : l'ap\u00f4tre patriarche Jean-Luc Schneider attendu \u00e0 Kinshasa cette semaine - Eglise N\u00e9o-Apostolique Kinshasa Ouest\",\"isPartOf\":{\"@id\":\"https:\/\/ena-kinouest.net\/#website\"},\"primaryImageOfPage\":{\"@id\":\"https:\/\/ena-kinouest.net\/index.php\/2023\/07\/10\/congo-ouest-apotre-patriarche-jean-luc-schneider-a-kinshasa\/#primaryimage\"},\"image\":{\"@id\":\"https:\/\/ena-kinouest.net\/index.php\/2023\/07\/10\/congo-ouest-apotre-patriarche-jean-luc-schneider-a-kinshasa\/#primaryimage\"},\"thumbnailUrl\":\"https:\/\/i0.wp.com\/ena-kinouest.net\/wp-content\/uploads\/2023\/06\/IMG-20220713-WA0044.jpg?fit=1250%2C834&ssl=1\",\"datePublished\":\"2023-07-10T16:01:21+00:00\",\"dateModified\":\"2023-07-15T08:12:47+00:00\",\"breadcrumb\":{\"@id\":\"https:\/\/ena-kinouest.net\/index.php\/2023\/07\/10\/congo-ouest-apotre-patriarche-jean-luc-schneider-a-kinshasa\/#breadcrumb\"},\"inLanguage\":\"fr-FR\",\"potentialAction\":[{\"@type\":\"ReadAction\",\"target\":[\"https:\/\/ena-kinouest.net\/index.php\/2023\/07\/10\/congo-ouest-apotre-patriarche-jean-luc-schneider-a-kinshasa\/\"]}]},{\"@type\":\"ImageObject\",\"inLanguage\":\"fr-FR\",\"@id\":\"https:\/\/ena-kinouest.net\/index.php\/2023\/07\/10\/congo-ouest-apotre-patriarche-jean-luc-schneider-a-kinshasa\/#primaryimage\",\"url\":\"https:\/\/i0.wp.com\/ena-kinouest.net\/wp-content\/uploads\/2023\/06\/IMG-20220713-WA0044.jpg?fit=1250%2C834&ssl=1\",\"contentUrl\":\"https:\/\/i0.wp.com\/ena-kinouest.net\/wp-content\/uploads\/2023\/06\/IMG-20220713-WA0044.jpg?fit=1250%2C834&ssl=1\",\"width\":1250,\"height\":834},{\"@type\":\"BreadcrumbList\",\"@id\":\"https:\/\/ena-kinouest.net\/index.php\/2023\/07\/10\/congo-ouest-apotre-patriarche-jean-luc-schneider-a-kinshasa\/#breadcrumb\",\"itemListElement\":[{\"@type\":\"ListItem\",\"position\":1,\"name\":\"Accueil\",\"item\":\"https:\/\/ena-kinouest.net\/\"},{\"@type\":\"ListItem\",\"position\":2,\"name\":\"Congo Ouest : l&rsquo;ap\u00f4tre patriarche Jean-Luc Schneider attendu \u00e0 Kinshasa cette semaine\"}]},{\"@type\":\"WebSite\",\"@id\":\"https:\/\/ena-kinouest.net\/#website\",\"url\":\"https:\/\/ena-kinouest.net\/\",\"name\":\"Eglise N\u00e9o-Apostolique Kinshasa Ouest\",\"description\":\"\",\"publisher\":{\"@id\":\"https:\/\/ena-kinouest.net\/#organization\"},\"alternateName\":\"ENA Kin-Ouest\",\"potentialAction\":[{\"@type\":\"SearchAction\",\"target\":{\"@type\":\"EntryPoint\",\"urlTemplate\":\"https:\/\/ena-kinouest.net\/?s={search_term_string}\"},\"query-input\":{\"@type\":\"PropertyValueSpecification\",\"valueRequired\":true,\"valueName\":\"search_term_string\"}}],\"inLanguage\":\"fr-FR\"},{\"@type\":\"Organization\",\"@id\":\"https:\/\/ena-kinouest.net\/#organization\",\"name\":\"Eglise N\u00e9o-Apostolique Kinshasa Ouest\",\"url\":\"https:\/\/ena-kinouest.net\/\",\"logo\":{\"@type\":\"ImageObject\",\"inLanguage\":\"fr-FR\",\"@id\":\"https:\/\/ena-kinouest.net\/#\/schema\/logo\/image\/\",\"url\":\"https:\/\/ena-kinouest.net\/wp-content\/uploads\/2023\/06\/Nak_logo.svg\",\"contentUrl\":\"https:\/\/ena-kinouest.net\/wp-content\/uploads\/2023\/06\/Nak_logo.svg\",\"width\":1493,\"height\":1491,\"caption\":\"Eglise N\u00e9o-Apostolique Kinshasa Ouest\"},\"image\":{\"@id\":\"https:\/\/ena-kinouest.net\/#\/schema\/logo\/image\/\"},\"sameAs\":[\"https:\/\/web.facebook.com\/enardcouest\",\"https:\/\/www.youtube.com\/@egliseneo-apostoliquekin-o4002\"]},{\"@type\":\"Person\",\"@id\":\"https:\/\/ena-kinouest.net\/#\/schema\/person\/f7334ed5e23ccc9abd2568d6259181a8\",\"name\":\"Richard Ndambo\",\"image\":{\"@type\":\"ImageObject\",\"inLanguage\":\"fr-FR\",\"@id\":\"https:\/\/ena-kinouest.net\/#\/schema\/person\/image\/\",\"url\":\"https:\/\/secure.gravatar.com\/avatar\/c6d701f2601c5305f8f43857230b2d8c2a589cb3e8df57744a048d17f21f7868?s=96&d=mm&r=g\",\"contentUrl\":\"https:\/\/secure.gravatar.com\/avatar\/c6d701f2601c5305f8f43857230b2d8c2a589cb3e8df57744a048d17f21f7868?s=96&d=mm&r=g\",\"caption\":\"Richard Ndambo\"},\"sameAs\":[\"https:\/\/ena-kinouest.net\"],\"url\":\"https:\/\/ena-kinouest.net\/index.php\/author\/rndambo\/\"}]}<\/script>\n<!-- \/ Yoast SEO plugin. -->","yoast_head_json":{"title":"Congo Ouest : l'ap\u00f4tre patriarche Jean-Luc Schneider attendu \u00e0 Kinshasa cette semaine - Eglise N\u00e9o-Apostolique Kinshasa Ouest","robots":{"index":"index","follow":"follow","max-snippet":"max-snippet:-1","max-image-preview":"max-image-preview:large","max-video-preview":"max-video-preview:-1"},"canonical":"https:\/\/ena-kinouest.net\/index.php\/2023\/07\/10\/congo-ouest-apotre-patriarche-jean-luc-schneider-a-kinshasa\/","og_locale":"fr_FR","og_type":"article","og_title":"Congo Ouest : l'ap\u00f4tre patriarche Jean-Luc Schneider attendu \u00e0 Kinshasa cette semaine - Eglise N\u00e9o-Apostolique Kinshasa Ouest","og_description":"L&rsquo;ap\u00f4tre patriarche Jean-Luc Schneider est attendu \u00e0 Kinshasa, \u00e0 partir de ce vendredi 14 juillet 2023. Dans le cadre de sa mission de pr\u00e9parer l&rsquo;\u00e9pouse du Seigneur, le primat de l&rsquo;Eglise n\u00e9o-apostolique visitera essentiellement l&rsquo;Eglise territoriale du Congo Ouest. Plusieurs activit\u00e9s solennelles sont pr\u00e9vues lors de son s\u00e9jour, notamment un service divin \u00e0 Kinshasa et [&hellip;]","og_url":"https:\/\/ena-kinouest.net\/index.php\/2023\/07\/10\/congo-ouest-apotre-patriarche-jean-luc-schneider-a-kinshasa\/","og_site_name":"Eglise N\u00e9o-Apostolique Kinshasa Ouest","article_publisher":"https:\/\/web.facebook.com\/enardcouest","article_published_time":"2023-07-10T16:01:21+00:00","article_modified_time":"2023-07-15T08:12:47+00:00","og_image":[{"width":1250,"height":834,"url":"https:\/\/ena-kinouest.net\/wp-content\/uploads\/2023\/06\/IMG-20220713-WA0044.jpg","type":"image\/jpeg"}],"author":"Richard Ndambo","twitter_card":"summary_large_image","twitter_misc":{"\u00c9crit par":"Richard Ndambo","Dur\u00e9e de lecture estim\u00e9e":"2 minutes"},"schema":{"@context":"https:\/\/schema.org","@graph":[{"@type":"Article","@id":"https:\/\/ena-kinouest.net\/index.php\/2023\/07\/10\/congo-ouest-apotre-patriarche-jean-luc-schneider-a-kinshasa\/#article","isPartOf":{"@id":"https:\/\/ena-kinouest.net\/index.php\/2023\/07\/10\/congo-ouest-apotre-patriarche-jean-luc-schneider-a-kinshasa\/"},"author":{"name":"Richard Ndambo","@id":"https:\/\/ena-kinouest.net\/#\/schema\/person\/f7334ed5e23ccc9abd2568d6259181a8"},"headline":"Congo Ouest : l&rsquo;ap\u00f4tre patriarche Jean-Luc Schneider attendu \u00e0 Kinshasa cette semaine","datePublished":"2023-07-10T16:01:21+00:00","dateModified":"2023-07-15T08:12:47+00:00","mainEntityOfPage":{"@id":"https:\/\/ena-kinouest.net\/index.php\/2023\/07\/10\/congo-ouest-apotre-patriarche-jean-luc-schneider-a-kinshasa\/"},"wordCount":365,"commentCount":4,"publisher":{"@id":"https:\/\/ena-kinouest.net\/#organization"},"image":{"@id":"https:\/\/ena-kinouest.net\/index.php\/2023\/07\/10\/congo-ouest-apotre-patriarche-jean-luc-schneider-a-kinshasa\/#primaryimage"},"thumbnailUrl":"https:\/\/i0.wp.com\/ena-kinouest.net\/wp-content\/uploads\/2023\/06\/IMG-20220713-WA0044.jpg?fit=1250%2C834&ssl=1","inLanguage":"fr-FR","potentialAction":[{"@type":"CommentAction","name":"Comment","target":["https:\/\/ena-kinouest.net\/index.php\/2023\/07\/10\/congo-ouest-apotre-patriarche-jean-luc-schneider-a-kinshasa\/#respond"]}]},{"@type":"WebPage","@id":"https:\/\/ena-kinouest.net\/index.php\/2023\/07\/10\/congo-ouest-apotre-patriarche-jean-luc-schneider-a-kinshasa\/","url":"https:\/\/ena-kinouest.net\/index.php\/2023\/07\/10\/congo-ouest-apotre-patriarche-jean-luc-schneider-a-kinshasa\/","name":"Congo Ouest : l'ap\u00f4tre patriarche Jean-Luc Schneider attendu \u00e0 Kinshasa cette semaine - Eglise N\u00e9o-Apostolique Kinshasa Ouest","isPartOf":{"@id":"https:\/\/ena-kinouest.net\/#website"},"primaryImageOfPage":{"@id":"https:\/\/ena-kinouest.net\/index.php\/2023\/07\/10\/congo-ouest-apotre-patriarche-jean-luc-schneider-a-kinshasa\/#primaryimage"},"image":{"@id":"https:\/\/ena-kinouest.net\/index.php\/2023\/07\/10\/congo-ouest-apotre-patriarche-jean-luc-schneider-a-kinshasa\/#primaryimage"},"thumbnailUrl":"https:\/\/i0.wp.com\/ena-kinouest.net\/wp-content\/uploads\/2023\/06\/IMG-20220713-WA0044.jpg?fit=1250%2C834&ssl=1","datePublished":"2023-07-10T16:01:21+00:00","dateModified":"2023-07-15T08:12:47+00:00","breadcrumb":{"@id":"https:\/\/ena-kinouest.net\/index.php\/2023\/07\/10\/congo-ouest-apotre-patriarche-jean-luc-schneider-a-kinshasa\/#breadcrumb"},"inLanguage":"fr-FR","potentialAction":[{"@type":"ReadAction","target":["https:\/\/ena-kinouest.net\/index.php\/2023\/07\/10\/congo-ouest-apotre-patriarche-jean-luc-schneider-a-kinshasa\/"]}]},{"@type":"ImageObject","inLanguage":"fr-FR","@id":"https:\/\/ena-kinouest.net\/index.php\/2023\/07\/10\/congo-ouest-apotre-patriarche-jean-luc-schneider-a-kinshasa\/#primaryimage","url":"https:\/\/i0.wp.com\/ena-kinouest.net\/wp-content\/uploads\/2023\/06\/IMG-20220713-WA0044.jpg?fit=1250%2C834&ssl=1","contentUrl":"https:\/\/i0.wp.com\/ena-kinouest.net\/wp-content\/uploads\/2023\/06\/IMG-20220713-WA0044.jpg?fit=1250%2C834&ssl=1","width":1250,"height":834},{"@type":"BreadcrumbList","@id":"https:\/\/ena-kinouest.net\/index.php\/2023\/07\/10\/congo-ouest-apotre-patriarche-jean-luc-schneider-a-kinshasa\/#breadcrumb","itemListElement":[{"@type":"ListItem","position":1,"name":"Accueil","item":"https:\/\/ena-kinouest.net\/"},{"@type":"ListItem","position":2,"name":"Congo Ouest : l&rsquo;ap\u00f4tre patriarche Jean-Luc Schneider attendu \u00e0 Kinshasa cette semaine"}]},{"@type":"WebSite","@id":"https:\/\/ena-kinouest.net\/#website","url":"https:\/\/ena-kinouest.net\/","name":"Eglise N\u00e9o-Apostolique Kinshasa Ouest","description":"","publisher":{"@id":"https:\/\/ena-kinouest.net\/#organization"},"alternateName":"ENA Kin-Ouest","potentialAction":[{"@type":"SearchAction","target":{"@type":"EntryPoint","urlTemplate":"https:\/\/ena-kinouest.net\/?s={search_term_string}"},"query-input":{"@type":"PropertyValueSpecification","valueRequired":true,"valueName":"search_term_string"}}],"inLanguage":"fr-FR"},{"@type":"Organization","@id":"https:\/\/ena-kinouest.net\/#organization","name":"Eglise N\u00e9o-Apostolique Kinshasa Ouest","url":"https:\/\/ena-kinouest.net\/","logo":{"@type":"ImageObject","inLanguage":"fr-FR","@id":"https:\/\/ena-kinouest.net\/#\/schema\/logo\/image\/","url":"https:\/\/ena-kinouest.net\/wp-content\/uploads\/2023\/06\/Nak_logo.svg","contentUrl":"https:\/\/ena-kinouest.net\/wp-content\/uploads\/2023\/06\/Nak_logo.svg","width":1493,"height":1491,"caption":"Eglise N\u00e9o-Apostolique Kinshasa Ouest"},"image":{"@id":"https:\/\/ena-kinouest.net\/#\/schema\/logo\/image\/"},"sameAs":["https:\/\/web.facebook.com\/enardcouest","https:\/\/www.youtube.com\/@egliseneo-apostoliquekin-o4002"]},{"@type":"Person","@id":"https:\/\/ena-kinouest.net\/#\/schema\/person\/f7334ed5e23ccc9abd2568d6259181a8","name":"Richard Ndambo","image":{"@type":"ImageObject","inLanguage":"fr-FR","@id":"https:\/\/ena-kinouest.net\/#\/schema\/person\/image\/","url":"https:\/\/secure.gravatar.com\/avatar\/c6d701f2601c5305f8f43857230b2d8c2a589cb3e8df57744a048d17f21f7868?s=96&d=mm&r=g","contentUrl":"https:\/\/secure.gravatar.com\/avatar\/c6d701f2601c5305f8f43857230b2d8c2a589cb3e8df57744a048d17f21f7868?s=96&d=mm&r=g","caption":"Richard Ndambo"},"sameAs":["https:\/\/ena-kinouest.net"],"url":"https:\/\/ena-kinouest.net\/index.php\/author\/rndambo\/"}]}},"jetpack_featured_media_url":"https:\/\/i0.wp.com\/ena-kinouest.net\/wp-content\/uploads\/2023\/06\/IMG-20220713-WA0044.jpg?fit=1250%2C834&ssl=1","jetpack-related-posts":[],"jetpack_sharing_enabled":true,"_links":{"self":[{"href":"https:\/\/ena-kinouest.net\/index.php\/wp-json\/wp\/v2\/posts\/226","targetHints":{"allow":["GET"]}}],"collection":[{"href":"https:\/\/ena-kinouest.net\/index.php\/wp-json\/wp\/v2\/posts"}],"about":[{"href":"https:\/\/ena-kinouest.net\/index.php\/wp-json\/wp\/v2\/types\/post"}],"author":[{"embeddable":true,"href":"https:\/\/ena-kinouest.net\/index.php\/wp-json\/wp\/v2\/users\/1"}],"replies":[{"embeddable":true,"href":"https:\/\/ena-kinouest.net\/index.php\/wp-json\/wp\/v2\/comments?post=226"}],"version-history":[{"count":16,"href":"https:\/\/ena-kinouest.net\/index.php\/wp-json\/wp\/v2\/posts\/226\/revisions"}],"predecessor-version":[{"id":327,"href":"https:\/\/ena-kinouest.net\/index.php\/wp-json\/wp\/v2\/posts\/226\/revisions\/327"}],"wp:featuredmedia":[{"embeddable":true,"href":"https:\/\/ena-kinouest.net\/index.php\/wp-json\/wp\/v2\/media\/145"}],"wp:attachment":[{"href":"https:\/\/ena-kinouest.net\/index.php\/wp-json\/wp\/v2\/media?parent=226"}],"wp:term":[{"taxonomy":"category","embeddable":true,"href":"https:\/\/ena-kinouest.net\/index.php\/wp-json\/wp\/v2\/categories?post=226"},{"taxonomy":"post_tag","embeddable":true,"href":"https:\/\/ena-kinouest.net\/index.php\/wp-json\/wp\/v2\/tags?post=226"}],"curies":[{"name":"wp","href":"https:\/\/api.w.org\/{rel}","templated":true}]}}