{"id":248,"date":"2023-07-14T00:01:39","date_gmt":"2023-07-13T22:01:39","guid":{"rendered":"https:\/\/ena-kinouest.net\/?p=248"},"modified":"2023-07-14T00:11:05","modified_gmt":"2023-07-13T22:11:05","slug":"visite-de-lapotre-patriarche-jean-schneider-la-tension-monte-et-lorganisation-a-pied-doeuvre","status":"publish","type":"post","link":"https:\/\/ena-kinouest.net\/index.php\/2023\/07\/14\/visite-de-lapotre-patriarche-jean-schneider-la-tension-monte-et-lorganisation-a-pied-doeuvre\/","title":{"rendered":"Visite de l&rsquo;ap\u00f4tre patriarche Jean-Schneider : la tension monte et l\u2019organisation \u00e0 pied d\u2019\u0153uvre"},"content":{"rendered":"\t\t<div data-elementor-type=\"wp-post\" data-elementor-id=\"248\" class=\"elementor elementor-248\">\n\t\t\t\t\t\t<section class=\"elementor-section elementor-top-section elementor-element elementor-element-346c6cd elementor-section-boxed elementor-section-height-default elementor-section-height-default\" data-id=\"346c6cd\" data-element_type=\"section\">\n\t\t\t\t\t\t<div class=\"elementor-container elementor-column-gap-default\">\n\t\t\t\t\t<div class=\"elementor-column elementor-col-100 elementor-top-column elementor-element elementor-element-88e6e3c\" data-id=\"88e6e3c\" data-element_type=\"column\">\n\t\t\t<div class=\"elementor-widget-wrap elementor-element-populated\">\n\t\t\t\t\t\t<div class=\"elementor-element elementor-element-11a0883 elementor-widget elementor-widget-text-editor\" data-id=\"11a0883\" data-element_type=\"widget\" data-widget_type=\"text-editor.default\">\n\t\t\t\t<div class=\"elementor-widget-container\">\n\t\t\t\t\t\t\t\t\t<p class=\"MsoNormal\" style=\"text-align:justify\"><span style=\"font-family:&quot;Arial&quot;,sans-serif\">\u00c0\nmoins de quarante-huit heures de l\u2019arriv\u00e9e de l&rsquo;ap\u00f4tre patriarche \u00e0 Kinshasa,\nl&rsquo;effervescence du peuple de Dieu de la R\u00e9publique d\u00e9mocratique du Congo est\nvisible tant dans les communaut\u00e9s que sur les m\u00e9dias sociaux. Du c\u00f4t\u00e9 de\nl&rsquo;organisation, l\u2019heure est aux derniers r\u00e9glages.<o:p><\/o:p><\/span><\/p>\t\t\t\t\t\t\t\t<\/div>\n\t\t\t\t<\/div>\n\t\t\t\t\t<\/div>\n\t\t<\/div>\n\t\t\t\t\t<\/div>\n\t\t<\/section>\n\t\t\t\t<section class=\"elementor-section elementor-top-section elementor-element elementor-element-2ab5863 elementor-section-boxed elementor-section-height-default elementor-section-height-default\" data-id=\"2ab5863\" data-element_type=\"section\">\n\t\t\t\t\t\t<div class=\"elementor-container elementor-column-gap-default\">\n\t\t\t\t\t<div class=\"elementor-column elementor-col-100 elementor-top-column elementor-element elementor-element-e1f18bd\" data-id=\"e1f18bd\" data-element_type=\"column\">\n\t\t\t<div class=\"elementor-widget-wrap elementor-element-populated\">\n\t\t\t\t\t\t<div class=\"elementor-element elementor-element-b9968ef elementor-widget elementor-widget-image\" data-id=\"b9968ef\" data-element_type=\"widget\" data-widget_type=\"image.default\">\n\t\t\t\t<div class=\"elementor-widget-container\">\n\t\t\t\t\t\t\t\t\t\t\t\t\t\t\t<img decoding=\"async\" src=\"https:\/\/i0.wp.com\/ena-kinouest.net\/wp-content\/uploads\/2023\/07\/app-schneider-kinshasa-limete-commission-4.jpg?fit=1020%2C450&#038;ssl=1\" title=\"app schneider kinshasa limete commission (4)\" alt=\"app schneider kinshasa limete commission (4)\" loading=\"lazy\" \/>\t\t\t\t\t\t\t\t\t\t\t\t\t\t\t<\/div>\n\t\t\t\t<\/div>\n\t\t\t\t\t<\/div>\n\t\t<\/div>\n\t\t\t\t\t<\/div>\n\t\t<\/section>\n\t\t\t\t<section class=\"elementor-section elementor-top-section elementor-element elementor-element-16b830f elementor-section-boxed elementor-section-height-default elementor-section-height-default\" data-id=\"16b830f\" data-element_type=\"section\">\n\t\t\t\t\t\t<div class=\"elementor-container elementor-column-gap-default\">\n\t\t\t\t\t<div class=\"elementor-column elementor-col-100 elementor-top-column elementor-element elementor-element-1bac29b\" data-id=\"1bac29b\" data-element_type=\"column\">\n\t\t\t<div class=\"elementor-widget-wrap elementor-element-populated\">\n\t\t\t\t\t\t<div class=\"elementor-element elementor-element-f898a9a elementor-widget elementor-widget-heading\" data-id=\"f898a9a\" data-element_type=\"widget\" data-widget_type=\"heading.default\">\n\t\t\t\t<div class=\"elementor-widget-container\">\n\t\t\t\t\t<h2 class=\"elementor-heading-title elementor-size-default\">Zoom sur quelques commissions<\/h2>\t\t\t\t<\/div>\n\t\t\t\t<\/div>\n\t\t\t\t\t<\/div>\n\t\t<\/div>\n\t\t\t\t\t<\/div>\n\t\t<\/section>\n\t\t\t\t<section class=\"elementor-section elementor-top-section elementor-element elementor-element-6ca3d56 elementor-section-boxed elementor-section-height-default elementor-section-height-default\" data-id=\"6ca3d56\" data-element_type=\"section\">\n\t\t\t\t\t\t<div class=\"elementor-container elementor-column-gap-default\">\n\t\t\t\t\t<div class=\"elementor-column elementor-col-100 elementor-top-column elementor-element elementor-element-86e7923\" data-id=\"86e7923\" data-element_type=\"column\">\n\t\t\t<div class=\"elementor-widget-wrap elementor-element-populated\">\n\t\t\t\t\t\t<div class=\"elementor-element elementor-element-f6137d9 elementor-widget elementor-widget-text-editor\" data-id=\"f6137d9\" data-element_type=\"widget\" data-widget_type=\"text-editor.default\">\n\t\t\t\t<div class=\"elementor-widget-container\">\n\t\t\t\t\t\t\t\t\t<p>Le dimanche 9 juillet 2023, dans l&rsquo;apr\u00e8s-midi, une dizaine de personnes se sont rassembl\u00e9es dans la sacristie de la communaut\u00e9 de Limet\u00e9 Central. Qui sont-elles et que discutaient-elles ?<\/p><p>Il s&rsquo;agit des membres de la commission R\u00e9daction. Ils se sont r\u00e9unis pour discuter des activit\u00e9s en rapport avec la <a href=\"https:\/\/ena-kinouest.net\/index.php\/2023\/07\/10\/congo-ouest-apotre-patriarche-jean-luc-schneider-a-kinshasa\/\">visite de l\u2019ap\u00f4tre patriarche Jean Luc Schneider.<\/a> Leur mission comprend notamment :<\/p><ul><li>Assurer la traduction des services divins (fran\u00e7ais\/anglais-lingala) ;<\/li><li>Fournir la transcription du service divin ;<\/li><li>Assurer la couverture sur les m\u00e9dias sociaux des activit\u00e9s li\u00e9es \u00e0 cet \u00e9v\u00e9nement<\/li><li>Diffuser les \u00e9v\u00e9nements en streaming sur les plateformes sociales de l\u2019\u00c9glise territoriale de la RD Congo Ouest.<\/li><\/ul>\t\t\t\t\t\t\t\t<\/div>\n\t\t\t\t<\/div>\n\t\t\t\t<div class=\"elementor-element elementor-element-d891e3b elementor-widget elementor-widget-text-editor\" data-id=\"d891e3b\" data-element_type=\"widget\" data-widget_type=\"text-editor.default\">\n\t\t\t\t<div class=\"elementor-widget-container\">\n\t\t\t\t\t\t\t\t\t<p>Au moment m\u00eame de cette r\u00e9union, des travaux techniques \u00e9taient en cours \u00e0 l&rsquo;int\u00e9rieur de la chapelle sous la direction des experts qui composent la commission charg\u00e9e de la sonorisation, de la retransmission et de la logistique. L&rsquo;une des principales t\u00e2ches de cette commission est d&rsquo;assurer, en collaboration avec les \u00e9quipes de la Radiot\u00e9l\u00e9vision Nationale du Congo et celles de Digital Congo TV, <a href=\"https:\/\/ena-kinouest.net\/index.php\/2023\/06\/29\/triple-preparation-a-limete-central-avec-lapotre-de-district-michael-deppner\/\">la diffusion du son et des images aux communaut\u00e9s qui y seront connect\u00e9es<\/a>.<\/p>\t\t\t\t\t\t\t\t<\/div>\n\t\t\t\t<\/div>\n\t\t\t\t<div class=\"elementor-element elementor-element-f52320a elementor--h-position-center elementor--v-position-middle elementor-arrows-position-inside elementor-pagination-position-inside elementor-widget elementor-widget-slides\" data-id=\"f52320a\" data-element_type=\"widget\" data-settings=\"{&quot;navigation&quot;:&quot;both&quot;,&quot;autoplay&quot;:&quot;yes&quot;,&quot;pause_on_hover&quot;:&quot;yes&quot;,&quot;pause_on_interaction&quot;:&quot;yes&quot;,&quot;autoplay_speed&quot;:5000,&quot;infinite&quot;:&quot;yes&quot;,&quot;transition&quot;:&quot;slide&quot;,&quot;transition_speed&quot;:500}\" data-widget_type=\"slides.default\">\n\t\t\t\t<div class=\"elementor-widget-container\">\n\t\t\t\t\t\t\t<div class=\"elementor-swiper\">\n\t\t\t<div class=\"elementor-slides-wrapper elementor-main-swiper swiper-container\" dir=\"ltr\" data-animation=\"fadeInUp\">\n\t\t\t\t<div class=\"swiper-wrapper elementor-slides\">\n\t\t\t\t\t\t\t\t\t\t<div class=\"elementor-repeater-item-94b629e swiper-slide\"><div class=\"swiper-slide-bg\"><\/div><div class=\"swiper-slide-inner\" ><div class=\"swiper-slide-contents\"><\/div><\/div><\/div><div class=\"elementor-repeater-item-a228e9e swiper-slide\"><div class=\"swiper-slide-bg\"><\/div><div class=\"swiper-slide-inner\" ><div class=\"swiper-slide-contents\"><\/div><\/div><\/div><div class=\"elementor-repeater-item-0a8f0e2 swiper-slide\"><div class=\"swiper-slide-bg\"><\/div><div class=\"swiper-slide-inner\" ><div class=\"swiper-slide-contents\"><\/div><\/div><\/div><div class=\"elementor-repeater-item-762a198 swiper-slide\"><div class=\"swiper-slide-bg\"><\/div><div class=\"swiper-slide-inner\" ><div class=\"swiper-slide-contents\"><\/div><\/div><\/div><div class=\"elementor-repeater-item-2f5730e swiper-slide\"><div class=\"swiper-slide-bg\"><\/div><div class=\"swiper-slide-inner\" ><div class=\"swiper-slide-contents\"><\/div><\/div><\/div>\t\t\t\t<\/div>\n\t\t\t\t\t\t\t\t\t\t\t\t\t\t\t<div class=\"swiper-pagination\"><\/div>\n\t\t\t\t\t\t\t\t\t\t\t\t\t\t\t\t<div class=\"elementor-swiper-button elementor-swiper-button-prev\">\n\t\t\t\t\t\t\t<i aria-hidden=\"true\" class=\"eicon-chevron-left\"><\/i>\t\t\t\t\t\t\t<span class=\"elementor-screen-only\">Previous<\/span>\n\t\t\t\t\t\t<\/div>\n\t\t\t\t\t\t<div class=\"elementor-swiper-button elementor-swiper-button-next\">\n\t\t\t\t\t\t\t<i aria-hidden=\"true\" class=\"eicon-chevron-right\"><\/i>\t\t\t\t\t\t\t<span class=\"elementor-screen-only\">Next<\/span>\n\t\t\t\t\t\t<\/div>\n\t\t\t\t\t\t\t\t\t\t\t\t<\/div>\n\t\t<\/div>\n\t\t\t\t\t\t<\/div>\n\t\t\t\t<\/div>\n\t\t\t\t\t<\/div>\n\t\t<\/div>\n\t\t\t\t\t<\/div>\n\t\t<\/section>\n\t\t\t\t<section class=\"elementor-section elementor-top-section elementor-element elementor-element-5af4175 elementor-section-boxed elementor-section-height-default elementor-section-height-default\" data-id=\"5af4175\" data-element_type=\"section\">\n\t\t\t\t\t\t<div class=\"elementor-container elementor-column-gap-default\">\n\t\t\t\t\t<div class=\"elementor-column elementor-col-100 elementor-top-column elementor-element elementor-element-3ab9608\" data-id=\"3ab9608\" data-element_type=\"column\">\n\t\t\t<div class=\"elementor-widget-wrap elementor-element-populated\">\n\t\t\t\t\t\t<div class=\"elementor-element elementor-element-52f66b1 elementor-widget elementor-widget-heading\" data-id=\"52f66b1\" data-element_type=\"widget\" data-widget_type=\"heading.default\">\n\t\t\t\t<div class=\"elementor-widget-container\">\n\t\t\t\t\t<h2 class=\"elementor-heading-title elementor-size-default\">Des fr\u00e8res et s\u0153urs b\u00e9n\u00e9volement engag\u00e9s<\/h2>\t\t\t\t<\/div>\n\t\t\t\t<\/div>\n\t\t\t\t<div class=\"elementor-element elementor-element-27dd0db elementor-widget elementor-widget-text-editor\" data-id=\"27dd0db\" data-element_type=\"widget\" data-widget_type=\"text-editor.default\">\n\t\t\t\t<div class=\"elementor-widget-container\">\n\t\t\t\t\t\t\t\t\t<p>Plusieurs autres commissions sont \u00e0 pied d&rsquo;oeuvre pour assurer la r\u00e9ussite de la visite du primat de l&rsquo;\u00c9glise n\u00e9o-apostolique. La commission chorale peaufine les derniers r\u00e9glages autour du programme musical adopt\u00e9, tandis que la commission d&rsquo;ornementation prend d&rsquo;ores et d\u00e9j\u00e0 des dispositions pour une d\u00e9coration florale \u00e0 la hauteur de cet \u00e9v\u00e9nement. La commission d&rsquo;h\u00e9bergement s&rsquo;assure quant \u00e0 elle de la disponibilit\u00e9 et de la confirmation des places pour les invit\u00e9s.<\/p><p>\u00a0<\/p><p>Celles-ci ne sont pas les seules. On peut \u00e9galement citer d&rsquo;autres commissions, notamment celles des relations publiques, de la sant\u00e9, du transport et de la Sainte-C\u00e8ne. Toutes sont compos\u00e9es de fr\u00e8res et s\u0153urs b\u00e9n\u00e9voles de diff\u00e9rents districts apostoliques, et toutes travaillent ardemment pour assurer le succ\u00e8s des activit\u00e9s pr\u00e9vues lors du s\u00e9jour de l&rsquo;ap\u00f4tre patriarche au Congo.<\/p>\t\t\t\t\t\t\t\t<\/div>\n\t\t\t\t<\/div>\n\t\t\t\t<div class=\"elementor-element elementor-element-cf5314c elementor-widget elementor-widget-text-editor\" data-id=\"cf5314c\" data-element_type=\"widget\" data-widget_type=\"text-editor.default\">\n\t\t\t\t<div class=\"elementor-widget-container\">\n\t\t\t\t\t\t\t\t\t<p>Pour rappel, l&rsquo;ap\u00f4tre patriarche doit atterrir \u00e0 Kinshasa ce vendredi 14 juillet. Parmi les activit\u00e9s pr\u00e9vues lors de son s\u00e9jour, il y a notamment un service divin \u00e0 Limet\u00e9 Central (dimanche 16 juillet) qui sera retransmis \u00e0 la t\u00e9l\u00e9vision (RTNC, Digital Congo) et sur les plateformes sociales (<a href=\"https:\/\/web.facebook.com\/enardcouest\/?locale=fr_FR&amp;_rdc=1&amp;_rdr\">Facebook<\/a> &amp; Y<a href=\"https:\/\/www.youtube.com\/channel\/UCuo4q3yzlCqD1ji669JxIzw\">ouTube<\/a>). Il y aura \u00e9galement un concert de chants et un autre service divin \u00e0 Kwilu-Ngongo, \u00e0 environ 190 km de la capitale, dans la province du Kongo Central.<\/p>\t\t\t\t\t\t\t\t<\/div>\n\t\t\t\t<\/div>\n\t\t\t\t\t<\/div>\n\t\t<\/div>\n\t\t\t\t\t<\/div>\n\t\t<\/section>\n\t\t\t\t<\/div>\n\t\t","protected":false},"excerpt":{"rendered":"<p>\u00c0 moins de quarante-huit heures de l\u2019arriv\u00e9e de l&rsquo;ap\u00f4tre patriarche \u00e0 Kinshasa, l&rsquo;effervescence du peuple de Dieu de la R\u00e9publique d\u00e9mocratique du Congo est visible tant dans les communaut\u00e9s que sur les m\u00e9dias sociaux. Du c\u00f4t\u00e9 de l&rsquo;organisation, l\u2019heure est aux derniers r\u00e9glages. Zoom sur quelques commissions Le dimanche 9 juillet 2023, dans l&rsquo;apr\u00e8s-midi, une [&hellip;]<\/p>\n","protected":false},"author":1,"featured_media":249,"comment_status":"open","ping_status":"open","sticky":false,"template":"","format":"standard","meta":{"_jetpack_memberships_contains_paid_content":false,"footnotes":""},"categories":[17,18,11],"tags":[],"class_list":["post-248","post","type-post","status-publish","format-standard","has-post-thumbnail","hentry","category-apotre-patriarche","category-visite-apotre-patriarche","category-visite-app"],"yoast_head":"<!-- This site is optimized with the Yoast SEO plugin v25.3.1 - https:\/\/yoast.com\/wordpress\/plugins\/seo\/ -->\n<title>Visite de l&#039;ap\u00f4tre patriarche Jean-Schneider : la tension monte et l\u2019organisation \u00e0 pied d\u2019\u0153uvre - Eglise N\u00e9o-Apostolique Kinshasa Ouest<\/title>\n<meta name=\"robots\" content=\"index, follow, max-snippet:-1, max-image-preview:large, max-video-preview:-1\" \/>\n<link rel=\"canonical\" href=\"https:\/\/ena-kinouest.net\/index.php\/2023\/07\/14\/visite-de-lapotre-patriarche-jean-schneider-la-tension-monte-et-lorganisation-a-pied-doeuvre\/\" \/>\n<meta property=\"og:locale\" content=\"fr_FR\" \/>\n<meta property=\"og:type\" content=\"article\" \/>\n<meta property=\"og:title\" content=\"Visite de l&#039;ap\u00f4tre patriarche Jean-Schneider : la tension monte et l\u2019organisation \u00e0 pied d\u2019\u0153uvre - Eglise N\u00e9o-Apostolique Kinshasa Ouest\" \/>\n<meta property=\"og:description\" content=\"\u00c0 moins de quarante-huit heures de l\u2019arriv\u00e9e de l&rsquo;ap\u00f4tre patriarche \u00e0 Kinshasa, l&rsquo;effervescence du peuple de Dieu de la R\u00e9publique d\u00e9mocratique du Congo est visible tant dans les communaut\u00e9s que sur les m\u00e9dias sociaux. Du c\u00f4t\u00e9 de l&rsquo;organisation, l\u2019heure est aux derniers r\u00e9glages. Zoom sur quelques commissions Le dimanche 9 juillet 2023, dans l&rsquo;apr\u00e8s-midi, une [&hellip;]\" \/>\n<meta property=\"og:url\" content=\"https:\/\/ena-kinouest.net\/index.php\/2023\/07\/14\/visite-de-lapotre-patriarche-jean-schneider-la-tension-monte-et-lorganisation-a-pied-doeuvre\/\" \/>\n<meta property=\"og:site_name\" content=\"Eglise N\u00e9o-Apostolique Kinshasa Ouest\" \/>\n<meta property=\"article:publisher\" content=\"https:\/\/web.facebook.com\/enardcouest\" \/>\n<meta property=\"article:published_time\" content=\"2023-07-13T22:01:39+00:00\" \/>\n<meta property=\"article:modified_time\" content=\"2023-07-13T22:11:05+00:00\" \/>\n<meta property=\"og:image\" content=\"https:\/\/ena-kinouest.net\/wp-content\/uploads\/2023\/07\/app-schneider-kinshasa-limete-commission-4.jpg\" \/>\n\t<meta property=\"og:image:width\" content=\"1024\" \/>\n\t<meta property=\"og:image:height\" content=\"768\" \/>\n\t<meta property=\"og:image:type\" content=\"image\/jpeg\" \/>\n<meta name=\"author\" content=\"Richard Ndambo\" \/>\n<meta name=\"twitter:card\" content=\"summary_large_image\" \/>\n<meta name=\"twitter:label1\" content=\"\u00c9crit par\" \/>\n\t<meta name=\"twitter:data1\" content=\"Richard Ndambo\" \/>\n\t<meta name=\"twitter:label2\" content=\"Dur\u00e9e de lecture estim\u00e9e\" \/>\n\t<meta name=\"twitter:data2\" content=\"3 minutes\" \/>\n<script type=\"application\/ld+json\" class=\"yoast-schema-graph\">{\"@context\":\"https:\/\/schema.org\",\"@graph\":[{\"@type\":\"Article\",\"@id\":\"https:\/\/ena-kinouest.net\/index.php\/2023\/07\/14\/visite-de-lapotre-patriarche-jean-schneider-la-tension-monte-et-lorganisation-a-pied-doeuvre\/#article\",\"isPartOf\":{\"@id\":\"https:\/\/ena-kinouest.net\/index.php\/2023\/07\/14\/visite-de-lapotre-patriarche-jean-schneider-la-tension-monte-et-lorganisation-a-pied-doeuvre\/\"},\"author\":{\"name\":\"Richard Ndambo\",\"@id\":\"https:\/\/ena-kinouest.net\/#\/schema\/person\/f7334ed5e23ccc9abd2568d6259181a8\"},\"headline\":\"Visite de l&rsquo;ap\u00f4tre patriarche Jean-Schneider : la tension monte et l\u2019organisation \u00e0 pied d\u2019\u0153uvre\",\"datePublished\":\"2023-07-13T22:01:39+00:00\",\"dateModified\":\"2023-07-13T22:11:05+00:00\",\"mainEntityOfPage\":{\"@id\":\"https:\/\/ena-kinouest.net\/index.php\/2023\/07\/14\/visite-de-lapotre-patriarche-jean-schneider-la-tension-monte-et-lorganisation-a-pied-doeuvre\/\"},\"wordCount\":520,\"commentCount\":1,\"publisher\":{\"@id\":\"https:\/\/ena-kinouest.net\/#organization\"},\"image\":{\"@id\":\"https:\/\/ena-kinouest.net\/index.php\/2023\/07\/14\/visite-de-lapotre-patriarche-jean-schneider-la-tension-monte-et-lorganisation-a-pied-doeuvre\/#primaryimage\"},\"thumbnailUrl\":\"https:\/\/i0.wp.com\/ena-kinouest.net\/wp-content\/uploads\/2023\/07\/app-schneider-kinshasa-limete-commission-4.jpg?fit=1024%2C768&ssl=1\",\"articleSection\":[\"ap\u00f4tre patriarche\",\"visite ap\u00f4tre patriarche\",\"visite app\"],\"inLanguage\":\"fr-FR\",\"potentialAction\":[{\"@type\":\"CommentAction\",\"name\":\"Comment\",\"target\":[\"https:\/\/ena-kinouest.net\/index.php\/2023\/07\/14\/visite-de-lapotre-patriarche-jean-schneider-la-tension-monte-et-lorganisation-a-pied-doeuvre\/#respond\"]}]},{\"@type\":\"WebPage\",\"@id\":\"https:\/\/ena-kinouest.net\/index.php\/2023\/07\/14\/visite-de-lapotre-patriarche-jean-schneider-la-tension-monte-et-lorganisation-a-pied-doeuvre\/\",\"url\":\"https:\/\/ena-kinouest.net\/index.php\/2023\/07\/14\/visite-de-lapotre-patriarche-jean-schneider-la-tension-monte-et-lorganisation-a-pied-doeuvre\/\",\"name\":\"Visite de l'ap\u00f4tre patriarche Jean-Schneider : la tension monte et l\u2019organisation \u00e0 pied d\u2019\u0153uvre - Eglise N\u00e9o-Apostolique Kinshasa Ouest\",\"isPartOf\":{\"@id\":\"https:\/\/ena-kinouest.net\/#website\"},\"primaryImageOfPage\":{\"@id\":\"https:\/\/ena-kinouest.net\/index.php\/2023\/07\/14\/visite-de-lapotre-patriarche-jean-schneider-la-tension-monte-et-lorganisation-a-pied-doeuvre\/#primaryimage\"},\"image\":{\"@id\":\"https:\/\/ena-kinouest.net\/index.php\/2023\/07\/14\/visite-de-lapotre-patriarche-jean-schneider-la-tension-monte-et-lorganisation-a-pied-doeuvre\/#primaryimage\"},\"thumbnailUrl\":\"https:\/\/i0.wp.com\/ena-kinouest.net\/wp-content\/uploads\/2023\/07\/app-schneider-kinshasa-limete-commission-4.jpg?fit=1024%2C768&ssl=1\",\"datePublished\":\"2023-07-13T22:01:39+00:00\",\"dateModified\":\"2023-07-13T22:11:05+00:00\",\"breadcrumb\":{\"@id\":\"https:\/\/ena-kinouest.net\/index.php\/2023\/07\/14\/visite-de-lapotre-patriarche-jean-schneider-la-tension-monte-et-lorganisation-a-pied-doeuvre\/#breadcrumb\"},\"inLanguage\":\"fr-FR\",\"potentialAction\":[{\"@type\":\"ReadAction\",\"target\":[\"https:\/\/ena-kinouest.net\/index.php\/2023\/07\/14\/visite-de-lapotre-patriarche-jean-schneider-la-tension-monte-et-lorganisation-a-pied-doeuvre\/\"]}]},{\"@type\":\"ImageObject\",\"inLanguage\":\"fr-FR\",\"@id\":\"https:\/\/ena-kinouest.net\/index.php\/2023\/07\/14\/visite-de-lapotre-patriarche-jean-schneider-la-tension-monte-et-lorganisation-a-pied-doeuvre\/#primaryimage\",\"url\":\"https:\/\/i0.wp.com\/ena-kinouest.net\/wp-content\/uploads\/2023\/07\/app-schneider-kinshasa-limete-commission-4.jpg?fit=1024%2C768&ssl=1\",\"contentUrl\":\"https:\/\/i0.wp.com\/ena-kinouest.net\/wp-content\/uploads\/2023\/07\/app-schneider-kinshasa-limete-commission-4.jpg?fit=1024%2C768&ssl=1\",\"width\":1024,\"height\":768},{\"@type\":\"BreadcrumbList\",\"@id\":\"https:\/\/ena-kinouest.net\/index.php\/2023\/07\/14\/visite-de-lapotre-patriarche-jean-schneider-la-tension-monte-et-lorganisation-a-pied-doeuvre\/#breadcrumb\",\"itemListElement\":[{\"@type\":\"ListItem\",\"position\":1,\"name\":\"Accueil\",\"item\":\"https:\/\/ena-kinouest.net\/\"},{\"@type\":\"ListItem\",\"position\":2,\"name\":\"Visite de l&rsquo;ap\u00f4tre patriarche Jean-Schneider : la tension monte et l\u2019organisation \u00e0 pied d\u2019\u0153uvre\"}]},{\"@type\":\"WebSite\",\"@id\":\"https:\/\/ena-kinouest.net\/#website\",\"url\":\"https:\/\/ena-kinouest.net\/\",\"name\":\"Eglise N\u00e9o-Apostolique Kinshasa Ouest\",\"description\":\"\",\"publisher\":{\"@id\":\"https:\/\/ena-kinouest.net\/#organization\"},\"alternateName\":\"ENA Kin-Ouest\",\"potentialAction\":[{\"@type\":\"SearchAction\",\"target\":{\"@type\":\"EntryPoint\",\"urlTemplate\":\"https:\/\/ena-kinouest.net\/?s={search_term_string}\"},\"query-input\":{\"@type\":\"PropertyValueSpecification\",\"valueRequired\":true,\"valueName\":\"search_term_string\"}}],\"inLanguage\":\"fr-FR\"},{\"@type\":\"Organization\",\"@id\":\"https:\/\/ena-kinouest.net\/#organization\",\"name\":\"Eglise N\u00e9o-Apostolique Kinshasa Ouest\",\"url\":\"https:\/\/ena-kinouest.net\/\",\"logo\":{\"@type\":\"ImageObject\",\"inLanguage\":\"fr-FR\",\"@id\":\"https:\/\/ena-kinouest.net\/#\/schema\/logo\/image\/\",\"url\":\"https:\/\/ena-kinouest.net\/wp-content\/uploads\/2023\/06\/Nak_logo.svg\",\"contentUrl\":\"https:\/\/ena-kinouest.net\/wp-content\/uploads\/2023\/06\/Nak_logo.svg\",\"width\":1493,\"height\":1491,\"caption\":\"Eglise N\u00e9o-Apostolique Kinshasa Ouest\"},\"image\":{\"@id\":\"https:\/\/ena-kinouest.net\/#\/schema\/logo\/image\/\"},\"sameAs\":[\"https:\/\/web.facebook.com\/enardcouest\",\"https:\/\/www.youtube.com\/@egliseneo-apostoliquekin-o4002\"]},{\"@type\":\"Person\",\"@id\":\"https:\/\/ena-kinouest.net\/#\/schema\/person\/f7334ed5e23ccc9abd2568d6259181a8\",\"name\":\"Richard Ndambo\",\"image\":{\"@type\":\"ImageObject\",\"inLanguage\":\"fr-FR\",\"@id\":\"https:\/\/ena-kinouest.net\/#\/schema\/person\/image\/\",\"url\":\"https:\/\/secure.gravatar.com\/avatar\/c6d701f2601c5305f8f43857230b2d8c2a589cb3e8df57744a048d17f21f7868?s=96&d=mm&r=g\",\"contentUrl\":\"https:\/\/secure.gravatar.com\/avatar\/c6d701f2601c5305f8f43857230b2d8c2a589cb3e8df57744a048d17f21f7868?s=96&d=mm&r=g\",\"caption\":\"Richard Ndambo\"},\"sameAs\":[\"https:\/\/ena-kinouest.net\"],\"url\":\"https:\/\/ena-kinouest.net\/index.php\/author\/rndambo\/\"}]}<\/script>\n<!-- \/ Yoast SEO plugin. -->","yoast_head_json":{"title":"Visite de l'ap\u00f4tre patriarche Jean-Schneider : la tension monte et l\u2019organisation \u00e0 pied d\u2019\u0153uvre - Eglise N\u00e9o-Apostolique Kinshasa Ouest","robots":{"index":"index","follow":"follow","max-snippet":"max-snippet:-1","max-image-preview":"max-image-preview:large","max-video-preview":"max-video-preview:-1"},"canonical":"https:\/\/ena-kinouest.net\/index.php\/2023\/07\/14\/visite-de-lapotre-patriarche-jean-schneider-la-tension-monte-et-lorganisation-a-pied-doeuvre\/","og_locale":"fr_FR","og_type":"article","og_title":"Visite de l'ap\u00f4tre patriarche Jean-Schneider : la tension monte et l\u2019organisation \u00e0 pied d\u2019\u0153uvre - Eglise N\u00e9o-Apostolique Kinshasa Ouest","og_description":"\u00c0 moins de quarante-huit heures de l\u2019arriv\u00e9e de l&rsquo;ap\u00f4tre patriarche \u00e0 Kinshasa, l&rsquo;effervescence du peuple de Dieu de la R\u00e9publique d\u00e9mocratique du Congo est visible tant dans les communaut\u00e9s que sur les m\u00e9dias sociaux. Du c\u00f4t\u00e9 de l&rsquo;organisation, l\u2019heure est aux derniers r\u00e9glages. Zoom sur quelques commissions Le dimanche 9 juillet 2023, dans l&rsquo;apr\u00e8s-midi, une [&hellip;]","og_url":"https:\/\/ena-kinouest.net\/index.php\/2023\/07\/14\/visite-de-lapotre-patriarche-jean-schneider-la-tension-monte-et-lorganisation-a-pied-doeuvre\/","og_site_name":"Eglise N\u00e9o-Apostolique Kinshasa Ouest","article_publisher":"https:\/\/web.facebook.com\/enardcouest","article_published_time":"2023-07-13T22:01:39+00:00","article_modified_time":"2023-07-13T22:11:05+00:00","og_image":[{"width":1024,"height":768,"url":"https:\/\/ena-kinouest.net\/wp-content\/uploads\/2023\/07\/app-schneider-kinshasa-limete-commission-4.jpg","type":"image\/jpeg"}],"author":"Richard Ndambo","twitter_card":"summary_large_image","twitter_misc":{"\u00c9crit par":"Richard Ndambo","Dur\u00e9e de lecture estim\u00e9e":"3 minutes"},"schema":{"@context":"https:\/\/schema.org","@graph":[{"@type":"Article","@id":"https:\/\/ena-kinouest.net\/index.php\/2023\/07\/14\/visite-de-lapotre-patriarche-jean-schneider-la-tension-monte-et-lorganisation-a-pied-doeuvre\/#article","isPartOf":{"@id":"https:\/\/ena-kinouest.net\/index.php\/2023\/07\/14\/visite-de-lapotre-patriarche-jean-schneider-la-tension-monte-et-lorganisation-a-pied-doeuvre\/"},"author":{"name":"Richard Ndambo","@id":"https:\/\/ena-kinouest.net\/#\/schema\/person\/f7334ed5e23ccc9abd2568d6259181a8"},"headline":"Visite de l&rsquo;ap\u00f4tre patriarche Jean-Schneider : la tension monte et l\u2019organisation \u00e0 pied d\u2019\u0153uvre","datePublished":"2023-07-13T22:01:39+00:00","dateModified":"2023-07-13T22:11:05+00:00","mainEntityOfPage":{"@id":"https:\/\/ena-kinouest.net\/index.php\/2023\/07\/14\/visite-de-lapotre-patriarche-jean-schneider-la-tension-monte-et-lorganisation-a-pied-doeuvre\/"},"wordCount":520,"commentCount":1,"publisher":{"@id":"https:\/\/ena-kinouest.net\/#organization"},"image":{"@id":"https:\/\/ena-kinouest.net\/index.php\/2023\/07\/14\/visite-de-lapotre-patriarche-jean-schneider-la-tension-monte-et-lorganisation-a-pied-doeuvre\/#primaryimage"},"thumbnailUrl":"https:\/\/i0.wp.com\/ena-kinouest.net\/wp-content\/uploads\/2023\/07\/app-schneider-kinshasa-limete-commission-4.jpg?fit=1024%2C768&ssl=1","articleSection":["ap\u00f4tre patriarche","visite ap\u00f4tre patriarche","visite app"],"inLanguage":"fr-FR","potentialAction":[{"@type":"CommentAction","name":"Comment","target":["https:\/\/ena-kinouest.net\/index.php\/2023\/07\/14\/visite-de-lapotre-patriarche-jean-schneider-la-tension-monte-et-lorganisation-a-pied-doeuvre\/#respond"]}]},{"@type":"WebPage","@id":"https:\/\/ena-kinouest.net\/index.php\/2023\/07\/14\/visite-de-lapotre-patriarche-jean-schneider-la-tension-monte-et-lorganisation-a-pied-doeuvre\/","url":"https:\/\/ena-kinouest.net\/index.php\/2023\/07\/14\/visite-de-lapotre-patriarche-jean-schneider-la-tension-monte-et-lorganisation-a-pied-doeuvre\/","name":"Visite de l'ap\u00f4tre patriarche Jean-Schneider : la tension monte et l\u2019organisation \u00e0 pied d\u2019\u0153uvre - Eglise N\u00e9o-Apostolique Kinshasa Ouest","isPartOf":{"@id":"https:\/\/ena-kinouest.net\/#website"},"primaryImageOfPage":{"@id":"https:\/\/ena-kinouest.net\/index.php\/2023\/07\/14\/visite-de-lapotre-patriarche-jean-schneider-la-tension-monte-et-lorganisation-a-pied-doeuvre\/#primaryimage"},"image":{"@id":"https:\/\/ena-kinouest.net\/index.php\/2023\/07\/14\/visite-de-lapotre-patriarche-jean-schneider-la-tension-monte-et-lorganisation-a-pied-doeuvre\/#primaryimage"},"thumbnailUrl":"https:\/\/i0.wp.com\/ena-kinouest.net\/wp-content\/uploads\/2023\/07\/app-schneider-kinshasa-limete-commission-4.jpg?fit=1024%2C768&ssl=1","datePublished":"2023-07-13T22:01:39+00:00","dateModified":"2023-07-13T22:11:05+00:00","breadcrumb":{"@id":"https:\/\/ena-kinouest.net\/index.php\/2023\/07\/14\/visite-de-lapotre-patriarche-jean-schneider-la-tension-monte-et-lorganisation-a-pied-doeuvre\/#breadcrumb"},"inLanguage":"fr-FR","potentialAction":[{"@type":"ReadAction","target":["https:\/\/ena-kinouest.net\/index.php\/2023\/07\/14\/visite-de-lapotre-patriarche-jean-schneider-la-tension-monte-et-lorganisation-a-pied-doeuvre\/"]}]},{"@type":"ImageObject","inLanguage":"fr-FR","@id":"https:\/\/ena-kinouest.net\/index.php\/2023\/07\/14\/visite-de-lapotre-patriarche-jean-schneider-la-tension-monte-et-lorganisation-a-pied-doeuvre\/#primaryimage","url":"https:\/\/i0.wp.com\/ena-kinouest.net\/wp-content\/uploads\/2023\/07\/app-schneider-kinshasa-limete-commission-4.jpg?fit=1024%2C768&ssl=1","contentUrl":"https:\/\/i0.wp.com\/ena-kinouest.net\/wp-content\/uploads\/2023\/07\/app-schneider-kinshasa-limete-commission-4.jpg?fit=1024%2C768&ssl=1","width":1024,"height":768},{"@type":"BreadcrumbList","@id":"https:\/\/ena-kinouest.net\/index.php\/2023\/07\/14\/visite-de-lapotre-patriarche-jean-schneider-la-tension-monte-et-lorganisation-a-pied-doeuvre\/#breadcrumb","itemListElement":[{"@type":"ListItem","position":1,"name":"Accueil","item":"https:\/\/ena-kinouest.net\/"},{"@type":"ListItem","position":2,"name":"Visite de l&rsquo;ap\u00f4tre patriarche Jean-Schneider : la tension monte et l\u2019organisation \u00e0 pied d\u2019\u0153uvre"}]},{"@type":"WebSite","@id":"https:\/\/ena-kinouest.net\/#website","url":"https:\/\/ena-kinouest.net\/","name":"Eglise N\u00e9o-Apostolique Kinshasa Ouest","description":"","publisher":{"@id":"https:\/\/ena-kinouest.net\/#organization"},"alternateName":"ENA Kin-Ouest","potentialAction":[{"@type":"SearchAction","target":{"@type":"EntryPoint","urlTemplate":"https:\/\/ena-kinouest.net\/?s={search_term_string}"},"query-input":{"@type":"PropertyValueSpecification","valueRequired":true,"valueName":"search_term_string"}}],"inLanguage":"fr-FR"},{"@type":"Organization","@id":"https:\/\/ena-kinouest.net\/#organization","name":"Eglise N\u00e9o-Apostolique Kinshasa Ouest","url":"https:\/\/ena-kinouest.net\/","logo":{"@type":"ImageObject","inLanguage":"fr-FR","@id":"https:\/\/ena-kinouest.net\/#\/schema\/logo\/image\/","url":"https:\/\/ena-kinouest.net\/wp-content\/uploads\/2023\/06\/Nak_logo.svg","contentUrl":"https:\/\/ena-kinouest.net\/wp-content\/uploads\/2023\/06\/Nak_logo.svg","width":1493,"height":1491,"caption":"Eglise N\u00e9o-Apostolique Kinshasa Ouest"},"image":{"@id":"https:\/\/ena-kinouest.net\/#\/schema\/logo\/image\/"},"sameAs":["https:\/\/web.facebook.com\/enardcouest","https:\/\/www.youtube.com\/@egliseneo-apostoliquekin-o4002"]},{"@type":"Person","@id":"https:\/\/ena-kinouest.net\/#\/schema\/person\/f7334ed5e23ccc9abd2568d6259181a8","name":"Richard Ndambo","image":{"@type":"ImageObject","inLanguage":"fr-FR","@id":"https:\/\/ena-kinouest.net\/#\/schema\/person\/image\/","url":"https:\/\/secure.gravatar.com\/avatar\/c6d701f2601c5305f8f43857230b2d8c2a589cb3e8df57744a048d17f21f7868?s=96&d=mm&r=g","contentUrl":"https:\/\/secure.gravatar.com\/avatar\/c6d701f2601c5305f8f43857230b2d8c2a589cb3e8df57744a048d17f21f7868?s=96&d=mm&r=g","caption":"Richard Ndambo"},"sameAs":["https:\/\/ena-kinouest.net"],"url":"https:\/\/ena-kinouest.net\/index.php\/author\/rndambo\/"}]}},"jetpack_featured_media_url":"https:\/\/i0.wp.com\/ena-kinouest.net\/wp-content\/uploads\/2023\/07\/app-schneider-kinshasa-limete-commission-4.jpg?fit=1024%2C768&ssl=1","jetpack-related-posts":[],"jetpack_sharing_enabled":true,"_links":{"self":[{"href":"https:\/\/ena-kinouest.net\/index.php\/wp-json\/wp\/v2\/posts\/248","targetHints":{"allow":["GET"]}}],"collection":[{"href":"https:\/\/ena-kinouest.net\/index.php\/wp-json\/wp\/v2\/posts"}],"about":[{"href":"https:\/\/ena-kinouest.net\/index.php\/wp-json\/wp\/v2\/types\/post"}],"author":[{"embeddable":true,"href":"https:\/\/ena-kinouest.net\/index.php\/wp-json\/wp\/v2\/users\/1"}],"replies":[{"embeddable":true,"href":"https:\/\/ena-kinouest.net\/index.php\/wp-json\/wp\/v2\/comments?post=248"}],"version-history":[{"count":5,"href":"https:\/\/ena-kinouest.net\/index.php\/wp-json\/wp\/v2\/posts\/248\/revisions"}],"predecessor-version":[{"id":260,"href":"https:\/\/ena-kinouest.net\/index.php\/wp-json\/wp\/v2\/posts\/248\/revisions\/260"}],"wp:featuredmedia":[{"embeddable":true,"href":"https:\/\/ena-kinouest.net\/index.php\/wp-json\/wp\/v2\/media\/249"}],"wp:attachment":[{"href":"https:\/\/ena-kinouest.net\/index.php\/wp-json\/wp\/v2\/media?parent=248"}],"wp:term":[{"taxonomy":"category","embeddable":true,"href":"https:\/\/ena-kinouest.net\/index.php\/wp-json\/wp\/v2\/categories?post=248"},{"taxonomy":"post_tag","embeddable":true,"href":"https:\/\/ena-kinouest.net\/index.php\/wp-json\/wp\/v2\/tags?post=248"}],"curies":[{"name":"wp","href":"https:\/\/api.w.org\/{rel}","templated":true}]}}