{"id":261,"date":"2023-07-14T23:49:02","date_gmt":"2023-07-14T21:49:02","guid":{"rendered":"https:\/\/ena-kinouest.net\/?p=261"},"modified":"2023-07-15T10:11:48","modified_gmt":"2023-07-15T08:11:48","slug":"visite-de-lapotre-patriarche-jean-luc-schneider-ce-que-vous-devez-savoir","status":"publish","type":"post","link":"https:\/\/ena-kinouest.net\/index.php\/2023\/07\/14\/visite-de-lapotre-patriarche-jean-luc-schneider-ce-que-vous-devez-savoir\/","title":{"rendered":"Visite de l\u2019ap\u00f4tre patriarche Jean-Luc Schneider : ce que vous devez savoir"},"content":{"rendered":"\t\t<div data-elementor-type=\"wp-post\" data-elementor-id=\"261\" class=\"elementor elementor-261\">\n\t\t\t\t\t\t<section class=\"elementor-section elementor-top-section elementor-element elementor-element-2ccaca0 elementor-section-boxed elementor-section-height-default elementor-section-height-default\" data-id=\"2ccaca0\" data-element_type=\"section\">\n\t\t\t\t\t\t<div class=\"elementor-container elementor-column-gap-default\">\n\t\t\t\t\t<div class=\"elementor-column elementor-col-100 elementor-top-column elementor-element elementor-element-7530e41\" data-id=\"7530e41\" data-element_type=\"column\">\n\t\t\t<div class=\"elementor-widget-wrap elementor-element-populated\">\n\t\t\t\t\t\t<div class=\"elementor-element elementor-element-b7fd238 elementor-widget elementor-widget-text-editor\" data-id=\"b7fd238\" data-element_type=\"widget\" data-widget_type=\"text-editor.default\">\n\t\t\t\t<div class=\"elementor-widget-container\">\n\t\t\t\t\t\t\t\t\t<p><span style=\"font-weight: 400;\">Tel qu\u2019annonc\u00e9 depuis plusieurs mois, l\u2019ap\u00f4tre patriarche visite depuis ce vendredi le peuple de Dieu de l\u2019Eglise territoriale de la R\u00e9publique D\u00e9mocratique du Congo Ouest. Dans ce court article, nous vous donnons l\u2019essentiel de ce que vous devez savoir \u00e0 propos du primat de l\u2019Eglise et de cet \u00e9v\u00e8nement.<\/span><\/p>\t\t\t\t\t\t\t\t<\/div>\n\t\t\t\t<\/div>\n\t\t\t\t<div class=\"elementor-element elementor-element-9638348 elementor-widget elementor-widget-image\" data-id=\"9638348\" data-element_type=\"widget\" data-widget_type=\"image.default\">\n\t\t\t\t<div class=\"elementor-widget-container\">\n\t\t\t\t\t\t\t\t\t\t\t\t\t\t\t<img decoding=\"async\" src=\"https:\/\/i0.wp.com\/ena-kinouest.net\/wp-content\/uploads\/2023\/07\/APP-JEAN-LLUC-KIN-OUEST-1-1.jpg?fit=1200%2C600&#038;ssl=1\" title=\"APP JEAN LLUC KIN OUEST (1)\" alt=\"APP JEAN LLUC KIN OUEST (1)\" loading=\"lazy\" \/>\t\t\t\t\t\t\t\t\t\t\t\t\t\t\t<\/div>\n\t\t\t\t<\/div>\n\t\t\t\t<div class=\"elementor-element elementor-element-58ce74d elementor-widget elementor-widget-heading\" data-id=\"58ce74d\" data-element_type=\"widget\" data-widget_type=\"heading.default\">\n\t\t\t\t<div class=\"elementor-widget-container\">\n\t\t\t\t\t<h2 class=\"elementor-heading-title elementor-size-default\">Qui est l\u2019ap\u00f4tre-patriarche ?<\/h2>\t\t\t\t<\/div>\n\t\t\t\t<\/div>\n\t\t\t\t<div class=\"elementor-element elementor-element-6aed461 elementor-widget elementor-widget-text-editor\" data-id=\"6aed461\" data-element_type=\"widget\" data-widget_type=\"text-editor.default\">\n\t\t\t\t<div class=\"elementor-widget-container\">\n\t\t\t\t\t\t\t\t\t<p><span style=\"font-weight: 400;\">Sur le plan organisationnel, l\u2019ap\u00f4tre patriarche est le pr\u00e9sident mondial de l\u2019Eglise n\u00e9o-apostolique internationale. Tandis que sur le plan spirituel, c\u2019est le chef spirituel de l\u2019<\/span><span style=\"font-weight: 400;\">Eglise n\u00e9o &#8211; apostolique<\/span><span style=\"font-weight: 400;\">. Il est le ministre qui remplit au sein de l\u2019Eglise le service et les t\u00e2ches dont le Seigneur avait investis l\u2019ap\u00f4tre Pierre, <a href=\"https:\/\/nak.org\/fr\/quisommesnous\/catechisme?id=ddbeb585-0492-4c34-8728-9919034ed266\">selon le Cat\u00e9chisme de l\u2019Eglise (7.6.6)<\/a><\/span><span style=\"font-weight: 400;\">\u00a0\u00e0 savoir :<\/span><\/p><ul><li><span style=\"background-color: transparent; color: var( --e-global-color-text ); font-family: var( --e-global-typography-text-font-family ), Sans-serif;\">\u00catre le roc sur lequel J\u00e9sus b\u00e2tit son Eglise (Mt 16 :18-19)<\/span><\/li><li><span style=\"font-weight: 400;\">\u0152uvrer en vue de r\u00e9aliser l\u2019unit\u00e9 des ap\u00f4tres, en affermissant ses fr\u00e8res (Luc 22 :32)<\/span><\/li><li>Pa\u00eetre les agneaux et les brebis<span style=\"color: var( --e-global-color-text ); font-family: var( --e-global-typography-text-font-family ), Sans-serif; font-size: 1rem;\">\u00a0de Christ (Jn 21 :15-17)<\/span><\/li><\/ul>\t\t\t\t\t\t\t\t<\/div>\n\t\t\t\t<\/div>\n\t\t\t\t<div class=\"elementor-element elementor-element-41728ec elementor-widget elementor-widget-text-editor\" data-id=\"41728ec\" data-element_type=\"widget\" data-widget_type=\"text-editor.default\">\n\t\t\t\t<div class=\"elementor-widget-container\">\n\t\t\t\t\t\t\t\t\t<p><span style=\"font-weight: 400;\">Jean Luc Schneider assure le minist\u00e8re d\u2019ap\u00f4tre patriarche depuis 2013, fran\u00e7ais d\u2019origine, \u00e2g\u00e9 de 63 ans,<a href=\"https:\/\/nac.today\/fr\/a\/161641\"> il a succ\u00e9d\u00e9 \u00e0 l\u2019ap\u00f4tre patriarche Wilhelm Leber <\/a>(2005 &#8211; 2013)<\/span><span style=\"font-weight: 400;\">.<\/span><\/p><p><span style=\"font-weight: 400;\">Dans le cadre de son service et t\u00e2ches, l\u2019ap\u00f4tre patriarche effectue des missions apostoliques dans le monde entier pour rencontrer les enfants de Dieu, encourager les serviteurs et pr\u00e9parer l\u2019Eglise \u00e9pouse pour le retour du Christ. C\u2019est dans ce cadre qu\u2019il s\u00e9journe<\/span><span style=\"font-weight: 400;\">ra<\/span> <span style=\"font-weight: 400;\">en <\/span><span style=\"font-weight: 400;\">R\u00e9publique D\u00e9mocratique du Congo<\/span><span style=\"font-weight: 400;\"> pour une visite d\u2019environ une semaine, soit du 14 au 20 juillet 2023.<\/span><\/p>\t\t\t\t\t\t\t\t<\/div>\n\t\t\t\t<\/div>\n\t\t\t\t<div class=\"elementor-element elementor-element-f08a459 elementor-widget elementor-widget-heading\" data-id=\"f08a459\" data-element_type=\"widget\" data-widget_type=\"heading.default\">\n\t\t\t\t<div class=\"elementor-widget-container\">\n\t\t\t\t\t<h2 class=\"elementor-heading-title elementor-size-default\">Les Eglises territoriales de la RD Congo<\/h2>\t\t\t\t<\/div>\n\t\t\t\t<\/div>\n\t\t\t\t<div class=\"elementor-element elementor-element-44036dc elementor-widget elementor-widget-text-editor\" data-id=\"44036dc\" data-element_type=\"widget\" data-widget_type=\"text-editor.default\">\n\t\t\t\t<div class=\"elementor-widget-container\">\n\t\t\t\t\t\t\t\t\t<p><span style=\"font-weight: 400;\">La R\u00e9publique D\u00e9mocratique du Congo comprend deux \u00e9glises territoriales, celle du Congo Sud-Est<\/span><span style=\"font-weight: 400;\">, ainsi que celle du Congo Ouest. C\u2019est cette derni\u00e8re qui aura la<\/span>\u00a0<span style=\"font-weight: 400;\">gr\u00e2ce<\/span><span style=\"font-weight: 400;\"> d\u2019accueillir le primat de l\u2019Eglise, <\/span><span style=\"font-weight: 400;\">en premier.<\/span><\/p><p><span style=\"font-weight: 400;\">Notons que l&rsquo;<\/span><span style=\"font-weight: 400;\">\u00e9glise territoriale de la <a href=\"http:\/\/www.enardc-ouest.org\/page.php?page=Presentation\">RD Congo<\/a><\/span><span style=\"font-weight: 400;\"><a href=\"http:\/\/www.enardc-ouest.org\/page.php?page=Presentation\"> Ouest existe officiellement depuis 2010<\/a> et est dirig\u00e9<\/span><span style=\"font-weight: 400;\">e<\/span><span style=\"font-weight: 400;\"> par l\u2019ap\u00f4tre d<\/span><span style=\"font-weight: 400;\">e<\/span><span style=\"font-weight: 400;\"> district <a href=\"https:\/\/nak.org\/fr\/db\/14274\/Bekanntmachungen\/Kongo-West-mit-eigenem-Bezirksapostel\">Michael Deppner.<\/a> Elle comprend <\/span><span style=\"font-weight: 400;\">les r\u00e9gions ci-apr\u00e8s : le grand Equateur, le Grand Bandundu, le Kongo Central et la ville province de Kinshasa.<\/span><\/p>\t\t\t\t\t\t\t\t<\/div>\n\t\t\t\t<\/div>\n\t\t\t\t<div class=\"elementor-element elementor-element-020413b elementor-widget elementor-widget-heading\" data-id=\"020413b\" data-element_type=\"widget\" data-widget_type=\"heading.default\">\n\t\t\t\t<div class=\"elementor-widget-container\">\n\t\t\t\t\t<h2 class=\"elementor-heading-title elementor-size-default\">Trois grandes dates \u00e0 retenir<\/h2>\t\t\t\t<\/div>\n\t\t\t\t<\/div>\n\t\t\t\t<div class=\"elementor-element elementor-element-3c72565 elementor-widget elementor-widget-text-editor\" data-id=\"3c72565\" data-element_type=\"widget\" data-widget_type=\"text-editor.default\">\n\t\t\t\t<div class=\"elementor-widget-container\">\n\t\t\t\t\t\t\t\t\t<p><span style=\"font-weight: 400;\">Plusieurs <a href=\"https:\/\/ena-kinouest.net\/index.php\/2023\/07\/10\/congo-ouest-apotre-patriarche-jean-luc-schneider-a-kinshasa\/\">activit\u00e9s sont pr\u00e9vues au cours de son s\u00e9jour au Congo<\/a>. Parmi elles :<\/span><\/p>\n<ul>\n<li><span style=\"font-weight: 400;\">Un service divin avec les encadreurs (Formation &amp; <\/span><span style=\"font-weight: 400;\">Encadreurs<\/span><span style=\"font-weight: 400;\"> Enseignement) \u00e0 Kinshasa : il aura lieu le dimanche 16 juillet, \u00e0 la chapelle Limete central. Les autres enfants de Dieu le suivront en direct \u00e0 la t\u00e9l\u00e9vision (RTNC &amp; Digital Congo) ainsi que sur les plateformes sociales de l\u2019Eglise territoriale.<\/span><\/li>\n<li><span style=\"font-weight: 400;\">Le concert chant agr\u00e9ment\u00e9 par la chorale du champ apostolique de Kinshasa Nord Est : il se tiendra le lundi 17 juillet, toujours \u00e0 la chapelle de Limete central. Il sera aussi diffus\u00e9 en direct sur les plateformes sociales de l\u2019Eglise territoriale.<\/span><\/li><li>Un service divin au Kwilu-Ngongo, situ\u00e9 \u00e0 plus de 190 kilom\u00e8tres de Kinshasa<span style=\"background-color: transparent; color: var( --e-global-color-text ); font-family: var( --e-global-typography-text-font-family ), Sans-serif;\">, une autre occasion de communion fraternelle dans la maison de Dieu.<\/span><\/li>\n<\/ul>\t\t\t\t\t\t\t\t<\/div>\n\t\t\t\t<\/div>\n\t\t\t\t\t<\/div>\n\t\t<\/div>\n\t\t\t\t\t<\/div>\n\t\t<\/section>\n\t\t\t\t<\/div>\n\t\t","protected":false},"excerpt":{"rendered":"<p>Tel qu\u2019annonc\u00e9 depuis plusieurs mois, l\u2019ap\u00f4tre patriarche visite depuis ce vendredi le peuple de Dieu de l\u2019Eglise territoriale de la R\u00e9publique D\u00e9mocratique du Congo Ouest. Dans ce court article, nous vous donnons l\u2019essentiel de ce que vous devez savoir \u00e0 propos du primat de l\u2019Eglise et de cet \u00e9v\u00e8nement. Qui est l\u2019ap\u00f4tre-patriarche ? Sur le [&hellip;]<\/p>\n","protected":false},"author":1,"featured_media":322,"comment_status":"open","ping_status":"open","sticky":false,"template":"","format":"standard","meta":{"_jetpack_memberships_contains_paid_content":false,"footnotes":""},"categories":[17,18],"tags":[],"class_list":["post-261","post","type-post","status-publish","format-standard","has-post-thumbnail","hentry","category-apotre-patriarche","category-visite-apotre-patriarche"],"yoast_head":"<!-- This site is optimized with the Yoast SEO plugin v25.3.1 - https:\/\/yoast.com\/wordpress\/plugins\/seo\/ -->\n<title>Visite de l\u2019ap\u00f4tre patriarche Jean-Luc Schneider : ce que vous devez savoir - Eglise N\u00e9o-Apostolique Kinshasa Ouest<\/title>\n<meta name=\"robots\" content=\"index, follow, max-snippet:-1, max-image-preview:large, max-video-preview:-1\" \/>\n<link rel=\"canonical\" href=\"https:\/\/ena-kinouest.net\/index.php\/2023\/07\/14\/visite-de-lapotre-patriarche-jean-luc-schneider-ce-que-vous-devez-savoir\/\" \/>\n<meta property=\"og:locale\" content=\"fr_FR\" \/>\n<meta property=\"og:type\" content=\"article\" \/>\n<meta property=\"og:title\" content=\"Visite de l\u2019ap\u00f4tre patriarche Jean-Luc Schneider : ce que vous devez savoir - Eglise N\u00e9o-Apostolique Kinshasa Ouest\" \/>\n<meta property=\"og:description\" content=\"Tel qu\u2019annonc\u00e9 depuis plusieurs mois, l\u2019ap\u00f4tre patriarche visite depuis ce vendredi le peuple de Dieu de l\u2019Eglise territoriale de la R\u00e9publique D\u00e9mocratique du Congo Ouest. Dans ce court article, nous vous donnons l\u2019essentiel de ce que vous devez savoir \u00e0 propos du primat de l\u2019Eglise et de cet \u00e9v\u00e8nement. Qui est l\u2019ap\u00f4tre-patriarche ? Sur le [&hellip;]\" \/>\n<meta property=\"og:url\" content=\"https:\/\/ena-kinouest.net\/index.php\/2023\/07\/14\/visite-de-lapotre-patriarche-jean-luc-schneider-ce-que-vous-devez-savoir\/\" \/>\n<meta property=\"og:site_name\" content=\"Eglise N\u00e9o-Apostolique Kinshasa Ouest\" \/>\n<meta property=\"article:publisher\" content=\"https:\/\/web.facebook.com\/enardcouest\" \/>\n<meta property=\"article:published_time\" content=\"2023-07-14T21:49:02+00:00\" \/>\n<meta property=\"article:modified_time\" content=\"2023-07-15T08:11:48+00:00\" \/>\n<meta property=\"og:image\" content=\"https:\/\/ena-kinouest.net\/wp-content\/uploads\/2023\/07\/APP-JEAN-LLUC-KIN-OUEST-1-1.jpg\" \/>\n\t<meta property=\"og:image:width\" content=\"1250\" \/>\n\t<meta property=\"og:image:height\" content=\"834\" \/>\n\t<meta property=\"og:image:type\" content=\"image\/jpeg\" \/>\n<meta name=\"author\" content=\"Richard Ndambo\" \/>\n<meta name=\"twitter:card\" content=\"summary_large_image\" \/>\n<meta name=\"twitter:label1\" content=\"\u00c9crit par\" \/>\n\t<meta name=\"twitter:data1\" content=\"Richard Ndambo\" \/>\n\t<meta name=\"twitter:label2\" content=\"Dur\u00e9e de lecture estim\u00e9e\" \/>\n\t<meta name=\"twitter:data2\" content=\"3 minutes\" \/>\n<script type=\"application\/ld+json\" class=\"yoast-schema-graph\">{\"@context\":\"https:\/\/schema.org\",\"@graph\":[{\"@type\":\"Article\",\"@id\":\"https:\/\/ena-kinouest.net\/index.php\/2023\/07\/14\/visite-de-lapotre-patriarche-jean-luc-schneider-ce-que-vous-devez-savoir\/#article\",\"isPartOf\":{\"@id\":\"https:\/\/ena-kinouest.net\/index.php\/2023\/07\/14\/visite-de-lapotre-patriarche-jean-luc-schneider-ce-que-vous-devez-savoir\/\"},\"author\":{\"name\":\"Richard Ndambo\",\"@id\":\"https:\/\/ena-kinouest.net\/#\/schema\/person\/f7334ed5e23ccc9abd2568d6259181a8\"},\"headline\":\"Visite de l\u2019ap\u00f4tre patriarche Jean-Luc Schneider : ce que vous devez savoir\",\"datePublished\":\"2023-07-14T21:49:02+00:00\",\"dateModified\":\"2023-07-15T08:11:48+00:00\",\"mainEntityOfPage\":{\"@id\":\"https:\/\/ena-kinouest.net\/index.php\/2023\/07\/14\/visite-de-lapotre-patriarche-jean-luc-schneider-ce-que-vous-devez-savoir\/\"},\"wordCount\":511,\"commentCount\":2,\"publisher\":{\"@id\":\"https:\/\/ena-kinouest.net\/#organization\"},\"image\":{\"@id\":\"https:\/\/ena-kinouest.net\/index.php\/2023\/07\/14\/visite-de-lapotre-patriarche-jean-luc-schneider-ce-que-vous-devez-savoir\/#primaryimage\"},\"thumbnailUrl\":\"https:\/\/i0.wp.com\/ena-kinouest.net\/wp-content\/uploads\/2023\/07\/APP-JEAN-LLUC-KIN-OUEST-1-1.jpg?fit=1250%2C834&ssl=1\",\"articleSection\":[\"ap\u00f4tre patriarche\",\"visite ap\u00f4tre patriarche\"],\"inLanguage\":\"fr-FR\",\"potentialAction\":[{\"@type\":\"CommentAction\",\"name\":\"Comment\",\"target\":[\"https:\/\/ena-kinouest.net\/index.php\/2023\/07\/14\/visite-de-lapotre-patriarche-jean-luc-schneider-ce-que-vous-devez-savoir\/#respond\"]}]},{\"@type\":\"WebPage\",\"@id\":\"https:\/\/ena-kinouest.net\/index.php\/2023\/07\/14\/visite-de-lapotre-patriarche-jean-luc-schneider-ce-que-vous-devez-savoir\/\",\"url\":\"https:\/\/ena-kinouest.net\/index.php\/2023\/07\/14\/visite-de-lapotre-patriarche-jean-luc-schneider-ce-que-vous-devez-savoir\/\",\"name\":\"Visite de l\u2019ap\u00f4tre patriarche Jean-Luc Schneider : ce que vous devez savoir - Eglise N\u00e9o-Apostolique Kinshasa Ouest\",\"isPartOf\":{\"@id\":\"https:\/\/ena-kinouest.net\/#website\"},\"primaryImageOfPage\":{\"@id\":\"https:\/\/ena-kinouest.net\/index.php\/2023\/07\/14\/visite-de-lapotre-patriarche-jean-luc-schneider-ce-que-vous-devez-savoir\/#primaryimage\"},\"image\":{\"@id\":\"https:\/\/ena-kinouest.net\/index.php\/2023\/07\/14\/visite-de-lapotre-patriarche-jean-luc-schneider-ce-que-vous-devez-savoir\/#primaryimage\"},\"thumbnailUrl\":\"https:\/\/i0.wp.com\/ena-kinouest.net\/wp-content\/uploads\/2023\/07\/APP-JEAN-LLUC-KIN-OUEST-1-1.jpg?fit=1250%2C834&ssl=1\",\"datePublished\":\"2023-07-14T21:49:02+00:00\",\"dateModified\":\"2023-07-15T08:11:48+00:00\",\"breadcrumb\":{\"@id\":\"https:\/\/ena-kinouest.net\/index.php\/2023\/07\/14\/visite-de-lapotre-patriarche-jean-luc-schneider-ce-que-vous-devez-savoir\/#breadcrumb\"},\"inLanguage\":\"fr-FR\",\"potentialAction\":[{\"@type\":\"ReadAction\",\"target\":[\"https:\/\/ena-kinouest.net\/index.php\/2023\/07\/14\/visite-de-lapotre-patriarche-jean-luc-schneider-ce-que-vous-devez-savoir\/\"]}]},{\"@type\":\"ImageObject\",\"inLanguage\":\"fr-FR\",\"@id\":\"https:\/\/ena-kinouest.net\/index.php\/2023\/07\/14\/visite-de-lapotre-patriarche-jean-luc-schneider-ce-que-vous-devez-savoir\/#primaryimage\",\"url\":\"https:\/\/i0.wp.com\/ena-kinouest.net\/wp-content\/uploads\/2023\/07\/APP-JEAN-LLUC-KIN-OUEST-1-1.jpg?fit=1250%2C834&ssl=1\",\"contentUrl\":\"https:\/\/i0.wp.com\/ena-kinouest.net\/wp-content\/uploads\/2023\/07\/APP-JEAN-LLUC-KIN-OUEST-1-1.jpg?fit=1250%2C834&ssl=1\",\"width\":1250,\"height\":834},{\"@type\":\"BreadcrumbList\",\"@id\":\"https:\/\/ena-kinouest.net\/index.php\/2023\/07\/14\/visite-de-lapotre-patriarche-jean-luc-schneider-ce-que-vous-devez-savoir\/#breadcrumb\",\"itemListElement\":[{\"@type\":\"ListItem\",\"position\":1,\"name\":\"Accueil\",\"item\":\"https:\/\/ena-kinouest.net\/\"},{\"@type\":\"ListItem\",\"position\":2,\"name\":\"Visite de l\u2019ap\u00f4tre patriarche Jean-Luc Schneider : ce que vous devez savoir\"}]},{\"@type\":\"WebSite\",\"@id\":\"https:\/\/ena-kinouest.net\/#website\",\"url\":\"https:\/\/ena-kinouest.net\/\",\"name\":\"Eglise N\u00e9o-Apostolique Kinshasa Ouest\",\"description\":\"\",\"publisher\":{\"@id\":\"https:\/\/ena-kinouest.net\/#organization\"},\"alternateName\":\"ENA Kin-Ouest\",\"potentialAction\":[{\"@type\":\"SearchAction\",\"target\":{\"@type\":\"EntryPoint\",\"urlTemplate\":\"https:\/\/ena-kinouest.net\/?s={search_term_string}\"},\"query-input\":{\"@type\":\"PropertyValueSpecification\",\"valueRequired\":true,\"valueName\":\"search_term_string\"}}],\"inLanguage\":\"fr-FR\"},{\"@type\":\"Organization\",\"@id\":\"https:\/\/ena-kinouest.net\/#organization\",\"name\":\"Eglise N\u00e9o-Apostolique Kinshasa Ouest\",\"url\":\"https:\/\/ena-kinouest.net\/\",\"logo\":{\"@type\":\"ImageObject\",\"inLanguage\":\"fr-FR\",\"@id\":\"https:\/\/ena-kinouest.net\/#\/schema\/logo\/image\/\",\"url\":\"https:\/\/ena-kinouest.net\/wp-content\/uploads\/2023\/06\/Nak_logo.svg\",\"contentUrl\":\"https:\/\/ena-kinouest.net\/wp-content\/uploads\/2023\/06\/Nak_logo.svg\",\"width\":1493,\"height\":1491,\"caption\":\"Eglise N\u00e9o-Apostolique Kinshasa Ouest\"},\"image\":{\"@id\":\"https:\/\/ena-kinouest.net\/#\/schema\/logo\/image\/\"},\"sameAs\":[\"https:\/\/web.facebook.com\/enardcouest\",\"https:\/\/www.youtube.com\/@egliseneo-apostoliquekin-o4002\"]},{\"@type\":\"Person\",\"@id\":\"https:\/\/ena-kinouest.net\/#\/schema\/person\/f7334ed5e23ccc9abd2568d6259181a8\",\"name\":\"Richard Ndambo\",\"image\":{\"@type\":\"ImageObject\",\"inLanguage\":\"fr-FR\",\"@id\":\"https:\/\/ena-kinouest.net\/#\/schema\/person\/image\/\",\"url\":\"https:\/\/secure.gravatar.com\/avatar\/c6d701f2601c5305f8f43857230b2d8c2a589cb3e8df57744a048d17f21f7868?s=96&d=mm&r=g\",\"contentUrl\":\"https:\/\/secure.gravatar.com\/avatar\/c6d701f2601c5305f8f43857230b2d8c2a589cb3e8df57744a048d17f21f7868?s=96&d=mm&r=g\",\"caption\":\"Richard Ndambo\"},\"sameAs\":[\"https:\/\/ena-kinouest.net\"],\"url\":\"https:\/\/ena-kinouest.net\/index.php\/author\/rndambo\/\"}]}<\/script>\n<!-- \/ Yoast SEO plugin. -->","yoast_head_json":{"title":"Visite de l\u2019ap\u00f4tre patriarche Jean-Luc Schneider : ce que vous devez savoir - Eglise N\u00e9o-Apostolique Kinshasa Ouest","robots":{"index":"index","follow":"follow","max-snippet":"max-snippet:-1","max-image-preview":"max-image-preview:large","max-video-preview":"max-video-preview:-1"},"canonical":"https:\/\/ena-kinouest.net\/index.php\/2023\/07\/14\/visite-de-lapotre-patriarche-jean-luc-schneider-ce-que-vous-devez-savoir\/","og_locale":"fr_FR","og_type":"article","og_title":"Visite de l\u2019ap\u00f4tre patriarche Jean-Luc Schneider : ce que vous devez savoir - Eglise N\u00e9o-Apostolique Kinshasa Ouest","og_description":"Tel qu\u2019annonc\u00e9 depuis plusieurs mois, l\u2019ap\u00f4tre patriarche visite depuis ce vendredi le peuple de Dieu de l\u2019Eglise territoriale de la R\u00e9publique D\u00e9mocratique du Congo Ouest. Dans ce court article, nous vous donnons l\u2019essentiel de ce que vous devez savoir \u00e0 propos du primat de l\u2019Eglise et de cet \u00e9v\u00e8nement. Qui est l\u2019ap\u00f4tre-patriarche ? Sur le [&hellip;]","og_url":"https:\/\/ena-kinouest.net\/index.php\/2023\/07\/14\/visite-de-lapotre-patriarche-jean-luc-schneider-ce-que-vous-devez-savoir\/","og_site_name":"Eglise N\u00e9o-Apostolique Kinshasa Ouest","article_publisher":"https:\/\/web.facebook.com\/enardcouest","article_published_time":"2023-07-14T21:49:02+00:00","article_modified_time":"2023-07-15T08:11:48+00:00","og_image":[{"width":1250,"height":834,"url":"https:\/\/ena-kinouest.net\/wp-content\/uploads\/2023\/07\/APP-JEAN-LLUC-KIN-OUEST-1-1.jpg","type":"image\/jpeg"}],"author":"Richard Ndambo","twitter_card":"summary_large_image","twitter_misc":{"\u00c9crit par":"Richard Ndambo","Dur\u00e9e de lecture estim\u00e9e":"3 minutes"},"schema":{"@context":"https:\/\/schema.org","@graph":[{"@type":"Article","@id":"https:\/\/ena-kinouest.net\/index.php\/2023\/07\/14\/visite-de-lapotre-patriarche-jean-luc-schneider-ce-que-vous-devez-savoir\/#article","isPartOf":{"@id":"https:\/\/ena-kinouest.net\/index.php\/2023\/07\/14\/visite-de-lapotre-patriarche-jean-luc-schneider-ce-que-vous-devez-savoir\/"},"author":{"name":"Richard Ndambo","@id":"https:\/\/ena-kinouest.net\/#\/schema\/person\/f7334ed5e23ccc9abd2568d6259181a8"},"headline":"Visite de l\u2019ap\u00f4tre patriarche Jean-Luc Schneider : ce que vous devez savoir","datePublished":"2023-07-14T21:49:02+00:00","dateModified":"2023-07-15T08:11:48+00:00","mainEntityOfPage":{"@id":"https:\/\/ena-kinouest.net\/index.php\/2023\/07\/14\/visite-de-lapotre-patriarche-jean-luc-schneider-ce-que-vous-devez-savoir\/"},"wordCount":511,"commentCount":2,"publisher":{"@id":"https:\/\/ena-kinouest.net\/#organization"},"image":{"@id":"https:\/\/ena-kinouest.net\/index.php\/2023\/07\/14\/visite-de-lapotre-patriarche-jean-luc-schneider-ce-que-vous-devez-savoir\/#primaryimage"},"thumbnailUrl":"https:\/\/i0.wp.com\/ena-kinouest.net\/wp-content\/uploads\/2023\/07\/APP-JEAN-LLUC-KIN-OUEST-1-1.jpg?fit=1250%2C834&ssl=1","articleSection":["ap\u00f4tre patriarche","visite ap\u00f4tre patriarche"],"inLanguage":"fr-FR","potentialAction":[{"@type":"CommentAction","name":"Comment","target":["https:\/\/ena-kinouest.net\/index.php\/2023\/07\/14\/visite-de-lapotre-patriarche-jean-luc-schneider-ce-que-vous-devez-savoir\/#respond"]}]},{"@type":"WebPage","@id":"https:\/\/ena-kinouest.net\/index.php\/2023\/07\/14\/visite-de-lapotre-patriarche-jean-luc-schneider-ce-que-vous-devez-savoir\/","url":"https:\/\/ena-kinouest.net\/index.php\/2023\/07\/14\/visite-de-lapotre-patriarche-jean-luc-schneider-ce-que-vous-devez-savoir\/","name":"Visite de l\u2019ap\u00f4tre patriarche Jean-Luc Schneider : ce que vous devez savoir - Eglise N\u00e9o-Apostolique Kinshasa Ouest","isPartOf":{"@id":"https:\/\/ena-kinouest.net\/#website"},"primaryImageOfPage":{"@id":"https:\/\/ena-kinouest.net\/index.php\/2023\/07\/14\/visite-de-lapotre-patriarche-jean-luc-schneider-ce-que-vous-devez-savoir\/#primaryimage"},"image":{"@id":"https:\/\/ena-kinouest.net\/index.php\/2023\/07\/14\/visite-de-lapotre-patriarche-jean-luc-schneider-ce-que-vous-devez-savoir\/#primaryimage"},"thumbnailUrl":"https:\/\/i0.wp.com\/ena-kinouest.net\/wp-content\/uploads\/2023\/07\/APP-JEAN-LLUC-KIN-OUEST-1-1.jpg?fit=1250%2C834&ssl=1","datePublished":"2023-07-14T21:49:02+00:00","dateModified":"2023-07-15T08:11:48+00:00","breadcrumb":{"@id":"https:\/\/ena-kinouest.net\/index.php\/2023\/07\/14\/visite-de-lapotre-patriarche-jean-luc-schneider-ce-que-vous-devez-savoir\/#breadcrumb"},"inLanguage":"fr-FR","potentialAction":[{"@type":"ReadAction","target":["https:\/\/ena-kinouest.net\/index.php\/2023\/07\/14\/visite-de-lapotre-patriarche-jean-luc-schneider-ce-que-vous-devez-savoir\/"]}]},{"@type":"ImageObject","inLanguage":"fr-FR","@id":"https:\/\/ena-kinouest.net\/index.php\/2023\/07\/14\/visite-de-lapotre-patriarche-jean-luc-schneider-ce-que-vous-devez-savoir\/#primaryimage","url":"https:\/\/i0.wp.com\/ena-kinouest.net\/wp-content\/uploads\/2023\/07\/APP-JEAN-LLUC-KIN-OUEST-1-1.jpg?fit=1250%2C834&ssl=1","contentUrl":"https:\/\/i0.wp.com\/ena-kinouest.net\/wp-content\/uploads\/2023\/07\/APP-JEAN-LLUC-KIN-OUEST-1-1.jpg?fit=1250%2C834&ssl=1","width":1250,"height":834},{"@type":"BreadcrumbList","@id":"https:\/\/ena-kinouest.net\/index.php\/2023\/07\/14\/visite-de-lapotre-patriarche-jean-luc-schneider-ce-que-vous-devez-savoir\/#breadcrumb","itemListElement":[{"@type":"ListItem","position":1,"name":"Accueil","item":"https:\/\/ena-kinouest.net\/"},{"@type":"ListItem","position":2,"name":"Visite de l\u2019ap\u00f4tre patriarche Jean-Luc Schneider : ce que vous devez savoir"}]},{"@type":"WebSite","@id":"https:\/\/ena-kinouest.net\/#website","url":"https:\/\/ena-kinouest.net\/","name":"Eglise N\u00e9o-Apostolique Kinshasa Ouest","description":"","publisher":{"@id":"https:\/\/ena-kinouest.net\/#organization"},"alternateName":"ENA Kin-Ouest","potentialAction":[{"@type":"SearchAction","target":{"@type":"EntryPoint","urlTemplate":"https:\/\/ena-kinouest.net\/?s={search_term_string}"},"query-input":{"@type":"PropertyValueSpecification","valueRequired":true,"valueName":"search_term_string"}}],"inLanguage":"fr-FR"},{"@type":"Organization","@id":"https:\/\/ena-kinouest.net\/#organization","name":"Eglise N\u00e9o-Apostolique Kinshasa Ouest","url":"https:\/\/ena-kinouest.net\/","logo":{"@type":"ImageObject","inLanguage":"fr-FR","@id":"https:\/\/ena-kinouest.net\/#\/schema\/logo\/image\/","url":"https:\/\/ena-kinouest.net\/wp-content\/uploads\/2023\/06\/Nak_logo.svg","contentUrl":"https:\/\/ena-kinouest.net\/wp-content\/uploads\/2023\/06\/Nak_logo.svg","width":1493,"height":1491,"caption":"Eglise N\u00e9o-Apostolique Kinshasa Ouest"},"image":{"@id":"https:\/\/ena-kinouest.net\/#\/schema\/logo\/image\/"},"sameAs":["https:\/\/web.facebook.com\/enardcouest","https:\/\/www.youtube.com\/@egliseneo-apostoliquekin-o4002"]},{"@type":"Person","@id":"https:\/\/ena-kinouest.net\/#\/schema\/person\/f7334ed5e23ccc9abd2568d6259181a8","name":"Richard Ndambo","image":{"@type":"ImageObject","inLanguage":"fr-FR","@id":"https:\/\/ena-kinouest.net\/#\/schema\/person\/image\/","url":"https:\/\/secure.gravatar.com\/avatar\/c6d701f2601c5305f8f43857230b2d8c2a589cb3e8df57744a048d17f21f7868?s=96&d=mm&r=g","contentUrl":"https:\/\/secure.gravatar.com\/avatar\/c6d701f2601c5305f8f43857230b2d8c2a589cb3e8df57744a048d17f21f7868?s=96&d=mm&r=g","caption":"Richard Ndambo"},"sameAs":["https:\/\/ena-kinouest.net"],"url":"https:\/\/ena-kinouest.net\/index.php\/author\/rndambo\/"}]}},"jetpack_featured_media_url":"https:\/\/i0.wp.com\/ena-kinouest.net\/wp-content\/uploads\/2023\/07\/APP-JEAN-LLUC-KIN-OUEST-1-1.jpg?fit=1250%2C834&ssl=1","jetpack-related-posts":[],"jetpack_sharing_enabled":true,"_links":{"self":[{"href":"https:\/\/ena-kinouest.net\/index.php\/wp-json\/wp\/v2\/posts\/261","targetHints":{"allow":["GET"]}}],"collection":[{"href":"https:\/\/ena-kinouest.net\/index.php\/wp-json\/wp\/v2\/posts"}],"about":[{"href":"https:\/\/ena-kinouest.net\/index.php\/wp-json\/wp\/v2\/types\/post"}],"author":[{"embeddable":true,"href":"https:\/\/ena-kinouest.net\/index.php\/wp-json\/wp\/v2\/users\/1"}],"replies":[{"embeddable":true,"href":"https:\/\/ena-kinouest.net\/index.php\/wp-json\/wp\/v2\/comments?post=261"}],"version-history":[{"count":18,"href":"https:\/\/ena-kinouest.net\/index.php\/wp-json\/wp\/v2\/posts\/261\/revisions"}],"predecessor-version":[{"id":326,"href":"https:\/\/ena-kinouest.net\/index.php\/wp-json\/wp\/v2\/posts\/261\/revisions\/326"}],"wp:featuredmedia":[{"embeddable":true,"href":"https:\/\/ena-kinouest.net\/index.php\/wp-json\/wp\/v2\/media\/322"}],"wp:attachment":[{"href":"https:\/\/ena-kinouest.net\/index.php\/wp-json\/wp\/v2\/media?parent=261"}],"wp:term":[{"taxonomy":"category","embeddable":true,"href":"https:\/\/ena-kinouest.net\/index.php\/wp-json\/wp\/v2\/categories?post=261"},{"taxonomy":"post_tag","embeddable":true,"href":"https:\/\/ena-kinouest.net\/index.php\/wp-json\/wp\/v2\/tags?post=261"}],"curies":[{"name":"wp","href":"https:\/\/api.w.org\/{rel}","templated":true}]}}