{"id":281,"date":"2023-07-15T09:18:18","date_gmt":"2023-07-15T07:18:18","guid":{"rendered":"https:\/\/ena-kinouest.net\/?p=281"},"modified":"2023-07-16T11:26:07","modified_gmt":"2023-07-16T09:26:07","slug":"lapotre-patriarche-jean-luc-schneider-est-deja-a-kinshasa","status":"publish","type":"post","link":"https:\/\/ena-kinouest.net\/index.php\/2023\/07\/15\/lapotre-patriarche-jean-luc-schneider-est-deja-a-kinshasa\/","title":{"rendered":"L&rsquo;ap\u00f4tre-patriarche Jean-Luc Schneider est d\u00e9j\u00e0 \u00e0 Kinshasa"},"content":{"rendered":"\t\t<div data-elementor-type=\"wp-post\" data-elementor-id=\"281\" class=\"elementor elementor-281\">\n\t\t\t\t\t\t<section class=\"elementor-section elementor-top-section elementor-element elementor-element-7f05e88 elementor-section-boxed elementor-section-height-default elementor-section-height-default\" data-id=\"7f05e88\" data-element_type=\"section\">\n\t\t\t\t\t\t<div class=\"elementor-container elementor-column-gap-default\">\n\t\t\t\t\t<div class=\"elementor-column elementor-col-100 elementor-top-column elementor-element elementor-element-0d7d756\" data-id=\"0d7d756\" data-element_type=\"column\">\n\t\t\t<div class=\"elementor-widget-wrap elementor-element-populated\">\n\t\t\t\t\t\t<div class=\"elementor-element elementor-element-7050303 elementor-widget elementor-widget-text-editor\" data-id=\"7050303\" data-element_type=\"widget\" data-widget_type=\"text-editor.default\">\n\t\t\t\t<div class=\"elementor-widget-container\">\n\t\t\t\t\t\t\t\t\t<p>L&rsquo;ap\u00f4tre-patriarche Jean-Luc Schneider est d\u00e9j\u00e0 en R\u00e9publique D\u00e9mocratique du Congo pour une visite apostolique. Il est arriv\u00e9 par l&rsquo;a\u00e9roport international de Ndjili \u00e0 Kinshasa dans la soir\u00e9e du vendredi 14 juillet et poursuivra sa visite jusqu&rsquo;au 20 juillet 2023, en commen\u00e7ant par l&rsquo;\u00e9glise territoriale de la RD Congo Ouest.<\/p>\t\t\t\t\t\t\t\t<\/div>\n\t\t\t\t<\/div>\n\t\t\t\t<div class=\"elementor-element elementor-element-6a06dc8 elementor-widget elementor-widget-image\" data-id=\"6a06dc8\" data-element_type=\"widget\" data-widget_type=\"image.default\">\n\t\t\t\t<div class=\"elementor-widget-container\">\n\t\t\t\t\t\t\t\t\t\t\t\t\t\t\t<img decoding=\"async\" src=\"https:\/\/i0.wp.com\/ena-kinouest.net\/wp-content\/uploads\/2023\/07\/apotre-patriarche-schneider-kinshasa-rdc-ouest-7.jpg?fit=1200%2C550&#038;ssl=1\" title=\"apotre patriarche schneider kinshasa rdc ouest (7)\" alt=\"apotre patriarche schneider kinshasa rdc ouest (7)\" loading=\"lazy\" \/>\t\t\t\t\t\t\t\t\t\t\t\t\t\t\t<\/div>\n\t\t\t\t<\/div>\n\t\t\t\t<div class=\"elementor-element elementor-element-cda153c elementor-widget elementor-widget-heading\" data-id=\"cda153c\" data-element_type=\"widget\" data-widget_type=\"heading.default\">\n\t\t\t\t<div class=\"elementor-widget-container\">\n\t\t\t\t\t<h2 class=\"elementor-heading-title elementor-size-default\">Ils sont d\u00e9j\u00e0 parmi nous<\/h2>\t\t\t\t<\/div>\n\t\t\t\t<\/div>\n\t\t\t\t<div class=\"elementor-element elementor-element-37422f0 elementor-widget elementor-widget-text-editor\" data-id=\"37422f0\" data-element_type=\"widget\" data-widget_type=\"text-editor.default\">\n\t\t\t\t<div class=\"elementor-widget-container\">\n\t\t\t\t\t\t\t\t\t<p>Comme <a href=\"https:\/\/ena-kinouest.net\/index.php\/2023\/06\/29\/triple-preparation-a-limete-central-avec-lapotre-de-district-michael-deppner\/\">pr\u00e9vu<\/a>, le Pr\u00e9sident mondial de l&rsquo;Eglise n\u00e9o-apostolique ainsi que ses invit\u00e9s, \u00e0 savoir les ap\u00f4tres de district adjoints MUTSCHLER (Allemagne) et MKHWANAZI Patrick (Afrique du Sud), sont d\u00e9j\u00e0 \u00e0 Kinshasa. Tous sont arriv\u00e9s ce vendredi 14 juillet \u00e0 l&rsquo;a\u00e9roport international de Ndjili. L&rsquo;ap\u00f4tre MKHWANAZI Patrick est arriv\u00e9 en premier, dans la matin\u00e9e. Tandis que l&rsquo;ap\u00f4tre-patriarche Jean-Luc Schneider est arriv\u00e9 dans la soir\u00e9e.<\/p>\t\t\t\t\t\t\t\t<\/div>\n\t\t\t\t<\/div>\n\t\t\t\t<div class=\"elementor-element elementor-element-63dbd1e elementor-widget elementor-widget-text-editor\" data-id=\"63dbd1e\" data-element_type=\"widget\" data-widget_type=\"text-editor.default\">\n\t\t\t\t<div class=\"elementor-widget-container\">\n\t\t\t\t\t\t\t\t\t<p>La visite de l&rsquo;ap\u00f4tre patriarche dans l\u2019Eglise territoriale de la RD Congo Ouest se poursuivra jusqu&rsquo;au 20 juillet 2023. Durant cette visite, il rencontrera \u00e9galement, au cours d&rsquo;une r\u00e9union, tous les ap\u00f4tres et \u00e9v\u00eaques de cette \u00c9glise territoriale. Tous ces serviteurs de Dieu, dont la plupart exercent dans le Congo profond, sont d\u00e9j\u00e0 \u00e0 Kinshasa depuis le mercredi 12 juillet dernier.<\/p>\t\t\t\t\t\t\t\t<\/div>\n\t\t\t\t<\/div>\n\t\t\t\t<div class=\"elementor-element elementor-element-f9a5876 elementor--h-position-center elementor--v-position-middle elementor-arrows-position-inside elementor-pagination-position-inside elementor-widget elementor-widget-slides\" data-id=\"f9a5876\" data-element_type=\"widget\" data-settings=\"{&quot;navigation&quot;:&quot;both&quot;,&quot;autoplay&quot;:&quot;yes&quot;,&quot;pause_on_hover&quot;:&quot;yes&quot;,&quot;pause_on_interaction&quot;:&quot;yes&quot;,&quot;autoplay_speed&quot;:5000,&quot;infinite&quot;:&quot;yes&quot;,&quot;transition&quot;:&quot;slide&quot;,&quot;transition_speed&quot;:500}\" data-widget_type=\"slides.default\">\n\t\t\t\t<div class=\"elementor-widget-container\">\n\t\t\t\t\t\t\t<div class=\"elementor-swiper\">\n\t\t\t<div class=\"elementor-slides-wrapper elementor-main-swiper swiper-container\" dir=\"ltr\" data-animation=\"fadeInUp\">\n\t\t\t\t<div class=\"swiper-wrapper elementor-slides\">\n\t\t\t\t\t\t\t\t\t\t<div class=\"elementor-repeater-item-4d61800 swiper-slide\"><div class=\"swiper-slide-bg\"><\/div><div class=\"swiper-slide-inner\" ><div class=\"swiper-slide-contents\"><\/div><\/div><\/div><div class=\"elementor-repeater-item-e50d8ca swiper-slide\"><div class=\"swiper-slide-bg\"><\/div><div class=\"swiper-slide-inner\" ><div class=\"swiper-slide-contents\"><\/div><\/div><\/div><div class=\"elementor-repeater-item-8ae1564 swiper-slide\"><div class=\"swiper-slide-bg\"><\/div><div class=\"swiper-slide-inner\" ><div class=\"swiper-slide-contents\"><\/div><\/div><\/div><div class=\"elementor-repeater-item-3af1bc2 swiper-slide\"><div class=\"swiper-slide-bg\"><\/div><div class=\"swiper-slide-inner\" ><div class=\"swiper-slide-contents\"><\/div><\/div><\/div><div class=\"elementor-repeater-item-a894dea swiper-slide\"><div class=\"swiper-slide-bg\"><\/div><div class=\"swiper-slide-inner\" ><div class=\"swiper-slide-contents\"><\/div><\/div><\/div>\t\t\t\t<\/div>\n\t\t\t\t\t\t\t\t\t\t\t\t\t\t\t<div class=\"swiper-pagination\"><\/div>\n\t\t\t\t\t\t\t\t\t\t\t\t\t\t\t\t<div class=\"elementor-swiper-button elementor-swiper-button-prev\">\n\t\t\t\t\t\t\t<i aria-hidden=\"true\" class=\"eicon-chevron-left\"><\/i>\t\t\t\t\t\t\t<span class=\"elementor-screen-only\">Previous<\/span>\n\t\t\t\t\t\t<\/div>\n\t\t\t\t\t\t<div class=\"elementor-swiper-button elementor-swiper-button-next\">\n\t\t\t\t\t\t\t<i aria-hidden=\"true\" class=\"eicon-chevron-right\"><\/i>\t\t\t\t\t\t\t<span class=\"elementor-screen-only\">Next<\/span>\n\t\t\t\t\t\t<\/div>\n\t\t\t\t\t\t\t\t\t\t\t\t<\/div>\n\t\t<\/div>\n\t\t\t\t\t\t<\/div>\n\t\t\t\t<\/div>\n\t\t\t\t<div class=\"elementor-element elementor-element-821b124 elementor-widget elementor-widget-heading\" data-id=\"821b124\" data-element_type=\"widget\" data-widget_type=\"heading.default\">\n\t\t\t\t<div class=\"elementor-widget-container\">\n\t\t\t\t\t<h2 class=\"elementor-heading-title elementor-size-default\">Pour rappel<\/h2>\t\t\t\t<\/div>\n\t\t\t\t<\/div>\n\t\t\t\t<div class=\"elementor-element elementor-element-ba7f475 elementor-widget elementor-widget-text-editor\" data-id=\"ba7f475\" data-element_type=\"widget\" data-widget_type=\"text-editor.default\">\n\t\t\t\t<div class=\"elementor-widget-container\">\n\t\t\t\t\t\t\t\t\t<p>Il est pr\u00e9vu que l&rsquo;ap\u00f4tre-patriarche tiennent <a href=\"https:\/\/ena-kinouest.net\/index.php\/2023\/07\/10\/congo-ouest-apotre-patriarche-jean-luc-schneider-a-kinshasa\/\">deux services divins au cours de son s\u00e9jour<\/a>. Le premier aura lieu ce dimanche 16 juillet \u00e0 10h45, \u00e0 la communaut\u00e9 centrale de Limet\u00e9. Ce service divin sera retransmis \u00e0 la t\u00e9l\u00e9vision (RTNC et Digital Congo), ainsi que diffus\u00e9 en streaming sur les plateformes sociales de l&rsquo;\u00c9glise territoriale de la RD Congo Ouest (<a href=\"https:\/\/www.youtube.com\/channel\/UCuo4q3yzlCqD1ji669JxIzw\">YouTube<\/a> &amp; <a href=\"https:\/\/web.facebook.com\/enardcouest\/?locale=fr_FR&amp;_rdc=1&amp;_rdr\">Facebook<\/a>). Pour le deuxi\u00e8me service divin, le primat de l&rsquo;\u00c9glise n\u00e9o-apostolique servira les fid\u00e8les de Kiwilu-Ngongo dans le Kongo central, le 18 juillet prochain<\/p>\t\t\t\t\t\t\t\t<\/div>\n\t\t\t\t<\/div>\n\t\t\t\t<div class=\"elementor-element elementor-element-3882b28 elementor-widget elementor-widget-text-editor\" data-id=\"3882b28\" data-element_type=\"widget\" data-widget_type=\"text-editor.default\">\n\t\t\t\t<div class=\"elementor-widget-container\">\n\t\t\t\t\t\t\t\t\t<p>Les enfants de Dieu sont invit\u00e9s \u00e0 rester les mains en pri\u00e8re, implorant Notre P\u00e8re c\u00e9leste pour qu&rsquo;il fasse r\u00e9ussir cette mission de notre ap\u00f4tre-patriarche en R\u00e9publique D\u00e9mocratique du Congo.<\/p>\t\t\t\t\t\t\t\t<\/div>\n\t\t\t\t<\/div>\n\t\t\t\t<div class=\"elementor-element elementor-element-030fc5c elementor-widget elementor-widget-text-editor\" data-id=\"030fc5c\" data-element_type=\"widget\" data-widget_type=\"text-editor.default\">\n\t\t\t\t<div class=\"elementor-widget-container\">\n\t\t\t\t\t\t\t\t\t<p><b>Pour suivre en direct le service divin pri\u00e8re de cliquer sur une des plateformes ci-dessous:<\/b><\/p>\n<p><\/p>\n<ul>\n<li><a href=\"https:\/\/fb.me\/e\/3E5D6Ba03\" target=\"_blank\" rel=\"noopener\"><b>Facebook<\/b><\/a><\/li>\n<li><strong><a href=\"https:\/\/youtu.be\/xvmkkROkHKk\" target=\"_blank\" rel=\"noopener\">YouTube<\/a><\/strong><\/li>\n<\/ul>\t\t\t\t\t\t\t\t<\/div>\n\t\t\t\t<\/div>\n\t\t\t\t\t<\/div>\n\t\t<\/div>\n\t\t\t\t\t<\/div>\n\t\t<\/section>\n\t\t\t\t<\/div>\n\t\t","protected":false},"excerpt":{"rendered":"<p>L&rsquo;ap\u00f4tre-patriarche Jean-Luc Schneider est d\u00e9j\u00e0 en R\u00e9publique D\u00e9mocratique du Congo pour une visite apostolique. Il est arriv\u00e9 par l&rsquo;a\u00e9roport international de Ndjili \u00e0 Kinshasa dans la soir\u00e9e du vendredi 14 juillet et poursuivra sa visite jusqu&rsquo;au 20 juillet 2023, en commen\u00e7ant par l&rsquo;\u00e9glise territoriale de la RD Congo Ouest. Ils sont d\u00e9j\u00e0 parmi nous Comme [&hellip;]<\/p>\n","protected":false},"author":1,"featured_media":283,"comment_status":"open","ping_status":"open","sticky":false,"template":"","format":"standard","meta":{"_jetpack_memberships_contains_paid_content":false,"footnotes":""},"categories":[18],"tags":[20,21],"class_list":["post-281","post","type-post","status-publish","format-standard","has-post-thumbnail","hentry","category-visite-apotre-patriarche","tag-congo-ouest","tag-patriarche"],"yoast_head":"<!-- This site is optimized with the Yoast SEO plugin v25.3.1 - https:\/\/yoast.com\/wordpress\/plugins\/seo\/ -->\n<title>L&#039;ap\u00f4tre-patriarche Jean-Luc Schneider est d\u00e9j\u00e0 \u00e0 Kinshasa Eglise N\u00e9o-Apostolique Kinshasa Ouest<\/title>\n<meta name=\"description\" content=\"L\u2019ap\u00f4tre-patriarche Jean-Luc Schneider est d\u00e9j\u00e0 en RD Congo pour une visite apostolique du 14 au 20 juillet 2023\" \/>\n<meta name=\"robots\" content=\"index, follow, max-snippet:-1, max-image-preview:large, max-video-preview:-1\" \/>\n<link rel=\"canonical\" href=\"https:\/\/ena-kinouest.net\/index.php\/2023\/07\/15\/lapotre-patriarche-jean-luc-schneider-est-deja-a-kinshasa\/\" \/>\n<meta property=\"og:locale\" content=\"fr_FR\" \/>\n<meta property=\"og:type\" content=\"article\" \/>\n<meta property=\"og:title\" content=\"L&#039;ap\u00f4tre-patriarche Jean-Luc Schneider est d\u00e9j\u00e0 \u00e0 Kinshasa Eglise N\u00e9o-Apostolique Kinshasa Ouest\" \/>\n<meta property=\"og:description\" content=\"L\u2019ap\u00f4tre-patriarche Jean-Luc Schneider est d\u00e9j\u00e0 en RD Congo pour une visite apostolique du 14 au 20 juillet 2023\" \/>\n<meta property=\"og:url\" content=\"https:\/\/ena-kinouest.net\/index.php\/2023\/07\/15\/lapotre-patriarche-jean-luc-schneider-est-deja-a-kinshasa\/\" \/>\n<meta property=\"og:site_name\" content=\"Eglise N\u00e9o-Apostolique Kinshasa Ouest\" \/>\n<meta property=\"article:publisher\" content=\"https:\/\/web.facebook.com\/enardcouest\" \/>\n<meta property=\"article:published_time\" content=\"2023-07-15T07:18:18+00:00\" \/>\n<meta property=\"article:modified_time\" content=\"2023-07-16T09:26:07+00:00\" \/>\n<meta property=\"og:image\" content=\"https:\/\/ena-kinouest.net\/wp-content\/uploads\/2023\/07\/apotre-patriarche-schneider-kinshasa-rdc-ouest-7.jpg\" \/>\n\t<meta property=\"og:image:width\" content=\"1250\" \/>\n\t<meta property=\"og:image:height\" content=\"834\" \/>\n\t<meta property=\"og:image:type\" content=\"image\/jpeg\" \/>\n<meta name=\"author\" content=\"Richard Ndambo\" \/>\n<meta name=\"twitter:card\" content=\"summary_large_image\" \/>\n<meta name=\"twitter:label1\" content=\"\u00c9crit par\" \/>\n\t<meta name=\"twitter:data1\" content=\"Richard Ndambo\" \/>\n\t<meta name=\"twitter:label2\" content=\"Dur\u00e9e de lecture estim\u00e9e\" \/>\n\t<meta name=\"twitter:data2\" content=\"2 minutes\" \/>\n<script type=\"application\/ld+json\" class=\"yoast-schema-graph\">{\"@context\":\"https:\/\/schema.org\",\"@graph\":[{\"@type\":\"Article\",\"@id\":\"https:\/\/ena-kinouest.net\/index.php\/2023\/07\/15\/lapotre-patriarche-jean-luc-schneider-est-deja-a-kinshasa\/#article\",\"isPartOf\":{\"@id\":\"https:\/\/ena-kinouest.net\/index.php\/2023\/07\/15\/lapotre-patriarche-jean-luc-schneider-est-deja-a-kinshasa\/\"},\"author\":{\"name\":\"Richard Ndambo\",\"@id\":\"https:\/\/ena-kinouest.net\/#\/schema\/person\/f7334ed5e23ccc9abd2568d6259181a8\"},\"headline\":\"L&rsquo;ap\u00f4tre-patriarche Jean-Luc Schneider est d\u00e9j\u00e0 \u00e0 Kinshasa\",\"datePublished\":\"2023-07-15T07:18:18+00:00\",\"dateModified\":\"2023-07-16T09:26:07+00:00\",\"mainEntityOfPage\":{\"@id\":\"https:\/\/ena-kinouest.net\/index.php\/2023\/07\/15\/lapotre-patriarche-jean-luc-schneider-est-deja-a-kinshasa\/\"},\"wordCount\":363,\"commentCount\":3,\"publisher\":{\"@id\":\"https:\/\/ena-kinouest.net\/#organization\"},\"image\":{\"@id\":\"https:\/\/ena-kinouest.net\/index.php\/2023\/07\/15\/lapotre-patriarche-jean-luc-schneider-est-deja-a-kinshasa\/#primaryimage\"},\"thumbnailUrl\":\"https:\/\/i0.wp.com\/ena-kinouest.net\/wp-content\/uploads\/2023\/07\/apotre-patriarche-schneider-kinshasa-rdc-ouest-7.jpg?fit=1250%2C834&ssl=1\",\"keywords\":[\"congo-ouest\",\"patriarche\"],\"articleSection\":[\"visite ap\u00f4tre patriarche\"],\"inLanguage\":\"fr-FR\",\"potentialAction\":[{\"@type\":\"CommentAction\",\"name\":\"Comment\",\"target\":[\"https:\/\/ena-kinouest.net\/index.php\/2023\/07\/15\/lapotre-patriarche-jean-luc-schneider-est-deja-a-kinshasa\/#respond\"]}]},{\"@type\":\"WebPage\",\"@id\":\"https:\/\/ena-kinouest.net\/index.php\/2023\/07\/15\/lapotre-patriarche-jean-luc-schneider-est-deja-a-kinshasa\/\",\"url\":\"https:\/\/ena-kinouest.net\/index.php\/2023\/07\/15\/lapotre-patriarche-jean-luc-schneider-est-deja-a-kinshasa\/\",\"name\":\"L'ap\u00f4tre-patriarche Jean-Luc Schneider est d\u00e9j\u00e0 \u00e0 Kinshasa Eglise N\u00e9o-Apostolique Kinshasa Ouest\",\"isPartOf\":{\"@id\":\"https:\/\/ena-kinouest.net\/#website\"},\"primaryImageOfPage\":{\"@id\":\"https:\/\/ena-kinouest.net\/index.php\/2023\/07\/15\/lapotre-patriarche-jean-luc-schneider-est-deja-a-kinshasa\/#primaryimage\"},\"image\":{\"@id\":\"https:\/\/ena-kinouest.net\/index.php\/2023\/07\/15\/lapotre-patriarche-jean-luc-schneider-est-deja-a-kinshasa\/#primaryimage\"},\"thumbnailUrl\":\"https:\/\/i0.wp.com\/ena-kinouest.net\/wp-content\/uploads\/2023\/07\/apotre-patriarche-schneider-kinshasa-rdc-ouest-7.jpg?fit=1250%2C834&ssl=1\",\"datePublished\":\"2023-07-15T07:18:18+00:00\",\"dateModified\":\"2023-07-16T09:26:07+00:00\",\"description\":\"L\u2019ap\u00f4tre-patriarche Jean-Luc Schneider est d\u00e9j\u00e0 en RD Congo pour une visite apostolique du 14 au 20 juillet 2023\",\"breadcrumb\":{\"@id\":\"https:\/\/ena-kinouest.net\/index.php\/2023\/07\/15\/lapotre-patriarche-jean-luc-schneider-est-deja-a-kinshasa\/#breadcrumb\"},\"inLanguage\":\"fr-FR\",\"potentialAction\":[{\"@type\":\"ReadAction\",\"target\":[\"https:\/\/ena-kinouest.net\/index.php\/2023\/07\/15\/lapotre-patriarche-jean-luc-schneider-est-deja-a-kinshasa\/\"]}]},{\"@type\":\"ImageObject\",\"inLanguage\":\"fr-FR\",\"@id\":\"https:\/\/ena-kinouest.net\/index.php\/2023\/07\/15\/lapotre-patriarche-jean-luc-schneider-est-deja-a-kinshasa\/#primaryimage\",\"url\":\"https:\/\/i0.wp.com\/ena-kinouest.net\/wp-content\/uploads\/2023\/07\/apotre-patriarche-schneider-kinshasa-rdc-ouest-7.jpg?fit=1250%2C834&ssl=1\",\"contentUrl\":\"https:\/\/i0.wp.com\/ena-kinouest.net\/wp-content\/uploads\/2023\/07\/apotre-patriarche-schneider-kinshasa-rdc-ouest-7.jpg?fit=1250%2C834&ssl=1\",\"width\":1250,\"height\":834},{\"@type\":\"BreadcrumbList\",\"@id\":\"https:\/\/ena-kinouest.net\/index.php\/2023\/07\/15\/lapotre-patriarche-jean-luc-schneider-est-deja-a-kinshasa\/#breadcrumb\",\"itemListElement\":[{\"@type\":\"ListItem\",\"position\":1,\"name\":\"Accueil\",\"item\":\"https:\/\/ena-kinouest.net\/\"},{\"@type\":\"ListItem\",\"position\":2,\"name\":\"L&rsquo;ap\u00f4tre-patriarche Jean-Luc Schneider est d\u00e9j\u00e0 \u00e0 Kinshasa\"}]},{\"@type\":\"WebSite\",\"@id\":\"https:\/\/ena-kinouest.net\/#website\",\"url\":\"https:\/\/ena-kinouest.net\/\",\"name\":\"Eglise N\u00e9o-Apostolique Kinshasa Ouest\",\"description\":\"\",\"publisher\":{\"@id\":\"https:\/\/ena-kinouest.net\/#organization\"},\"alternateName\":\"ENA Kin-Ouest\",\"potentialAction\":[{\"@type\":\"SearchAction\",\"target\":{\"@type\":\"EntryPoint\",\"urlTemplate\":\"https:\/\/ena-kinouest.net\/?s={search_term_string}\"},\"query-input\":{\"@type\":\"PropertyValueSpecification\",\"valueRequired\":true,\"valueName\":\"search_term_string\"}}],\"inLanguage\":\"fr-FR\"},{\"@type\":\"Organization\",\"@id\":\"https:\/\/ena-kinouest.net\/#organization\",\"name\":\"Eglise N\u00e9o-Apostolique Kinshasa Ouest\",\"url\":\"https:\/\/ena-kinouest.net\/\",\"logo\":{\"@type\":\"ImageObject\",\"inLanguage\":\"fr-FR\",\"@id\":\"https:\/\/ena-kinouest.net\/#\/schema\/logo\/image\/\",\"url\":\"https:\/\/ena-kinouest.net\/wp-content\/uploads\/2023\/06\/Nak_logo.svg\",\"contentUrl\":\"https:\/\/ena-kinouest.net\/wp-content\/uploads\/2023\/06\/Nak_logo.svg\",\"width\":1493,\"height\":1491,\"caption\":\"Eglise N\u00e9o-Apostolique Kinshasa Ouest\"},\"image\":{\"@id\":\"https:\/\/ena-kinouest.net\/#\/schema\/logo\/image\/\"},\"sameAs\":[\"https:\/\/web.facebook.com\/enardcouest\",\"https:\/\/www.youtube.com\/@egliseneo-apostoliquekin-o4002\"]},{\"@type\":\"Person\",\"@id\":\"https:\/\/ena-kinouest.net\/#\/schema\/person\/f7334ed5e23ccc9abd2568d6259181a8\",\"name\":\"Richard Ndambo\",\"image\":{\"@type\":\"ImageObject\",\"inLanguage\":\"fr-FR\",\"@id\":\"https:\/\/ena-kinouest.net\/#\/schema\/person\/image\/\",\"url\":\"https:\/\/secure.gravatar.com\/avatar\/c6d701f2601c5305f8f43857230b2d8c2a589cb3e8df57744a048d17f21f7868?s=96&d=mm&r=g\",\"contentUrl\":\"https:\/\/secure.gravatar.com\/avatar\/c6d701f2601c5305f8f43857230b2d8c2a589cb3e8df57744a048d17f21f7868?s=96&d=mm&r=g\",\"caption\":\"Richard Ndambo\"},\"sameAs\":[\"https:\/\/ena-kinouest.net\"],\"url\":\"https:\/\/ena-kinouest.net\/index.php\/author\/rndambo\/\"}]}<\/script>\n<!-- \/ Yoast SEO plugin. -->","yoast_head_json":{"title":"L'ap\u00f4tre-patriarche Jean-Luc Schneider est d\u00e9j\u00e0 \u00e0 Kinshasa Eglise N\u00e9o-Apostolique Kinshasa Ouest","description":"L\u2019ap\u00f4tre-patriarche Jean-Luc Schneider est d\u00e9j\u00e0 en RD Congo pour une visite apostolique du 14 au 20 juillet 2023","robots":{"index":"index","follow":"follow","max-snippet":"max-snippet:-1","max-image-preview":"max-image-preview:large","max-video-preview":"max-video-preview:-1"},"canonical":"https:\/\/ena-kinouest.net\/index.php\/2023\/07\/15\/lapotre-patriarche-jean-luc-schneider-est-deja-a-kinshasa\/","og_locale":"fr_FR","og_type":"article","og_title":"L'ap\u00f4tre-patriarche Jean-Luc Schneider est d\u00e9j\u00e0 \u00e0 Kinshasa Eglise N\u00e9o-Apostolique Kinshasa Ouest","og_description":"L\u2019ap\u00f4tre-patriarche Jean-Luc Schneider est d\u00e9j\u00e0 en RD Congo pour une visite apostolique du 14 au 20 juillet 2023","og_url":"https:\/\/ena-kinouest.net\/index.php\/2023\/07\/15\/lapotre-patriarche-jean-luc-schneider-est-deja-a-kinshasa\/","og_site_name":"Eglise N\u00e9o-Apostolique Kinshasa Ouest","article_publisher":"https:\/\/web.facebook.com\/enardcouest","article_published_time":"2023-07-15T07:18:18+00:00","article_modified_time":"2023-07-16T09:26:07+00:00","og_image":[{"width":1250,"height":834,"url":"https:\/\/ena-kinouest.net\/wp-content\/uploads\/2023\/07\/apotre-patriarche-schneider-kinshasa-rdc-ouest-7.jpg","type":"image\/jpeg"}],"author":"Richard Ndambo","twitter_card":"summary_large_image","twitter_misc":{"\u00c9crit par":"Richard Ndambo","Dur\u00e9e de lecture estim\u00e9e":"2 minutes"},"schema":{"@context":"https:\/\/schema.org","@graph":[{"@type":"Article","@id":"https:\/\/ena-kinouest.net\/index.php\/2023\/07\/15\/lapotre-patriarche-jean-luc-schneider-est-deja-a-kinshasa\/#article","isPartOf":{"@id":"https:\/\/ena-kinouest.net\/index.php\/2023\/07\/15\/lapotre-patriarche-jean-luc-schneider-est-deja-a-kinshasa\/"},"author":{"name":"Richard Ndambo","@id":"https:\/\/ena-kinouest.net\/#\/schema\/person\/f7334ed5e23ccc9abd2568d6259181a8"},"headline":"L&rsquo;ap\u00f4tre-patriarche Jean-Luc Schneider est d\u00e9j\u00e0 \u00e0 Kinshasa","datePublished":"2023-07-15T07:18:18+00:00","dateModified":"2023-07-16T09:26:07+00:00","mainEntityOfPage":{"@id":"https:\/\/ena-kinouest.net\/index.php\/2023\/07\/15\/lapotre-patriarche-jean-luc-schneider-est-deja-a-kinshasa\/"},"wordCount":363,"commentCount":3,"publisher":{"@id":"https:\/\/ena-kinouest.net\/#organization"},"image":{"@id":"https:\/\/ena-kinouest.net\/index.php\/2023\/07\/15\/lapotre-patriarche-jean-luc-schneider-est-deja-a-kinshasa\/#primaryimage"},"thumbnailUrl":"https:\/\/i0.wp.com\/ena-kinouest.net\/wp-content\/uploads\/2023\/07\/apotre-patriarche-schneider-kinshasa-rdc-ouest-7.jpg?fit=1250%2C834&ssl=1","keywords":["congo-ouest","patriarche"],"articleSection":["visite ap\u00f4tre patriarche"],"inLanguage":"fr-FR","potentialAction":[{"@type":"CommentAction","name":"Comment","target":["https:\/\/ena-kinouest.net\/index.php\/2023\/07\/15\/lapotre-patriarche-jean-luc-schneider-est-deja-a-kinshasa\/#respond"]}]},{"@type":"WebPage","@id":"https:\/\/ena-kinouest.net\/index.php\/2023\/07\/15\/lapotre-patriarche-jean-luc-schneider-est-deja-a-kinshasa\/","url":"https:\/\/ena-kinouest.net\/index.php\/2023\/07\/15\/lapotre-patriarche-jean-luc-schneider-est-deja-a-kinshasa\/","name":"L'ap\u00f4tre-patriarche Jean-Luc Schneider est d\u00e9j\u00e0 \u00e0 Kinshasa Eglise N\u00e9o-Apostolique Kinshasa Ouest","isPartOf":{"@id":"https:\/\/ena-kinouest.net\/#website"},"primaryImageOfPage":{"@id":"https:\/\/ena-kinouest.net\/index.php\/2023\/07\/15\/lapotre-patriarche-jean-luc-schneider-est-deja-a-kinshasa\/#primaryimage"},"image":{"@id":"https:\/\/ena-kinouest.net\/index.php\/2023\/07\/15\/lapotre-patriarche-jean-luc-schneider-est-deja-a-kinshasa\/#primaryimage"},"thumbnailUrl":"https:\/\/i0.wp.com\/ena-kinouest.net\/wp-content\/uploads\/2023\/07\/apotre-patriarche-schneider-kinshasa-rdc-ouest-7.jpg?fit=1250%2C834&ssl=1","datePublished":"2023-07-15T07:18:18+00:00","dateModified":"2023-07-16T09:26:07+00:00","description":"L\u2019ap\u00f4tre-patriarche Jean-Luc Schneider est d\u00e9j\u00e0 en RD Congo pour une visite apostolique du 14 au 20 juillet 2023","breadcrumb":{"@id":"https:\/\/ena-kinouest.net\/index.php\/2023\/07\/15\/lapotre-patriarche-jean-luc-schneider-est-deja-a-kinshasa\/#breadcrumb"},"inLanguage":"fr-FR","potentialAction":[{"@type":"ReadAction","target":["https:\/\/ena-kinouest.net\/index.php\/2023\/07\/15\/lapotre-patriarche-jean-luc-schneider-est-deja-a-kinshasa\/"]}]},{"@type":"ImageObject","inLanguage":"fr-FR","@id":"https:\/\/ena-kinouest.net\/index.php\/2023\/07\/15\/lapotre-patriarche-jean-luc-schneider-est-deja-a-kinshasa\/#primaryimage","url":"https:\/\/i0.wp.com\/ena-kinouest.net\/wp-content\/uploads\/2023\/07\/apotre-patriarche-schneider-kinshasa-rdc-ouest-7.jpg?fit=1250%2C834&ssl=1","contentUrl":"https:\/\/i0.wp.com\/ena-kinouest.net\/wp-content\/uploads\/2023\/07\/apotre-patriarche-schneider-kinshasa-rdc-ouest-7.jpg?fit=1250%2C834&ssl=1","width":1250,"height":834},{"@type":"BreadcrumbList","@id":"https:\/\/ena-kinouest.net\/index.php\/2023\/07\/15\/lapotre-patriarche-jean-luc-schneider-est-deja-a-kinshasa\/#breadcrumb","itemListElement":[{"@type":"ListItem","position":1,"name":"Accueil","item":"https:\/\/ena-kinouest.net\/"},{"@type":"ListItem","position":2,"name":"L&rsquo;ap\u00f4tre-patriarche Jean-Luc Schneider est d\u00e9j\u00e0 \u00e0 Kinshasa"}]},{"@type":"WebSite","@id":"https:\/\/ena-kinouest.net\/#website","url":"https:\/\/ena-kinouest.net\/","name":"Eglise N\u00e9o-Apostolique Kinshasa Ouest","description":"","publisher":{"@id":"https:\/\/ena-kinouest.net\/#organization"},"alternateName":"ENA Kin-Ouest","potentialAction":[{"@type":"SearchAction","target":{"@type":"EntryPoint","urlTemplate":"https:\/\/ena-kinouest.net\/?s={search_term_string}"},"query-input":{"@type":"PropertyValueSpecification","valueRequired":true,"valueName":"search_term_string"}}],"inLanguage":"fr-FR"},{"@type":"Organization","@id":"https:\/\/ena-kinouest.net\/#organization","name":"Eglise N\u00e9o-Apostolique Kinshasa Ouest","url":"https:\/\/ena-kinouest.net\/","logo":{"@type":"ImageObject","inLanguage":"fr-FR","@id":"https:\/\/ena-kinouest.net\/#\/schema\/logo\/image\/","url":"https:\/\/ena-kinouest.net\/wp-content\/uploads\/2023\/06\/Nak_logo.svg","contentUrl":"https:\/\/ena-kinouest.net\/wp-content\/uploads\/2023\/06\/Nak_logo.svg","width":1493,"height":1491,"caption":"Eglise N\u00e9o-Apostolique Kinshasa Ouest"},"image":{"@id":"https:\/\/ena-kinouest.net\/#\/schema\/logo\/image\/"},"sameAs":["https:\/\/web.facebook.com\/enardcouest","https:\/\/www.youtube.com\/@egliseneo-apostoliquekin-o4002"]},{"@type":"Person","@id":"https:\/\/ena-kinouest.net\/#\/schema\/person\/f7334ed5e23ccc9abd2568d6259181a8","name":"Richard Ndambo","image":{"@type":"ImageObject","inLanguage":"fr-FR","@id":"https:\/\/ena-kinouest.net\/#\/schema\/person\/image\/","url":"https:\/\/secure.gravatar.com\/avatar\/c6d701f2601c5305f8f43857230b2d8c2a589cb3e8df57744a048d17f21f7868?s=96&d=mm&r=g","contentUrl":"https:\/\/secure.gravatar.com\/avatar\/c6d701f2601c5305f8f43857230b2d8c2a589cb3e8df57744a048d17f21f7868?s=96&d=mm&r=g","caption":"Richard Ndambo"},"sameAs":["https:\/\/ena-kinouest.net"],"url":"https:\/\/ena-kinouest.net\/index.php\/author\/rndambo\/"}]}},"jetpack_featured_media_url":"https:\/\/i0.wp.com\/ena-kinouest.net\/wp-content\/uploads\/2023\/07\/apotre-patriarche-schneider-kinshasa-rdc-ouest-7.jpg?fit=1250%2C834&ssl=1","jetpack-related-posts":[],"jetpack_sharing_enabled":true,"_links":{"self":[{"href":"https:\/\/ena-kinouest.net\/index.php\/wp-json\/wp\/v2\/posts\/281","targetHints":{"allow":["GET"]}}],"collection":[{"href":"https:\/\/ena-kinouest.net\/index.php\/wp-json\/wp\/v2\/posts"}],"about":[{"href":"https:\/\/ena-kinouest.net\/index.php\/wp-json\/wp\/v2\/types\/post"}],"author":[{"embeddable":true,"href":"https:\/\/ena-kinouest.net\/index.php\/wp-json\/wp\/v2\/users\/1"}],"replies":[{"embeddable":true,"href":"https:\/\/ena-kinouest.net\/index.php\/wp-json\/wp\/v2\/comments?post=281"}],"version-history":[{"count":34,"href":"https:\/\/ena-kinouest.net\/index.php\/wp-json\/wp\/v2\/posts\/281\/revisions"}],"predecessor-version":[{"id":334,"href":"https:\/\/ena-kinouest.net\/index.php\/wp-json\/wp\/v2\/posts\/281\/revisions\/334"}],"wp:featuredmedia":[{"embeddable":true,"href":"https:\/\/ena-kinouest.net\/index.php\/wp-json\/wp\/v2\/media\/283"}],"wp:attachment":[{"href":"https:\/\/ena-kinouest.net\/index.php\/wp-json\/wp\/v2\/media?parent=281"}],"wp:term":[{"taxonomy":"category","embeddable":true,"href":"https:\/\/ena-kinouest.net\/index.php\/wp-json\/wp\/v2\/categories?post=281"},{"taxonomy":"post_tag","embeddable":true,"href":"https:\/\/ena-kinouest.net\/index.php\/wp-json\/wp\/v2\/tags?post=281"}],"curies":[{"name":"wp","href":"https:\/\/api.w.org\/{rel}","templated":true}]}}