{"id":567,"date":"2025-07-11T12:13:23","date_gmt":"2025-07-11T10:13:23","guid":{"rendered":"https:\/\/ena-kinouest.net\/?p=567"},"modified":"2025-07-11T13:07:25","modified_gmt":"2025-07-11T11:07:25","slug":"la-rdc-ouest-attend-la-visite-de-lapotre-patriarche-jean-luc-schneider","status":"publish","type":"post","link":"https:\/\/ena-kinouest.net\/index.php\/2025\/07\/11\/la-rdc-ouest-attend-la-visite-de-lapotre-patriarche-jean-luc-schneider\/","title":{"rendered":"La RDC Ouest attend la visite de l\u2019Ap\u00f4tre-Patriarche Jean-Luc Schneider"},"content":{"rendered":"\t\t<div data-elementor-type=\"wp-post\" data-elementor-id=\"567\" class=\"elementor elementor-567\">\n\t\t\t\t\t\t<section class=\"elementor-section elementor-top-section elementor-element elementor-element-f1c642b elementor-section-boxed elementor-section-height-default elementor-section-height-default\" data-id=\"f1c642b\" data-element_type=\"section\">\n\t\t\t\t\t\t<div class=\"elementor-container elementor-column-gap-default\">\n\t\t\t\t\t<div class=\"elementor-column elementor-col-100 elementor-top-column elementor-element elementor-element-497103d\" data-id=\"497103d\" data-element_type=\"column\">\n\t\t\t<div class=\"elementor-widget-wrap elementor-element-populated\">\n\t\t\t\t\t\t<div class=\"elementor-element elementor-element-3b032fd elementor-widget elementor-widget-text-editor\" data-id=\"3b032fd\" data-element_type=\"widget\" data-widget_type=\"text-editor.default\">\n\t\t\t\t<div class=\"elementor-widget-container\">\n\t\t\t\t\t\t\t\t\t<p>Le mois de juillet 2025 s\u2019annonce historique pour l\u2019\u00c9glise n\u00e9o-apostolique de la RDC Ouest. Il sera marqu\u00e9 par la visite tant attendue de l\u2019Ap\u00f4tre-Patriarche Jean-Luc Schneider, porteur d\u2019une mission spirituelle profonde. Cette visite sera rythm\u00e9e par plusieurs temps forts, riches en b\u00e9n\u00e9dictions, en enseignements et en moments de communion.<\/p>\t\t\t\t\t\t\t\t<\/div>\n\t\t\t\t<\/div>\n\t\t\t\t\t<\/div>\n\t\t<\/div>\n\t\t\t\t\t<\/div>\n\t\t<\/section>\n\t\t\t\t<section class=\"elementor-section elementor-top-section elementor-element elementor-element-c2ed7f6 elementor-section-boxed elementor-section-height-default elementor-section-height-default\" data-id=\"c2ed7f6\" data-element_type=\"section\">\n\t\t\t\t\t\t<div class=\"elementor-container elementor-column-gap-default\">\n\t\t\t\t\t<div class=\"elementor-column elementor-col-100 elementor-top-column elementor-element elementor-element-4f929cb\" data-id=\"4f929cb\" data-element_type=\"column\">\n\t\t\t<div class=\"elementor-widget-wrap elementor-element-populated\">\n\t\t\t\t\t\t<div class=\"elementor-element elementor-element-70bbd88 elementor-widget elementor-widget-image\" data-id=\"70bbd88\" data-element_type=\"widget\" data-widget_type=\"image.default\">\n\t\t\t\t<div class=\"elementor-widget-container\">\n\t\t\t\t\t\t\t\t\t\t\t\t\t\t\t<img fetchpriority=\"high\" decoding=\"async\" width=\"724\" height=\"1024\" src=\"https:\/\/i0.wp.com\/ena-kinouest.net\/wp-content\/uploads\/2025\/07\/Affiche-Arrivee-APP-Corrigee-2-scaled.jpg?fit=724%2C1024&amp;ssl=1\" class=\"attachment-large size-large wp-image-568\" alt=\"\" srcset=\"https:\/\/i0.wp.com\/ena-kinouest.net\/wp-content\/uploads\/2025\/07\/Affiche-Arrivee-APP-Corrigee-2-scaled.jpg?w=1810&amp;ssl=1 1810w, https:\/\/i0.wp.com\/ena-kinouest.net\/wp-content\/uploads\/2025\/07\/Affiche-Arrivee-APP-Corrigee-2-scaled.jpg?resize=212%2C300&amp;ssl=1 212w, https:\/\/i0.wp.com\/ena-kinouest.net\/wp-content\/uploads\/2025\/07\/Affiche-Arrivee-APP-Corrigee-2-scaled.jpg?resize=724%2C1024&amp;ssl=1 724w, https:\/\/i0.wp.com\/ena-kinouest.net\/wp-content\/uploads\/2025\/07\/Affiche-Arrivee-APP-Corrigee-2-scaled.jpg?resize=768%2C1086&amp;ssl=1 768w, https:\/\/i0.wp.com\/ena-kinouest.net\/wp-content\/uploads\/2025\/07\/Affiche-Arrivee-APP-Corrigee-2-scaled.jpg?resize=1086%2C1536&amp;ssl=1 1086w, https:\/\/i0.wp.com\/ena-kinouest.net\/wp-content\/uploads\/2025\/07\/Affiche-Arrivee-APP-Corrigee-2-scaled.jpg?resize=1448%2C2048&amp;ssl=1 1448w, https:\/\/i0.wp.com\/ena-kinouest.net\/wp-content\/uploads\/2025\/07\/Affiche-Arrivee-APP-Corrigee-2-scaled.jpg?w=1600&amp;ssl=1 1600w\" sizes=\"(max-width: 724px) 100vw, 724px\" \/>\t\t\t\t\t\t\t\t\t\t\t\t\t\t\t<\/div>\n\t\t\t\t<\/div>\n\t\t\t\t\t<\/div>\n\t\t<\/div>\n\t\t\t\t\t<\/div>\n\t\t<\/section>\n\t\t\t\t<section class=\"elementor-section elementor-top-section elementor-element elementor-element-7596ea2 elementor-section-boxed elementor-section-height-default elementor-section-height-default\" data-id=\"7596ea2\" data-element_type=\"section\">\n\t\t\t\t\t\t<div class=\"elementor-container elementor-column-gap-default\">\n\t\t\t\t\t<div class=\"elementor-column elementor-col-100 elementor-top-column elementor-element elementor-element-f9a490f\" data-id=\"f9a490f\" data-element_type=\"column\">\n\t\t\t<div class=\"elementor-widget-wrap elementor-element-populated\">\n\t\t\t\t\t\t<div class=\"elementor-element elementor-element-6dc192f elementor-widget elementor-widget-heading\" data-id=\"6dc192f\" data-element_type=\"widget\" data-widget_type=\"heading.default\">\n\t\t\t\t<div class=\"elementor-widget-container\">\n\t\t\t\t\t<h2 class=\"elementor-heading-title elementor-size-default\"><strong style=\"color: inherit;font-family: inherit;font-size: 2rem\">Un service de pr\u00e9paration porteur d\u2019\u00e9lan<\/strong><\/h2>\t\t\t\t<\/div>\n\t\t\t\t<\/div>\n\t\t\t\t\t<\/div>\n\t\t<\/div>\n\t\t\t\t\t<\/div>\n\t\t<\/section>\n\t\t\t\t<section class=\"elementor-section elementor-top-section elementor-element elementor-element-ebc8b0b elementor-section-boxed elementor-section-height-default elementor-section-height-default\" data-id=\"ebc8b0b\" data-element_type=\"section\">\n\t\t\t\t\t\t<div class=\"elementor-container elementor-column-gap-default\">\n\t\t\t\t\t<div class=\"elementor-column elementor-col-100 elementor-top-column elementor-element elementor-element-deb076b\" data-id=\"deb076b\" data-element_type=\"column\">\n\t\t\t<div class=\"elementor-widget-wrap elementor-element-populated\">\n\t\t\t\t\t\t<div class=\"elementor-element elementor-element-1da3c4a elementor-widget elementor-widget-text-editor\" data-id=\"1da3c4a\" data-element_type=\"widget\" data-widget_type=\"text-editor.default\">\n\t\t\t\t<div class=\"elementor-widget-container\">\n\t\t\t\t\t\t\t\t\t<p>Le dimanche 29 juin 2025, l\u2019Ap\u00f4tre de District Michael Deppner a offici\u00e9 un service divin de pr\u00e9paration \u00e0 la communaut\u00e9 de Limete-Central, \u00e0 Kinshasa. Il s\u2019agissait, selon les termes de l\u2019officiant, d\u2019une triple pr\u00e9paration : celle du retour de Christ, celle du service divin en faveur des d\u00e9funts (pr\u00e9vu le premier dimanche de juillet), et enfin celle de la visite de l\u2019Ap\u00f4tre-Patriarche en RDC Ouest \u00e0 partir du 17 juillet.<\/p>\t\t\t\t\t\t\t\t<\/div>\n\t\t\t\t<\/div>\n\t\t\t\t\t<\/div>\n\t\t<\/div>\n\t\t\t\t\t<\/div>\n\t\t<\/section>\n\t\t\t\t<section class=\"elementor-section elementor-top-section elementor-element elementor-element-d915adc elementor-section-boxed elementor-section-height-default elementor-section-height-default\" data-id=\"d915adc\" data-element_type=\"section\">\n\t\t\t\t\t\t<div class=\"elementor-container elementor-column-gap-default\">\n\t\t\t\t\t<div class=\"elementor-column elementor-col-100 elementor-top-column elementor-element elementor-element-e55c22b\" data-id=\"e55c22b\" data-element_type=\"column\">\n\t\t\t<div class=\"elementor-widget-wrap elementor-element-populated\">\n\t\t\t\t\t\t<div class=\"elementor-element elementor-element-ee508ec elementor-widget elementor-widget-text-editor\" data-id=\"ee508ec\" data-element_type=\"widget\" data-widget_type=\"text-editor.default\">\n\t\t\t\t<div class=\"elementor-widget-container\">\n\t\t\t\t\t\t\t\t\t<p>Ce service a \u00e9galement permis de faire le point sur l\u2019\u00e9tat d\u2019avancement des missions confi\u00e9es aux diff\u00e9rentes commissions en charge de l\u2019organisation. Chaque \u00e9quipe a pu tirer les le\u00e7ons de son niveau de pr\u00e9paration, confirmant l\u2019engagement collectif \u00e0 faire de cette visite \u2014 et de chaque \u00e9tape du programme \u2014 un succ\u00e8s \u00e0 la hauteur de l\u2019\u00e9v\u00e9nement.<\/p>\t\t\t\t\t\t\t\t<\/div>\n\t\t\t\t<\/div>\n\t\t\t\t\t<\/div>\n\t\t<\/div>\n\t\t\t\t\t<\/div>\n\t\t<\/section>\n\t\t\t\t<section class=\"elementor-section elementor-top-section elementor-element elementor-element-8c9271d elementor-section-boxed elementor-section-height-default elementor-section-height-default\" data-id=\"8c9271d\" data-element_type=\"section\">\n\t\t\t\t\t\t<div class=\"elementor-container elementor-column-gap-default\">\n\t\t\t\t\t<div class=\"elementor-column elementor-col-100 elementor-top-column elementor-element elementor-element-f8f275b\" data-id=\"f8f275b\" data-element_type=\"column\">\n\t\t\t<div class=\"elementor-widget-wrap elementor-element-populated\">\n\t\t\t\t\t\t<div class=\"elementor-element elementor-element-aeb5013 elementor-widget elementor-widget-heading\" data-id=\"aeb5013\" data-element_type=\"widget\" data-widget_type=\"heading.default\">\n\t\t\t\t<div class=\"elementor-widget-container\">\n\t\t\t\t\t<h2 class=\"elementor-heading-title elementor-size-default\">Un programme spirituel et fraternel riche<\/h2>\t\t\t\t<\/div>\n\t\t\t\t<\/div>\n\t\t\t\t\t<\/div>\n\t\t<\/div>\n\t\t\t\t\t<\/div>\n\t\t<\/section>\n\t\t\t\t<section class=\"elementor-section elementor-top-section elementor-element elementor-element-e57f3e0 elementor-section-boxed elementor-section-height-default elementor-section-height-default\" data-id=\"e57f3e0\" data-element_type=\"section\">\n\t\t\t\t\t\t<div class=\"elementor-container elementor-column-gap-default\">\n\t\t\t\t\t<div class=\"elementor-column elementor-col-100 elementor-top-column elementor-element elementor-element-733cc2b\" data-id=\"733cc2b\" data-element_type=\"column\">\n\t\t\t<div class=\"elementor-widget-wrap elementor-element-populated\">\n\t\t\t\t\t\t<div class=\"elementor-element elementor-element-31b332f elementor-widget elementor-widget-text-editor\" data-id=\"31b332f\" data-element_type=\"widget\" data-widget_type=\"text-editor.default\">\n\t\t\t\t<div class=\"elementor-widget-container\">\n\t\t\t\t\t\t\t\t\t<p>Les pr\u00e9paratifs sont d\u00e9j\u00e0 bien avanc\u00e9s, et l\u2019\u00c9glise territoriale se tient pr\u00eate \u00e0 accueillir de nombreux invit\u00e9s venus de toute la RDC ainsi que de l\u2019\u00e9tranger. Ministres de Dieu, choristes et fid\u00e8les se rassembleront dans une ambiance de foi, d\u2019unit\u00e9 et de joie.<\/p>\t\t\t\t\t\t\t\t<\/div>\n\t\t\t\t<\/div>\n\t\t\t\t\t<\/div>\n\t\t<\/div>\n\t\t\t\t\t<\/div>\n\t\t<\/section>\n\t\t\t\t<section class=\"elementor-section elementor-top-section elementor-element elementor-element-dc278fb elementor-section-boxed elementor-section-height-default elementor-section-height-default\" data-id=\"dc278fb\" data-element_type=\"section\">\n\t\t\t\t\t\t<div class=\"elementor-container elementor-column-gap-default\">\n\t\t\t\t\t<div class=\"elementor-column elementor-col-100 elementor-top-column elementor-element elementor-element-23b0ae1\" data-id=\"23b0ae1\" data-element_type=\"column\">\n\t\t\t<div class=\"elementor-widget-wrap elementor-element-populated\">\n\t\t\t\t\t\t<div class=\"elementor-element elementor-element-b94878a elementor-widget elementor-widget-heading\" data-id=\"b94878a\" data-element_type=\"widget\" data-widget_type=\"heading.default\">\n\t\t\t\t<div class=\"elementor-widget-container\">\n\t\t\t\t\t<h2 class=\"elementor-heading-title elementor-size-default\">Samedi 19 juillet \u2013 R\u00e9unions cl\u00e9s et concert de louange<\/h2>\t\t\t\t<\/div>\n\t\t\t\t<\/div>\n\t\t\t\t\t<\/div>\n\t\t<\/div>\n\t\t\t\t\t<\/div>\n\t\t<\/section>\n\t\t\t\t<section class=\"elementor-section elementor-top-section elementor-element elementor-element-5108175 elementor-section-boxed elementor-section-height-default elementor-section-height-default\" data-id=\"5108175\" data-element_type=\"section\">\n\t\t\t\t\t\t<div class=\"elementor-container elementor-column-gap-default\">\n\t\t\t\t\t<div class=\"elementor-column elementor-col-100 elementor-top-column elementor-element elementor-element-e508998\" data-id=\"e508998\" data-element_type=\"column\">\n\t\t\t<div class=\"elementor-widget-wrap elementor-element-populated\">\n\t\t\t\t\t\t<div class=\"elementor-element elementor-element-e26f43c elementor-widget elementor-widget-text-editor\" data-id=\"e26f43c\" data-element_type=\"widget\" data-widget_type=\"text-editor.default\">\n\t\t\t\t<div class=\"elementor-widget-container\">\n\t\t\t\t\t\t\t\t\t<p>La premi\u00e8re activit\u00e9 de cette visite aura lieu le samedi 19 juillet. Une r\u00e9union importante est pr\u00e9vue dans la matin\u00e9e : les ap\u00f4tres et \u00e9v\u00eaques de l\u2019\u00c9glise territoriale de la RDC Ouest se r\u00e9uniront autour de l\u2019Ap\u00f4tre-Patriarche Jean-Luc Schneider et des ap\u00f4tres de district (et adjoints) composant sa d\u00e9l\u00e9gation.<\/p>\t\t\t\t\t\t\t\t<\/div>\n\t\t\t\t<\/div>\n\t\t\t\t\t<\/div>\n\t\t<\/div>\n\t\t\t\t\t<\/div>\n\t\t<\/section>\n\t\t\t\t<section class=\"elementor-section elementor-top-section elementor-element elementor-element-f45b980 elementor-section-boxed elementor-section-height-default elementor-section-height-default\" data-id=\"f45b980\" data-element_type=\"section\">\n\t\t\t\t\t\t<div class=\"elementor-container elementor-column-gap-default\">\n\t\t\t\t\t<div class=\"elementor-column elementor-col-100 elementor-top-column elementor-element elementor-element-45240cc\" data-id=\"45240cc\" data-element_type=\"column\">\n\t\t\t<div class=\"elementor-widget-wrap elementor-element-populated\">\n\t\t\t\t\t\t<div class=\"elementor-element elementor-element-d65b49c elementor-widget elementor-widget-text-editor\" data-id=\"d65b49c\" data-element_type=\"widget\" data-widget_type=\"text-editor.default\">\n\t\t\t\t<div class=\"elementor-widget-container\">\n\t\t\t\t\t\t\t\t\t<p>Dans l\u2019apr\u00e8s-midi, un concert de louange aura lieu \u00e0 la communaut\u00e9 de Limete Central. Ce moment festif mettra en valeur les talents des choristes de Kinshasa et rassemblera les fid\u00e8les autour d\u2019un temps de chant et de communion fraternelle.<\/p>\t\t\t\t\t\t\t\t<\/div>\n\t\t\t\t<\/div>\n\t\t\t\t\t<\/div>\n\t\t<\/div>\n\t\t\t\t\t<\/div>\n\t\t<\/section>\n\t\t\t\t<section class=\"elementor-section elementor-top-section elementor-element elementor-element-73622ed elementor-section-boxed elementor-section-height-default elementor-section-height-default\" data-id=\"73622ed\" data-element_type=\"section\">\n\t\t\t\t\t\t<div class=\"elementor-container elementor-column-gap-default\">\n\t\t\t\t\t<div class=\"elementor-column elementor-col-100 elementor-top-column elementor-element elementor-element-68193d7\" data-id=\"68193d7\" data-element_type=\"column\">\n\t\t\t<div class=\"elementor-widget-wrap elementor-element-populated\">\n\t\t\t\t\t\t<div class=\"elementor-element elementor-element-682389d elementor-widget elementor-widget-heading\" data-id=\"682389d\" data-element_type=\"widget\" data-widget_type=\"heading.default\">\n\t\t\t\t<div class=\"elementor-widget-container\">\n\t\t\t\t\t<h2 class=\"elementor-heading-title elementor-size-default\">Dimanche 20 juillet \u2013 Un service divin d\u2019exception \u00e0 Limete<\/h2>\t\t\t\t<\/div>\n\t\t\t\t<\/div>\n\t\t\t\t\t<\/div>\n\t\t<\/div>\n\t\t\t\t\t<\/div>\n\t\t<\/section>\n\t\t\t\t<section class=\"elementor-section elementor-top-section elementor-element elementor-element-2babbf8 elementor-section-boxed elementor-section-height-default elementor-section-height-default\" data-id=\"2babbf8\" data-element_type=\"section\">\n\t\t\t\t\t\t<div class=\"elementor-container elementor-column-gap-default\">\n\t\t\t\t\t<div class=\"elementor-column elementor-col-100 elementor-top-column elementor-element elementor-element-93cbb36\" data-id=\"93cbb36\" data-element_type=\"column\">\n\t\t\t<div class=\"elementor-widget-wrap elementor-element-populated\">\n\t\t\t\t\t\t<div class=\"elementor-element elementor-element-d835960 elementor-widget elementor-widget-text-editor\" data-id=\"d835960\" data-element_type=\"widget\" data-widget_type=\"text-editor.default\">\n\t\t\t\t<div class=\"elementor-widget-container\">\n\t\t\t\t\t\t\t\t\t<p>Le dimanche 20 juillet marquera le point culminant de cette visite, avec un service divin solennel c\u00e9l\u00e9br\u00e9 dans la communaut\u00e9 de Limete Central. Il pourrait s\u2019agir de l\u2019un des derniers services divins que l\u2019Ap\u00f4tre-Patriarche Jean-Luc Schneider officiera \u00e0 Kinshasa.<\/p><p>L\u2019assembl\u00e9e sera compos\u00e9e majoritairement de choristes, tandis que les autres fid\u00e8les pourront suivre la c\u00e9l\u00e9bration \u00e0 distance gr\u00e2ce \u00e0 sa retransmission sur <a href=\"https:\/\/www.youtube.com\/channel\/UC3VASgP-AvJTQ6qhzGk1iRg\"><strong>Digital Congo TV<\/strong><\/a> et en direct sur <a href=\"https:\/\/www.youtube.com\/@ENARDCOuest\"><strong>YouTube de l&rsquo;ENA RDC Ouest<\/strong><\/a>. Ce service s\u2019annonce comme un moment intense de communion et d\u2019\u00e9l\u00e9vation spirituelle.<\/p>\t\t\t\t\t\t\t\t<\/div>\n\t\t\t\t<\/div>\n\t\t\t\t\t<\/div>\n\t\t<\/div>\n\t\t\t\t\t<\/div>\n\t\t<\/section>\n\t\t\t\t<section class=\"elementor-section elementor-top-section elementor-element elementor-element-6b5a763 elementor-section-boxed elementor-section-height-default elementor-section-height-default\" data-id=\"6b5a763\" data-element_type=\"section\">\n\t\t\t\t\t\t<div class=\"elementor-container elementor-column-gap-default\">\n\t\t\t\t\t<div class=\"elementor-column elementor-col-100 elementor-top-column elementor-element elementor-element-6502a25\" data-id=\"6502a25\" data-element_type=\"column\">\n\t\t\t<div class=\"elementor-widget-wrap elementor-element-populated\">\n\t\t\t\t\t\t<div class=\"elementor-element elementor-element-1eb3e36 elementor-widget elementor-widget-heading\" data-id=\"1eb3e36\" data-element_type=\"widget\" data-widget_type=\"heading.default\">\n\t\t\t\t<div class=\"elementor-widget-container\">\n\t\t\t\t\t<h2 class=\"elementor-heading-title elementor-size-default\">Mardi 22 juillet \u2013 Un moment unique \u00e0 Kinzau<\/h2>\t\t\t\t<\/div>\n\t\t\t\t<\/div>\n\t\t\t\t\t<\/div>\n\t\t<\/div>\n\t\t\t\t\t<\/div>\n\t\t<\/section>\n\t\t\t\t<section class=\"elementor-section elementor-top-section elementor-element elementor-element-183e101 elementor-section-boxed elementor-section-height-default elementor-section-height-default\" data-id=\"183e101\" data-element_type=\"section\">\n\t\t\t\t\t\t<div class=\"elementor-container elementor-column-gap-default\">\n\t\t\t\t\t<div class=\"elementor-column elementor-col-100 elementor-top-column elementor-element elementor-element-5de3253\" data-id=\"5de3253\" data-element_type=\"column\">\n\t\t\t<div class=\"elementor-widget-wrap elementor-element-populated\">\n\t\t\t\t\t\t<div class=\"elementor-element elementor-element-76354b2 elementor-widget elementor-widget-text-editor\" data-id=\"76354b2\" data-element_type=\"widget\" data-widget_type=\"text-editor.default\">\n\t\t\t\t<div class=\"elementor-widget-container\">\n\t\t\t\t\t\t\t\t\t<p>Le mardi 22 juillet, l\u2019Ap\u00f4tre-Patriarche se rendra \u00e0 <a href=\"https:\/\/fr.wikipedia.org\/wiki\/Kinzau-Vuete\">Kinzau, une localit\u00e9 situ\u00e9e dans le territoire de Seke-Banza<\/a>, province du Kongo Central, \u00e0 environ 400 km de Kinshasa. Il y c\u00e9l\u00e9brera un service divin tr\u00e8s attendu. Les fid\u00e8les de cette r\u00e9gion vivront une rencontre unique dans la maison de Dieu et auront la joie de voir de pr\u00e8s l\u2019ambassadeur de Christ.<\/p>\t\t\t\t\t\t\t\t<\/div>\n\t\t\t\t<\/div>\n\t\t\t\t\t<\/div>\n\t\t<\/div>\n\t\t\t\t\t<\/div>\n\t\t<\/section>\n\t\t\t\t<section class=\"elementor-section elementor-top-section elementor-element elementor-element-7f95440 elementor-section-boxed elementor-section-height-default elementor-section-height-default\" data-id=\"7f95440\" data-element_type=\"section\">\n\t\t\t\t\t\t<div class=\"elementor-container elementor-column-gap-default\">\n\t\t\t\t\t<div class=\"elementor-column elementor-col-100 elementor-top-column elementor-element elementor-element-3483238\" data-id=\"3483238\" data-element_type=\"column\">\n\t\t\t<div class=\"elementor-widget-wrap elementor-element-populated\">\n\t\t\t\t\t\t<div class=\"elementor-element elementor-element-8816d79 elementor-widget elementor-widget-heading\" data-id=\"8816d79\" data-element_type=\"widget\" data-widget_type=\"heading.default\">\n\t\t\t\t<div class=\"elementor-widget-container\">\n\t\t\t\t\t<h2 class=\"elementor-heading-title elementor-size-default\">Mercredi 23 juillet \u2013 Communion avec les Ap\u00f4tres de District<\/h2>\t\t\t\t<\/div>\n\t\t\t\t<\/div>\n\t\t\t\t\t<\/div>\n\t\t<\/div>\n\t\t\t\t\t<\/div>\n\t\t<\/section>\n\t\t\t\t<section class=\"elementor-section elementor-top-section elementor-element elementor-element-e7c1f30 elementor-section-boxed elementor-section-height-default elementor-section-height-default\" data-id=\"e7c1f30\" data-element_type=\"section\">\n\t\t\t\t\t\t<div class=\"elementor-container elementor-column-gap-default\">\n\t\t\t\t\t<div class=\"elementor-column elementor-col-100 elementor-top-column elementor-element elementor-element-f217531\" data-id=\"f217531\" data-element_type=\"column\">\n\t\t\t<div class=\"elementor-widget-wrap elementor-element-populated\">\n\t\t\t\t\t\t<div class=\"elementor-element elementor-element-e5cbfc1 elementor-widget elementor-widget-text-editor\" data-id=\"e5cbfc1\" data-element_type=\"widget\" data-widget_type=\"text-editor.default\">\n\t\t\t\t<div class=\"elementor-widget-container\">\n\t\t\t\t\t\t\t\t\t<p>Enfin, le mercredi 23 juillet, un dernier service divin se tiendra dans la soir\u00e9e \u00e0 la communaut\u00e9 de Golf (District de Gombe), en pr\u00e9sence de cinq ap\u00f4tres de district faisant partie de la d\u00e9l\u00e9gation de l\u2019Ap\u00f4tre-Patriarche. Ce moment solennel sera une source de grande joie pour les fid\u00e8les du champ apostolique de Kinshasa, en g\u00e9n\u00e9ral, et pour ceux du champ de Kinshasa Ouest, en particulier. Il t\u00e9moignera une fois de plus de l\u2019unit\u00e9 et de la fraternit\u00e9 qui r\u00e8gnent au sein de l\u2019\u00c9glise.<\/p>\t\t\t\t\t\t\t\t<\/div>\n\t\t\t\t<\/div>\n\t\t\t\t\t<\/div>\n\t\t<\/div>\n\t\t\t\t\t<\/div>\n\t\t<\/section>\n\t\t\t\t<section class=\"elementor-section elementor-top-section elementor-element elementor-element-47a3b43 elementor-section-boxed elementor-section-height-default elementor-section-height-default\" data-id=\"47a3b43\" data-element_type=\"section\">\n\t\t\t\t\t\t<div class=\"elementor-container elementor-column-gap-default\">\n\t\t\t\t\t<div class=\"elementor-column elementor-col-100 elementor-top-column elementor-element elementor-element-7fe2f10\" data-id=\"7fe2f10\" data-element_type=\"column\">\n\t\t\t<div class=\"elementor-widget-wrap elementor-element-populated\">\n\t\t\t\t\t\t<div class=\"elementor-element elementor-element-4af0c47 elementor-widget elementor-widget-heading\" data-id=\"4af0c47\" data-element_type=\"widget\" data-widget_type=\"heading.default\">\n\t\t\t\t<div class=\"elementor-widget-container\">\n\t\t\t\t\t<h2 class=\"elementor-heading-title elementor-size-default\">Une visite m\u00e9morable en perspective<\/h2>\t\t\t\t<\/div>\n\t\t\t\t<\/div>\n\t\t\t\t\t<\/div>\n\t\t<\/div>\n\t\t\t\t\t<\/div>\n\t\t<\/section>\n\t\t\t\t<section class=\"elementor-section elementor-top-section elementor-element elementor-element-872c1fe elementor-section-boxed elementor-section-height-default elementor-section-height-default\" data-id=\"872c1fe\" data-element_type=\"section\">\n\t\t\t\t\t\t<div class=\"elementor-container elementor-column-gap-default\">\n\t\t\t\t\t<div class=\"elementor-column elementor-col-100 elementor-top-column elementor-element elementor-element-c1ec83c\" data-id=\"c1ec83c\" data-element_type=\"column\">\n\t\t\t<div class=\"elementor-widget-wrap elementor-element-populated\">\n\t\t\t\t\t\t<div class=\"elementor-element elementor-element-06934ca elementor-widget elementor-widget-text-editor\" data-id=\"06934ca\" data-element_type=\"widget\" data-widget_type=\"text-editor.default\">\n\t\t\t\t<div class=\"elementor-widget-container\">\n\t\t\t\t\t\t\t\t\t<p>Les fid\u00e8les sont invit\u00e9s \u00e0 vivre pleinement ces journ\u00e9es, \u00e0 s\u2019y pr\u00e9parer spirituellement et \u00e0 participer activement \u00e0 cette c\u00e9l\u00e9bration de la foi, de l\u2019unit\u00e9 et de l\u2019amour du prochain. En juillet 2025, toute l\u2019\u00c9glise de la RDC Ouest se mobilise pour accueillir l\u2019Ap\u00f4tre-Patriarche Jean-Luc Schneider\u2026 et vivre des instants de gr\u00e2ce, d\u2019unit\u00e9 et de b\u00e9n\u00e9diction qui resteront grav\u00e9s dans les c\u0153urs.<\/p>\t\t\t\t\t\t\t\t<\/div>\n\t\t\t\t<\/div>\n\t\t\t\t\t<\/div>\n\t\t<\/div>\n\t\t\t\t\t<\/div>\n\t\t<\/section>\n\t\t\t\t<\/div>\n\t\t","protected":false},"excerpt":{"rendered":"<p>Le mois de juillet 2025 s\u2019annonce historique pour l\u2019\u00c9glise n\u00e9o-apostolique de la RDC Ouest. Il sera marqu\u00e9 par la visite tant attendue de l\u2019Ap\u00f4tre-Patriarche Jean-Luc Schneider, porteur d\u2019une mission spirituelle profonde. Cette visite sera rythm\u00e9e par plusieurs temps forts, riches en b\u00e9n\u00e9dictions, en enseignements et en moments de communion. Un service de pr\u00e9paration porteur d\u2019\u00e9lan [&hellip;]<\/p>\n","protected":false},"author":2,"featured_media":568,"comment_status":"open","ping_status":"open","sticky":false,"template":"","format":"standard","meta":{"_jetpack_memberships_contains_paid_content":false,"footnotes":""},"categories":[8,14,16,17,18,11],"tags":[],"class_list":["post-567","post","type-post","status-publish","format-standard","has-post-thumbnail","hentry","category-annonce","category-apd","category-apotre-de-district","category-apotre-patriarche","category-visite-apotre-patriarche","category-visite-app"],"yoast_head":"<!-- This site is optimized with the Yoast SEO plugin v25.3.1 - https:\/\/yoast.com\/wordpress\/plugins\/seo\/ -->\n<title>La RDC Ouest attend la visite de l\u2019Ap\u00f4tre-Patriarche Jean-Luc Schneider - Eglise N\u00e9o-Apostolique Kinshasa Ouest<\/title>\n<meta name=\"robots\" content=\"index, follow, max-snippet:-1, max-image-preview:large, max-video-preview:-1\" \/>\n<link rel=\"canonical\" href=\"https:\/\/ena-kinouest.net\/index.php\/2025\/07\/11\/la-rdc-ouest-attend-la-visite-de-lapotre-patriarche-jean-luc-schneider\/\" \/>\n<meta property=\"og:locale\" content=\"fr_FR\" \/>\n<meta property=\"og:type\" content=\"article\" \/>\n<meta property=\"og:title\" content=\"La RDC Ouest attend la visite de l\u2019Ap\u00f4tre-Patriarche Jean-Luc Schneider - Eglise N\u00e9o-Apostolique Kinshasa Ouest\" \/>\n<meta property=\"og:description\" content=\"Le mois de juillet 2025 s\u2019annonce historique pour l\u2019\u00c9glise n\u00e9o-apostolique de la RDC Ouest. Il sera marqu\u00e9 par la visite tant attendue de l\u2019Ap\u00f4tre-Patriarche Jean-Luc Schneider, porteur d\u2019une mission spirituelle profonde. Cette visite sera rythm\u00e9e par plusieurs temps forts, riches en b\u00e9n\u00e9dictions, en enseignements et en moments de communion. Un service de pr\u00e9paration porteur d\u2019\u00e9lan [&hellip;]\" \/>\n<meta property=\"og:url\" content=\"https:\/\/ena-kinouest.net\/index.php\/2025\/07\/11\/la-rdc-ouest-attend-la-visite-de-lapotre-patriarche-jean-luc-schneider\/\" \/>\n<meta property=\"og:site_name\" content=\"Eglise N\u00e9o-Apostolique Kinshasa Ouest\" \/>\n<meta property=\"article:publisher\" content=\"https:\/\/web.facebook.com\/enardcouest\" \/>\n<meta property=\"article:published_time\" content=\"2025-07-11T10:13:23+00:00\" \/>\n<meta property=\"article:modified_time\" content=\"2025-07-11T11:07:25+00:00\" \/>\n<meta property=\"og:image\" content=\"https:\/\/ena-kinouest.net\/wp-content\/uploads\/2025\/07\/Affiche-Arrivee-APP-Corrigee-2-scaled.jpg\" \/>\n\t<meta property=\"og:image:width\" content=\"1810\" \/>\n\t<meta property=\"og:image:height\" content=\"2560\" \/>\n\t<meta property=\"og:image:type\" content=\"image\/jpeg\" \/>\n<meta name=\"author\" content=\"Jean Pierre Ilunga\" \/>\n<meta name=\"twitter:card\" content=\"summary_large_image\" \/>\n<meta name=\"twitter:label1\" content=\"\u00c9crit par\" \/>\n\t<meta name=\"twitter:data1\" content=\"Jean Pierre Ilunga\" \/>\n\t<meta name=\"twitter:label2\" content=\"Dur\u00e9e de lecture estim\u00e9e\" \/>\n\t<meta name=\"twitter:data2\" content=\"4 minutes\" \/>\n<script type=\"application\/ld+json\" class=\"yoast-schema-graph\">{\"@context\":\"https:\/\/schema.org\",\"@graph\":[{\"@type\":\"Article\",\"@id\":\"https:\/\/ena-kinouest.net\/index.php\/2025\/07\/11\/la-rdc-ouest-attend-la-visite-de-lapotre-patriarche-jean-luc-schneider\/#article\",\"isPartOf\":{\"@id\":\"https:\/\/ena-kinouest.net\/index.php\/2025\/07\/11\/la-rdc-ouest-attend-la-visite-de-lapotre-patriarche-jean-luc-schneider\/\"},\"author\":{\"name\":\"Jean Pierre Ilunga\",\"@id\":\"https:\/\/ena-kinouest.net\/#\/schema\/person\/e297bb70fcd52979fc8c90e6e9e77cf2\"},\"headline\":\"La RDC Ouest attend la visite de l\u2019Ap\u00f4tre-Patriarche Jean-Luc Schneider\",\"datePublished\":\"2025-07-11T10:13:23+00:00\",\"dateModified\":\"2025-07-11T11:07:25+00:00\",\"mainEntityOfPage\":{\"@id\":\"https:\/\/ena-kinouest.net\/index.php\/2025\/07\/11\/la-rdc-ouest-attend-la-visite-de-lapotre-patriarche-jean-luc-schneider\/\"},\"wordCount\":747,\"commentCount\":1,\"publisher\":{\"@id\":\"https:\/\/ena-kinouest.net\/#organization\"},\"image\":{\"@id\":\"https:\/\/ena-kinouest.net\/index.php\/2025\/07\/11\/la-rdc-ouest-attend-la-visite-de-lapotre-patriarche-jean-luc-schneider\/#primaryimage\"},\"thumbnailUrl\":\"https:\/\/i0.wp.com\/ena-kinouest.net\/wp-content\/uploads\/2025\/07\/Affiche-Arrivee-APP-Corrigee-2-scaled.jpg?fit=1810%2C2560&ssl=1\",\"articleSection\":[\"annonce\",\"apd\",\"ap\u00f4tre de district\",\"ap\u00f4tre patriarche\",\"visite ap\u00f4tre patriarche\",\"visite app\"],\"inLanguage\":\"fr-FR\",\"potentialAction\":[{\"@type\":\"CommentAction\",\"name\":\"Comment\",\"target\":[\"https:\/\/ena-kinouest.net\/index.php\/2025\/07\/11\/la-rdc-ouest-attend-la-visite-de-lapotre-patriarche-jean-luc-schneider\/#respond\"]}]},{\"@type\":\"WebPage\",\"@id\":\"https:\/\/ena-kinouest.net\/index.php\/2025\/07\/11\/la-rdc-ouest-attend-la-visite-de-lapotre-patriarche-jean-luc-schneider\/\",\"url\":\"https:\/\/ena-kinouest.net\/index.php\/2025\/07\/11\/la-rdc-ouest-attend-la-visite-de-lapotre-patriarche-jean-luc-schneider\/\",\"name\":\"La RDC Ouest attend la visite de l\u2019Ap\u00f4tre-Patriarche Jean-Luc Schneider - Eglise N\u00e9o-Apostolique Kinshasa Ouest\",\"isPartOf\":{\"@id\":\"https:\/\/ena-kinouest.net\/#website\"},\"primaryImageOfPage\":{\"@id\":\"https:\/\/ena-kinouest.net\/index.php\/2025\/07\/11\/la-rdc-ouest-attend-la-visite-de-lapotre-patriarche-jean-luc-schneider\/#primaryimage\"},\"image\":{\"@id\":\"https:\/\/ena-kinouest.net\/index.php\/2025\/07\/11\/la-rdc-ouest-attend-la-visite-de-lapotre-patriarche-jean-luc-schneider\/#primaryimage\"},\"thumbnailUrl\":\"https:\/\/i0.wp.com\/ena-kinouest.net\/wp-content\/uploads\/2025\/07\/Affiche-Arrivee-APP-Corrigee-2-scaled.jpg?fit=1810%2C2560&ssl=1\",\"datePublished\":\"2025-07-11T10:13:23+00:00\",\"dateModified\":\"2025-07-11T11:07:25+00:00\",\"breadcrumb\":{\"@id\":\"https:\/\/ena-kinouest.net\/index.php\/2025\/07\/11\/la-rdc-ouest-attend-la-visite-de-lapotre-patriarche-jean-luc-schneider\/#breadcrumb\"},\"inLanguage\":\"fr-FR\",\"potentialAction\":[{\"@type\":\"ReadAction\",\"target\":[\"https:\/\/ena-kinouest.net\/index.php\/2025\/07\/11\/la-rdc-ouest-attend-la-visite-de-lapotre-patriarche-jean-luc-schneider\/\"]}]},{\"@type\":\"ImageObject\",\"inLanguage\":\"fr-FR\",\"@id\":\"https:\/\/ena-kinouest.net\/index.php\/2025\/07\/11\/la-rdc-ouest-attend-la-visite-de-lapotre-patriarche-jean-luc-schneider\/#primaryimage\",\"url\":\"https:\/\/i0.wp.com\/ena-kinouest.net\/wp-content\/uploads\/2025\/07\/Affiche-Arrivee-APP-Corrigee-2-scaled.jpg?fit=1810%2C2560&ssl=1\",\"contentUrl\":\"https:\/\/i0.wp.com\/ena-kinouest.net\/wp-content\/uploads\/2025\/07\/Affiche-Arrivee-APP-Corrigee-2-scaled.jpg?fit=1810%2C2560&ssl=1\",\"width\":1810,\"height\":2560},{\"@type\":\"BreadcrumbList\",\"@id\":\"https:\/\/ena-kinouest.net\/index.php\/2025\/07\/11\/la-rdc-ouest-attend-la-visite-de-lapotre-patriarche-jean-luc-schneider\/#breadcrumb\",\"itemListElement\":[{\"@type\":\"ListItem\",\"position\":1,\"name\":\"Accueil\",\"item\":\"https:\/\/ena-kinouest.net\/\"},{\"@type\":\"ListItem\",\"position\":2,\"name\":\"La RDC Ouest attend la visite de l\u2019Ap\u00f4tre-Patriarche Jean-Luc Schneider\"}]},{\"@type\":\"WebSite\",\"@id\":\"https:\/\/ena-kinouest.net\/#website\",\"url\":\"https:\/\/ena-kinouest.net\/\",\"name\":\"Eglise N\u00e9o-Apostolique Kinshasa Ouest\",\"description\":\"\",\"publisher\":{\"@id\":\"https:\/\/ena-kinouest.net\/#organization\"},\"alternateName\":\"ENA Kin-Ouest\",\"potentialAction\":[{\"@type\":\"SearchAction\",\"target\":{\"@type\":\"EntryPoint\",\"urlTemplate\":\"https:\/\/ena-kinouest.net\/?s={search_term_string}\"},\"query-input\":{\"@type\":\"PropertyValueSpecification\",\"valueRequired\":true,\"valueName\":\"search_term_string\"}}],\"inLanguage\":\"fr-FR\"},{\"@type\":\"Organization\",\"@id\":\"https:\/\/ena-kinouest.net\/#organization\",\"name\":\"Eglise N\u00e9o-Apostolique Kinshasa Ouest\",\"url\":\"https:\/\/ena-kinouest.net\/\",\"logo\":{\"@type\":\"ImageObject\",\"inLanguage\":\"fr-FR\",\"@id\":\"https:\/\/ena-kinouest.net\/#\/schema\/logo\/image\/\",\"url\":\"https:\/\/ena-kinouest.net\/wp-content\/uploads\/2023\/06\/Nak_logo.svg\",\"contentUrl\":\"https:\/\/ena-kinouest.net\/wp-content\/uploads\/2023\/06\/Nak_logo.svg\",\"width\":1493,\"height\":1491,\"caption\":\"Eglise N\u00e9o-Apostolique Kinshasa Ouest\"},\"image\":{\"@id\":\"https:\/\/ena-kinouest.net\/#\/schema\/logo\/image\/\"},\"sameAs\":[\"https:\/\/web.facebook.com\/enardcouest\",\"https:\/\/www.youtube.com\/@egliseneo-apostoliquekin-o4002\"]},{\"@type\":\"Person\",\"@id\":\"https:\/\/ena-kinouest.net\/#\/schema\/person\/e297bb70fcd52979fc8c90e6e9e77cf2\",\"name\":\"Jean Pierre Ilunga\",\"image\":{\"@type\":\"ImageObject\",\"inLanguage\":\"fr-FR\",\"@id\":\"https:\/\/ena-kinouest.net\/#\/schema\/person\/image\/\",\"url\":\"https:\/\/secure.gravatar.com\/avatar\/5a95734122618395a34fa53ea6aaeb25c24256da30879534dd4d3029aa12ffef?s=96&d=mm&r=g\",\"contentUrl\":\"https:\/\/secure.gravatar.com\/avatar\/5a95734122618395a34fa53ea6aaeb25c24256da30879534dd4d3029aa12ffef?s=96&d=mm&r=g\",\"caption\":\"Jean Pierre Ilunga\"},\"url\":\"https:\/\/ena-kinouest.net\/index.php\/author\/hjpi\/\"}]}<\/script>\n<!-- \/ Yoast SEO plugin. -->","yoast_head_json":{"title":"La RDC Ouest attend la visite de l\u2019Ap\u00f4tre-Patriarche Jean-Luc Schneider - Eglise N\u00e9o-Apostolique Kinshasa Ouest","robots":{"index":"index","follow":"follow","max-snippet":"max-snippet:-1","max-image-preview":"max-image-preview:large","max-video-preview":"max-video-preview:-1"},"canonical":"https:\/\/ena-kinouest.net\/index.php\/2025\/07\/11\/la-rdc-ouest-attend-la-visite-de-lapotre-patriarche-jean-luc-schneider\/","og_locale":"fr_FR","og_type":"article","og_title":"La RDC Ouest attend la visite de l\u2019Ap\u00f4tre-Patriarche Jean-Luc Schneider - Eglise N\u00e9o-Apostolique Kinshasa Ouest","og_description":"Le mois de juillet 2025 s\u2019annonce historique pour l\u2019\u00c9glise n\u00e9o-apostolique de la RDC Ouest. Il sera marqu\u00e9 par la visite tant attendue de l\u2019Ap\u00f4tre-Patriarche Jean-Luc Schneider, porteur d\u2019une mission spirituelle profonde. Cette visite sera rythm\u00e9e par plusieurs temps forts, riches en b\u00e9n\u00e9dictions, en enseignements et en moments de communion. Un service de pr\u00e9paration porteur d\u2019\u00e9lan [&hellip;]","og_url":"https:\/\/ena-kinouest.net\/index.php\/2025\/07\/11\/la-rdc-ouest-attend-la-visite-de-lapotre-patriarche-jean-luc-schneider\/","og_site_name":"Eglise N\u00e9o-Apostolique Kinshasa Ouest","article_publisher":"https:\/\/web.facebook.com\/enardcouest","article_published_time":"2025-07-11T10:13:23+00:00","article_modified_time":"2025-07-11T11:07:25+00:00","og_image":[{"width":1810,"height":2560,"url":"https:\/\/ena-kinouest.net\/wp-content\/uploads\/2025\/07\/Affiche-Arrivee-APP-Corrigee-2-scaled.jpg","type":"image\/jpeg"}],"author":"Jean Pierre Ilunga","twitter_card":"summary_large_image","twitter_misc":{"\u00c9crit par":"Jean Pierre Ilunga","Dur\u00e9e de lecture estim\u00e9e":"4 minutes"},"schema":{"@context":"https:\/\/schema.org","@graph":[{"@type":"Article","@id":"https:\/\/ena-kinouest.net\/index.php\/2025\/07\/11\/la-rdc-ouest-attend-la-visite-de-lapotre-patriarche-jean-luc-schneider\/#article","isPartOf":{"@id":"https:\/\/ena-kinouest.net\/index.php\/2025\/07\/11\/la-rdc-ouest-attend-la-visite-de-lapotre-patriarche-jean-luc-schneider\/"},"author":{"name":"Jean Pierre Ilunga","@id":"https:\/\/ena-kinouest.net\/#\/schema\/person\/e297bb70fcd52979fc8c90e6e9e77cf2"},"headline":"La RDC Ouest attend la visite de l\u2019Ap\u00f4tre-Patriarche Jean-Luc Schneider","datePublished":"2025-07-11T10:13:23+00:00","dateModified":"2025-07-11T11:07:25+00:00","mainEntityOfPage":{"@id":"https:\/\/ena-kinouest.net\/index.php\/2025\/07\/11\/la-rdc-ouest-attend-la-visite-de-lapotre-patriarche-jean-luc-schneider\/"},"wordCount":747,"commentCount":1,"publisher":{"@id":"https:\/\/ena-kinouest.net\/#organization"},"image":{"@id":"https:\/\/ena-kinouest.net\/index.php\/2025\/07\/11\/la-rdc-ouest-attend-la-visite-de-lapotre-patriarche-jean-luc-schneider\/#primaryimage"},"thumbnailUrl":"https:\/\/i0.wp.com\/ena-kinouest.net\/wp-content\/uploads\/2025\/07\/Affiche-Arrivee-APP-Corrigee-2-scaled.jpg?fit=1810%2C2560&ssl=1","articleSection":["annonce","apd","ap\u00f4tre de district","ap\u00f4tre patriarche","visite ap\u00f4tre patriarche","visite app"],"inLanguage":"fr-FR","potentialAction":[{"@type":"CommentAction","name":"Comment","target":["https:\/\/ena-kinouest.net\/index.php\/2025\/07\/11\/la-rdc-ouest-attend-la-visite-de-lapotre-patriarche-jean-luc-schneider\/#respond"]}]},{"@type":"WebPage","@id":"https:\/\/ena-kinouest.net\/index.php\/2025\/07\/11\/la-rdc-ouest-attend-la-visite-de-lapotre-patriarche-jean-luc-schneider\/","url":"https:\/\/ena-kinouest.net\/index.php\/2025\/07\/11\/la-rdc-ouest-attend-la-visite-de-lapotre-patriarche-jean-luc-schneider\/","name":"La RDC Ouest attend la visite de l\u2019Ap\u00f4tre-Patriarche Jean-Luc Schneider - Eglise N\u00e9o-Apostolique Kinshasa Ouest","isPartOf":{"@id":"https:\/\/ena-kinouest.net\/#website"},"primaryImageOfPage":{"@id":"https:\/\/ena-kinouest.net\/index.php\/2025\/07\/11\/la-rdc-ouest-attend-la-visite-de-lapotre-patriarche-jean-luc-schneider\/#primaryimage"},"image":{"@id":"https:\/\/ena-kinouest.net\/index.php\/2025\/07\/11\/la-rdc-ouest-attend-la-visite-de-lapotre-patriarche-jean-luc-schneider\/#primaryimage"},"thumbnailUrl":"https:\/\/i0.wp.com\/ena-kinouest.net\/wp-content\/uploads\/2025\/07\/Affiche-Arrivee-APP-Corrigee-2-scaled.jpg?fit=1810%2C2560&ssl=1","datePublished":"2025-07-11T10:13:23+00:00","dateModified":"2025-07-11T11:07:25+00:00","breadcrumb":{"@id":"https:\/\/ena-kinouest.net\/index.php\/2025\/07\/11\/la-rdc-ouest-attend-la-visite-de-lapotre-patriarche-jean-luc-schneider\/#breadcrumb"},"inLanguage":"fr-FR","potentialAction":[{"@type":"ReadAction","target":["https:\/\/ena-kinouest.net\/index.php\/2025\/07\/11\/la-rdc-ouest-attend-la-visite-de-lapotre-patriarche-jean-luc-schneider\/"]}]},{"@type":"ImageObject","inLanguage":"fr-FR","@id":"https:\/\/ena-kinouest.net\/index.php\/2025\/07\/11\/la-rdc-ouest-attend-la-visite-de-lapotre-patriarche-jean-luc-schneider\/#primaryimage","url":"https:\/\/i0.wp.com\/ena-kinouest.net\/wp-content\/uploads\/2025\/07\/Affiche-Arrivee-APP-Corrigee-2-scaled.jpg?fit=1810%2C2560&ssl=1","contentUrl":"https:\/\/i0.wp.com\/ena-kinouest.net\/wp-content\/uploads\/2025\/07\/Affiche-Arrivee-APP-Corrigee-2-scaled.jpg?fit=1810%2C2560&ssl=1","width":1810,"height":2560},{"@type":"BreadcrumbList","@id":"https:\/\/ena-kinouest.net\/index.php\/2025\/07\/11\/la-rdc-ouest-attend-la-visite-de-lapotre-patriarche-jean-luc-schneider\/#breadcrumb","itemListElement":[{"@type":"ListItem","position":1,"name":"Accueil","item":"https:\/\/ena-kinouest.net\/"},{"@type":"ListItem","position":2,"name":"La RDC Ouest attend la visite de l\u2019Ap\u00f4tre-Patriarche Jean-Luc Schneider"}]},{"@type":"WebSite","@id":"https:\/\/ena-kinouest.net\/#website","url":"https:\/\/ena-kinouest.net\/","name":"Eglise N\u00e9o-Apostolique Kinshasa Ouest","description":"","publisher":{"@id":"https:\/\/ena-kinouest.net\/#organization"},"alternateName":"ENA Kin-Ouest","potentialAction":[{"@type":"SearchAction","target":{"@type":"EntryPoint","urlTemplate":"https:\/\/ena-kinouest.net\/?s={search_term_string}"},"query-input":{"@type":"PropertyValueSpecification","valueRequired":true,"valueName":"search_term_string"}}],"inLanguage":"fr-FR"},{"@type":"Organization","@id":"https:\/\/ena-kinouest.net\/#organization","name":"Eglise N\u00e9o-Apostolique Kinshasa Ouest","url":"https:\/\/ena-kinouest.net\/","logo":{"@type":"ImageObject","inLanguage":"fr-FR","@id":"https:\/\/ena-kinouest.net\/#\/schema\/logo\/image\/","url":"https:\/\/ena-kinouest.net\/wp-content\/uploads\/2023\/06\/Nak_logo.svg","contentUrl":"https:\/\/ena-kinouest.net\/wp-content\/uploads\/2023\/06\/Nak_logo.svg","width":1493,"height":1491,"caption":"Eglise N\u00e9o-Apostolique Kinshasa Ouest"},"image":{"@id":"https:\/\/ena-kinouest.net\/#\/schema\/logo\/image\/"},"sameAs":["https:\/\/web.facebook.com\/enardcouest","https:\/\/www.youtube.com\/@egliseneo-apostoliquekin-o4002"]},{"@type":"Person","@id":"https:\/\/ena-kinouest.net\/#\/schema\/person\/e297bb70fcd52979fc8c90e6e9e77cf2","name":"Jean Pierre Ilunga","image":{"@type":"ImageObject","inLanguage":"fr-FR","@id":"https:\/\/ena-kinouest.net\/#\/schema\/person\/image\/","url":"https:\/\/secure.gravatar.com\/avatar\/5a95734122618395a34fa53ea6aaeb25c24256da30879534dd4d3029aa12ffef?s=96&d=mm&r=g","contentUrl":"https:\/\/secure.gravatar.com\/avatar\/5a95734122618395a34fa53ea6aaeb25c24256da30879534dd4d3029aa12ffef?s=96&d=mm&r=g","caption":"Jean Pierre Ilunga"},"url":"https:\/\/ena-kinouest.net\/index.php\/author\/hjpi\/"}]}},"jetpack_featured_media_url":"https:\/\/i0.wp.com\/ena-kinouest.net\/wp-content\/uploads\/2025\/07\/Affiche-Arrivee-APP-Corrigee-2-scaled.jpg?fit=1810%2C2560&ssl=1","jetpack-related-posts":[],"jetpack_sharing_enabled":true,"_links":{"self":[{"href":"https:\/\/ena-kinouest.net\/index.php\/wp-json\/wp\/v2\/posts\/567","targetHints":{"allow":["GET"]}}],"collection":[{"href":"https:\/\/ena-kinouest.net\/index.php\/wp-json\/wp\/v2\/posts"}],"about":[{"href":"https:\/\/ena-kinouest.net\/index.php\/wp-json\/wp\/v2\/types\/post"}],"author":[{"embeddable":true,"href":"https:\/\/ena-kinouest.net\/index.php\/wp-json\/wp\/v2\/users\/2"}],"replies":[{"embeddable":true,"href":"https:\/\/ena-kinouest.net\/index.php\/wp-json\/wp\/v2\/comments?post=567"}],"version-history":[{"count":8,"href":"https:\/\/ena-kinouest.net\/index.php\/wp-json\/wp\/v2\/posts\/567\/revisions"}],"predecessor-version":[{"id":577,"href":"https:\/\/ena-kinouest.net\/index.php\/wp-json\/wp\/v2\/posts\/567\/revisions\/577"}],"wp:featuredmedia":[{"embeddable":true,"href":"https:\/\/ena-kinouest.net\/index.php\/wp-json\/wp\/v2\/media\/568"}],"wp:attachment":[{"href":"https:\/\/ena-kinouest.net\/index.php\/wp-json\/wp\/v2\/media?parent=567"}],"wp:term":[{"taxonomy":"category","embeddable":true,"href":"https:\/\/ena-kinouest.net\/index.php\/wp-json\/wp\/v2\/categories?post=567"},{"taxonomy":"post_tag","embeddable":true,"href":"https:\/\/ena-kinouest.net\/index.php\/wp-json\/wp\/v2\/tags?post=567"}],"curies":[{"name":"wp","href":"https:\/\/api.w.org\/{rel}","templated":true}]}}