{"id":578,"date":"2025-07-16T19:38:28","date_gmt":"2025-07-16T17:38:28","guid":{"rendered":"https:\/\/ena-kinouest.net\/?p=578"},"modified":"2025-07-16T22:07:05","modified_gmt":"2025-07-16T20:07:05","slug":"changement-direction-neo-apostolique-congo-ouest","status":"publish","type":"post","link":"https:\/\/ena-kinouest.net\/index.php\/2025\/07\/16\/changement-direction-neo-apostolique-congo-ouest\/","title":{"rendered":"Changement \u00e0 la direction de l\u2019\u00c9glise n\u00e9o-apostolique de la RD Congo Ouest"},"content":{"rendered":"\t\t<div data-elementor-type=\"wp-post\" data-elementor-id=\"578\" class=\"elementor elementor-578\">\n\t\t\t\t\t\t<section class=\"elementor-section elementor-top-section elementor-element elementor-element-a076ab8 elementor-section-boxed elementor-section-height-default elementor-section-height-default\" data-id=\"a076ab8\" data-element_type=\"section\">\n\t\t\t\t\t\t<div class=\"elementor-container elementor-column-gap-default\">\n\t\t\t\t\t<div class=\"elementor-column elementor-col-100 elementor-top-column elementor-element elementor-element-de86f84\" data-id=\"de86f84\" data-element_type=\"column\">\n\t\t\t<div class=\"elementor-widget-wrap elementor-element-populated\">\n\t\t\t\t\t\t<div class=\"elementor-element elementor-element-d06ea05 elementor-widget elementor-widget-text-editor\" data-id=\"d06ea05\" data-element_type=\"widget\" data-widget_type=\"text-editor.default\">\n\t\t\t\t<div class=\"elementor-widget-container\">\n\t\t\t\t\t\t\t\t\t<p>La RD Congo Ouest s\u2019appr\u00eate \u00e0 vivre un moment marquant de son histoire \u00e0 l\u2019occasion de la prochaine visite de l\u2019Ap\u00f4tre-Patriarche Jean-Luc Schneider. En effet, l\u2019ap\u00f4tre de district Michael Deppner sera admis \u00e0 la retraite, et l\u2019Ap\u00f4tre de district adjoint Taty Mukinda lui succ\u00e9dera \u00e0 la t\u00eate de notre \u00c9glise territoriale.<\/p>\t\t\t\t\t\t\t\t<\/div>\n\t\t\t\t<\/div>\n\t\t\t\t<div class=\"elementor-element elementor-element-63c519b elementor-widget elementor-widget-image\" data-id=\"63c519b\" data-element_type=\"widget\" data-widget_type=\"image.default\">\n\t\t\t\t<div class=\"elementor-widget-container\">\n\t\t\t\t\t\t\t\t\t\t\t\t\t\t\t<img fetchpriority=\"high\" decoding=\"async\" width=\"800\" height=\"534\" src=\"https:\/\/i0.wp.com\/ena-kinouest.net\/wp-content\/uploads\/2025\/07\/apd-apda-taty-mukinda-michael-deppner.jpg?fit=800%2C534&amp;ssl=1\" class=\"attachment-large size-large wp-image-579\" alt=\"\" srcset=\"https:\/\/i0.wp.com\/ena-kinouest.net\/wp-content\/uploads\/2025\/07\/apd-apda-taty-mukinda-michael-deppner.jpg?w=2400&amp;ssl=1 2400w, https:\/\/i0.wp.com\/ena-kinouest.net\/wp-content\/uploads\/2025\/07\/apd-apda-taty-mukinda-michael-deppner.jpg?resize=300%2C200&amp;ssl=1 300w, https:\/\/i0.wp.com\/ena-kinouest.net\/wp-content\/uploads\/2025\/07\/apd-apda-taty-mukinda-michael-deppner.jpg?resize=1024%2C683&amp;ssl=1 1024w, https:\/\/i0.wp.com\/ena-kinouest.net\/wp-content\/uploads\/2025\/07\/apd-apda-taty-mukinda-michael-deppner.jpg?resize=768%2C512&amp;ssl=1 768w, https:\/\/i0.wp.com\/ena-kinouest.net\/wp-content\/uploads\/2025\/07\/apd-apda-taty-mukinda-michael-deppner.jpg?resize=1536%2C1024&amp;ssl=1 1536w, https:\/\/i0.wp.com\/ena-kinouest.net\/wp-content\/uploads\/2025\/07\/apd-apda-taty-mukinda-michael-deppner.jpg?resize=2048%2C1365&amp;ssl=1 2048w, https:\/\/i0.wp.com\/ena-kinouest.net\/wp-content\/uploads\/2025\/07\/apd-apda-taty-mukinda-michael-deppner.jpg?w=1600&amp;ssl=1 1600w\" sizes=\"(max-width: 800px) 100vw, 800px\" \/>\t\t\t\t\t\t\t\t\t\t\t\t\t\t\t<\/div>\n\t\t\t\t<\/div>\n\t\t\t\t\t<\/div>\n\t\t<\/div>\n\t\t\t\t\t<\/div>\n\t\t<\/section>\n\t\t\t\t<section class=\"elementor-section elementor-top-section elementor-element elementor-element-3097448 elementor-section-boxed elementor-section-height-default elementor-section-height-default\" data-id=\"3097448\" data-element_type=\"section\">\n\t\t\t\t\t\t<div class=\"elementor-container elementor-column-gap-default\">\n\t\t\t\t\t<div class=\"elementor-column elementor-col-100 elementor-top-column elementor-element elementor-element-6b7d12e\" data-id=\"6b7d12e\" data-element_type=\"column\">\n\t\t\t<div class=\"elementor-widget-wrap elementor-element-populated\">\n\t\t\t\t\t\t<div class=\"elementor-element elementor-element-a52410d elementor-widget elementor-widget-heading\" data-id=\"a52410d\" data-element_type=\"widget\" data-widget_type=\"heading.default\">\n\t\t\t\t<div class=\"elementor-widget-container\">\n\t\t\t\t\t<h2 class=\"elementor-heading-title elementor-size-default\">Une \u00c9glise territoriale jeune mais dynamique<\/h2>\t\t\t\t<\/div>\n\t\t\t\t<\/div>\n\t\t\t\t\t<\/div>\n\t\t<\/div>\n\t\t\t\t\t<\/div>\n\t\t<\/section>\n\t\t\t\t<section class=\"elementor-section elementor-top-section elementor-element elementor-element-fa8831d elementor-section-boxed elementor-section-height-default elementor-section-height-default\" data-id=\"fa8831d\" data-element_type=\"section\">\n\t\t\t\t\t\t<div class=\"elementor-container elementor-column-gap-default\">\n\t\t\t\t\t<div class=\"elementor-column elementor-col-100 elementor-top-column elementor-element elementor-element-3c5cf28\" data-id=\"3c5cf28\" data-element_type=\"column\">\n\t\t\t<div class=\"elementor-widget-wrap elementor-element-populated\">\n\t\t\t\t\t\t<div class=\"elementor-element elementor-element-0173fd2 elementor-widget elementor-widget-text-editor\" data-id=\"0173fd2\" data-element_type=\"widget\" data-widget_type=\"text-editor.default\">\n\t\t\t\t<div class=\"elementor-widget-container\">\n\t\t\t\t\t\t\t\t\t<p>L\u2019\u00c9glise de la RDC Ouest fut officiellement <a href=\"https:\/\/nak.org\/fr\/db\/14274\/Bekanntmachungen\/Kongo-West-mit-eigenem-Bezirksapostel\">cr\u00e9\u00e9e en ao\u00fbt 2010 par l\u2019ap\u00f4tre-patriarche Wilhelm Leber<\/a>, lors de sa visite \u00e0 Kinshasa. Au cours d\u2019un service divin tenu \u00e0 la communaut\u00e9 Limete Central, l\u2019ap\u00f4tre de district adjoint Michael Deppner, alors \u00e2g\u00e9 de 49 ans, \u00e9tait ordonn\u00e9 ap\u00f4tre de district et charg\u00e9 de conduire cette nouvelle \u00c9glise territoriale.<\/p>\t\t\t\t\t\t\t\t<\/div>\n\t\t\t\t<\/div>\n\t\t\t\t\t<\/div>\n\t\t<\/div>\n\t\t\t\t\t<\/div>\n\t\t<\/section>\n\t\t\t\t<section class=\"elementor-section elementor-top-section elementor-element elementor-element-f7914ff elementor-section-boxed elementor-section-height-default elementor-section-height-default\" data-id=\"f7914ff\" data-element_type=\"section\">\n\t\t\t\t\t\t<div class=\"elementor-container elementor-column-gap-default\">\n\t\t\t\t\t<div class=\"elementor-column elementor-col-100 elementor-top-column elementor-element elementor-element-fff09a0\" data-id=\"fff09a0\" data-element_type=\"column\">\n\t\t\t<div class=\"elementor-widget-wrap elementor-element-populated\">\n\t\t\t\t\t\t<div class=\"elementor-element elementor-element-ee093d2 elementor-widget elementor-widget-text-editor\" data-id=\"ee093d2\" data-element_type=\"widget\" data-widget_type=\"text-editor.default\">\n\t\t\t\t<div class=\"elementor-widget-container\">\n\t\t\t\t\t\t\t\t\t<p>\u00c0 cette occasion, l\u2019ap\u00f4tre-patriarche Wilhelm Leber avait qualifi\u00e9 cet acte de \u00ab <a href=\"https:\/\/nak.org\/fr\/db\/14274\/Bekanntmachungen\/Kongo-West-mit-eigenem-Bezirksapostel\">nouveau pas en direction de l\u2019objectif d\u2019autonomie des \u00c9glises territoriales en Afrique<\/a> \u00bb. Jusqu\u2019alors, la zone de la RD Congo Ouest d\u00e9pendait de l\u2019\u00c9glise n\u00e9o-apostolique du Canada, sous la responsabilit\u00e9 de l\u2019Ap\u00f4tre de District Leslie Latorcai.<\/p>\t\t\t\t\t\t\t\t<\/div>\n\t\t\t\t<\/div>\n\t\t\t\t\t<\/div>\n\t\t<\/div>\n\t\t\t\t\t<\/div>\n\t\t<\/section>\n\t\t\t\t<section class=\"elementor-section elementor-top-section elementor-element elementor-element-26e0f23 elementor-section-boxed elementor-section-height-default elementor-section-height-default\" data-id=\"26e0f23\" data-element_type=\"section\">\n\t\t\t\t\t\t<div class=\"elementor-container elementor-column-gap-default\">\n\t\t\t\t\t<div class=\"elementor-column elementor-col-100 elementor-top-column elementor-element elementor-element-6c6c56d\" data-id=\"6c6c56d\" data-element_type=\"column\">\n\t\t\t<div class=\"elementor-widget-wrap elementor-element-populated\">\n\t\t\t\t\t\t<div class=\"elementor-element elementor-element-25f0e0e elementor--h-position-center elementor--v-position-middle elementor-arrows-position-inside elementor-pagination-position-inside elementor-widget elementor-widget-slides\" data-id=\"25f0e0e\" data-element_type=\"widget\" data-settings=\"{&quot;navigation&quot;:&quot;both&quot;,&quot;autoplay&quot;:&quot;yes&quot;,&quot;pause_on_hover&quot;:&quot;yes&quot;,&quot;pause_on_interaction&quot;:&quot;yes&quot;,&quot;autoplay_speed&quot;:5000,&quot;infinite&quot;:&quot;yes&quot;,&quot;transition&quot;:&quot;slide&quot;,&quot;transition_speed&quot;:500}\" data-widget_type=\"slides.default\">\n\t\t\t\t<div class=\"elementor-widget-container\">\n\t\t\t\t\t\t\t<div class=\"elementor-swiper\">\n\t\t\t<div class=\"elementor-slides-wrapper elementor-main-swiper swiper-container\" dir=\"ltr\" data-animation=\"fadeInUp\">\n\t\t\t\t<div class=\"swiper-wrapper elementor-slides\">\n\t\t\t\t\t\t\t\t\t\t<div class=\"elementor-repeater-item-9003b51 swiper-slide\"><div class=\"swiper-slide-bg\"><\/div><div class=\"swiper-slide-inner\" ><div class=\"swiper-slide-contents\"><\/div><\/div><\/div><div class=\"elementor-repeater-item-583977d swiper-slide\"><div class=\"swiper-slide-bg\"><\/div><div class=\"swiper-slide-inner\" ><div class=\"swiper-slide-contents\"><\/div><\/div><\/div><div class=\"elementor-repeater-item-3cfbb9e swiper-slide\"><div class=\"swiper-slide-bg\"><\/div><div class=\"swiper-slide-inner\" ><div class=\"swiper-slide-contents\"><\/div><\/div><\/div>\t\t\t\t<\/div>\n\t\t\t\t\t\t\t\t\t\t\t\t\t\t\t<div class=\"swiper-pagination\"><\/div>\n\t\t\t\t\t\t\t\t\t\t\t\t\t\t\t\t<div class=\"elementor-swiper-button elementor-swiper-button-prev\">\n\t\t\t\t\t\t\t<i aria-hidden=\"true\" class=\"eicon-chevron-left\"><\/i>\t\t\t\t\t\t\t<span class=\"elementor-screen-only\">Previous<\/span>\n\t\t\t\t\t\t<\/div>\n\t\t\t\t\t\t<div class=\"elementor-swiper-button elementor-swiper-button-next\">\n\t\t\t\t\t\t\t<i aria-hidden=\"true\" class=\"eicon-chevron-right\"><\/i>\t\t\t\t\t\t\t<span class=\"elementor-screen-only\">Next<\/span>\n\t\t\t\t\t\t<\/div>\n\t\t\t\t\t\t\t\t\t\t\t\t<\/div>\n\t\t<\/div>\n\t\t\t\t\t\t<\/div>\n\t\t\t\t<\/div>\n\t\t\t\t\t<\/div>\n\t\t<\/div>\n\t\t\t\t\t<\/div>\n\t\t<\/section>\n\t\t\t\t<section class=\"elementor-section elementor-top-section elementor-element elementor-element-73785c8 elementor-section-boxed elementor-section-height-default elementor-section-height-default\" data-id=\"73785c8\" data-element_type=\"section\">\n\t\t\t\t\t\t<div class=\"elementor-container elementor-column-gap-default\">\n\t\t\t\t\t<div class=\"elementor-column elementor-col-100 elementor-top-column elementor-element elementor-element-f2ee3df\" data-id=\"f2ee3df\" data-element_type=\"column\">\n\t\t\t<div class=\"elementor-widget-wrap elementor-element-populated\">\n\t\t\t\t\t\t<div class=\"elementor-element elementor-element-1575d09 elementor-widget elementor-widget-heading\" data-id=\"1575d09\" data-element_type=\"widget\" data-widget_type=\"heading.default\">\n\t\t\t\t<div class=\"elementor-widget-container\">\n\t\t\t\t\t<h2 class=\"elementor-heading-title elementor-size-default\">Une transition pr\u00e9par\u00e9e avec soin<\/h2>\t\t\t\t<\/div>\n\t\t\t\t<\/div>\n\t\t\t\t\t<\/div>\n\t\t<\/div>\n\t\t\t\t\t<\/div>\n\t\t<\/section>\n\t\t\t\t<section class=\"elementor-section elementor-top-section elementor-element elementor-element-c6d75a1 elementor-section-boxed elementor-section-height-default elementor-section-height-default\" data-id=\"c6d75a1\" data-element_type=\"section\">\n\t\t\t\t\t\t<div class=\"elementor-container elementor-column-gap-default\">\n\t\t\t\t\t<div class=\"elementor-column elementor-col-100 elementor-top-column elementor-element elementor-element-49261d2\" data-id=\"49261d2\" data-element_type=\"column\">\n\t\t\t<div class=\"elementor-widget-wrap elementor-element-populated\">\n\t\t\t\t\t\t<div class=\"elementor-element elementor-element-b7ad500 elementor-widget elementor-widget-text-editor\" data-id=\"b7ad500\" data-element_type=\"widget\" data-widget_type=\"text-editor.default\">\n\t\t\t\t<div class=\"elementor-widget-container\">\n\t\t\t\t\t\t\t\t\t<p>Lors de sa derni\u00e8re visite en RD Congo Ouest en septembre 2024, l\u2019Ap\u00f4tre-Patriarche Jean-Luc Schneider, exprimant quant \u00e0 lui son d\u00e9sir de <a href=\"https:\/\/nak.org\/fr\/db\/21196\/Bekanntmachungen\/Neuer-Helfer-in-der-DR-Kongo-West\">preparer l&rsquo;avenir de l&rsquo;Eglise<\/a>,\u00a0 <a href=\"https:\/\/ena-kinouest.net\/index.php\/2025\/06\/21\/grands-moments-patriarche-schneider-2024\/\">avait nomm\u00e9 l\u2019ap\u00f4tre Taty Mukinda comme ap\u00f4tre de district adjoint<\/a>, pr\u00e9parant ainsi la succession de l\u2019Ap\u00f4tre Michael Deppner. Ce processus de transition \u00e0 la t\u00eate de l\u2019\u00c9glise territoriale conna\u00eetra son aboutissement lors du <a href=\"https:\/\/ena-kinouest.net\/index.php\/2025\/07\/11\/la-rdc-ouest-attend-la-visite-de-lapotre-patriarche-jean-luc-schneider\/\">service divin du 20 juillet 2025<\/a>, avec la retraite du tout premier Ap\u00f4tre de district de la RDC Ouest et le mandatement de son successeur, qui sera alors le deuxi\u00e8me responsable de cette jeune \u00c9glise territoriale.<\/p>\t\t\t\t\t\t\t\t<\/div>\n\t\t\t\t<\/div>\n\t\t\t\t\t<\/div>\n\t\t<\/div>\n\t\t\t\t\t<\/div>\n\t\t<\/section>\n\t\t\t\t<section class=\"elementor-section elementor-top-section elementor-element elementor-element-cd67f38 elementor-section-boxed elementor-section-height-default elementor-section-height-default\" data-id=\"cd67f38\" data-element_type=\"section\">\n\t\t\t\t\t\t<div class=\"elementor-container elementor-column-gap-default\">\n\t\t\t\t\t<div class=\"elementor-column elementor-col-100 elementor-top-column elementor-element elementor-element-eb42581\" data-id=\"eb42581\" data-element_type=\"column\">\n\t\t\t<div class=\"elementor-widget-wrap elementor-element-populated\">\n\t\t\t\t\t\t<div class=\"elementor-element elementor-element-bd2f0cc elementor--h-position-center elementor--v-position-middle elementor-arrows-position-inside elementor-pagination-position-inside elementor-widget elementor-widget-slides\" data-id=\"bd2f0cc\" data-element_type=\"widget\" data-settings=\"{&quot;navigation&quot;:&quot;both&quot;,&quot;autoplay&quot;:&quot;yes&quot;,&quot;pause_on_hover&quot;:&quot;yes&quot;,&quot;pause_on_interaction&quot;:&quot;yes&quot;,&quot;autoplay_speed&quot;:5000,&quot;infinite&quot;:&quot;yes&quot;,&quot;transition&quot;:&quot;slide&quot;,&quot;transition_speed&quot;:500}\" data-widget_type=\"slides.default\">\n\t\t\t\t<div class=\"elementor-widget-container\">\n\t\t\t\t\t\t\t<div class=\"elementor-swiper\">\n\t\t\t<div class=\"elementor-slides-wrapper elementor-main-swiper swiper-container\" dir=\"ltr\" data-animation=\"fadeInUp\">\n\t\t\t\t<div class=\"swiper-wrapper elementor-slides\">\n\t\t\t\t\t\t\t\t\t\t<div class=\"elementor-repeater-item-fa3690e swiper-slide\"><div class=\"swiper-slide-bg\"><\/div><div class=\"swiper-slide-inner\" ><div class=\"swiper-slide-contents\"><\/div><\/div><\/div><div class=\"elementor-repeater-item-60942a4 swiper-slide\"><div class=\"swiper-slide-bg\"><\/div><div class=\"swiper-slide-inner\" ><div class=\"swiper-slide-contents\"><\/div><\/div><\/div>\t\t\t\t<\/div>\n\t\t\t\t\t\t\t\t\t\t\t\t\t\t\t<div class=\"swiper-pagination\"><\/div>\n\t\t\t\t\t\t\t\t\t\t\t\t\t\t\t\t<div class=\"elementor-swiper-button elementor-swiper-button-prev\">\n\t\t\t\t\t\t\t<i aria-hidden=\"true\" class=\"eicon-chevron-left\"><\/i>\t\t\t\t\t\t\t<span class=\"elementor-screen-only\">Previous<\/span>\n\t\t\t\t\t\t<\/div>\n\t\t\t\t\t\t<div class=\"elementor-swiper-button elementor-swiper-button-next\">\n\t\t\t\t\t\t\t<i aria-hidden=\"true\" class=\"eicon-chevron-right\"><\/i>\t\t\t\t\t\t\t<span class=\"elementor-screen-only\">Next<\/span>\n\t\t\t\t\t\t<\/div>\n\t\t\t\t\t\t\t\t\t\t\t\t<\/div>\n\t\t<\/div>\n\t\t\t\t\t\t<\/div>\n\t\t\t\t<\/div>\n\t\t\t\t\t<\/div>\n\t\t<\/div>\n\t\t\t\t\t<\/div>\n\t\t<\/section>\n\t\t\t\t<section class=\"elementor-section elementor-top-section elementor-element elementor-element-4e09e9a elementor-section-boxed elementor-section-height-default elementor-section-height-default\" data-id=\"4e09e9a\" data-element_type=\"section\">\n\t\t\t\t\t\t<div class=\"elementor-container elementor-column-gap-default\">\n\t\t\t\t\t<div class=\"elementor-column elementor-col-100 elementor-top-column elementor-element elementor-element-d1a8564\" data-id=\"d1a8564\" data-element_type=\"column\">\n\t\t\t<div class=\"elementor-widget-wrap elementor-element-populated\">\n\t\t\t\t\t\t<div class=\"elementor-element elementor-element-e1562ef elementor-widget elementor-widget-heading\" data-id=\"e1562ef\" data-element_type=\"widget\" data-widget_type=\"heading.default\">\n\t\t\t\t<div class=\"elementor-widget-container\">\n\t\t\t\t\t<h2 class=\"elementor-heading-title elementor-size-default\">Une \u00c9glise \u00e0 la dimension impressionnante<\/h2>\t\t\t\t<\/div>\n\t\t\t\t<\/div>\n\t\t\t\t\t<\/div>\n\t\t<\/div>\n\t\t\t\t\t<\/div>\n\t\t<\/section>\n\t\t\t\t<section class=\"elementor-section elementor-top-section elementor-element elementor-element-7aa6621 elementor-section-boxed elementor-section-height-default elementor-section-height-default\" data-id=\"7aa6621\" data-element_type=\"section\">\n\t\t\t\t\t\t<div class=\"elementor-container elementor-column-gap-default\">\n\t\t\t\t\t<div class=\"elementor-column elementor-col-100 elementor-top-column elementor-element elementor-element-3ddc1f7\" data-id=\"3ddc1f7\" data-element_type=\"column\">\n\t\t\t<div class=\"elementor-widget-wrap elementor-element-populated\">\n\t\t\t\t\t\t<div class=\"elementor-element elementor-element-5ce7611 elementor-widget elementor-widget-text-editor\" data-id=\"5ce7611\" data-element_type=\"widget\" data-widget_type=\"text-editor.default\">\n\t\t\t\t<div class=\"elementor-widget-container\">\n\t\t\t\t\t\t\t\t\t<p>L\u2019\u00c9glise <a href=\"https:\/\/nak.org\/fr\/db\/14274\/Bekanntmachungen\/Kongo-West-mit-eigenem-Bezirksapostel\">n\u00e9o-apostolique de la RD Congo Ouest<\/a> couvre un vaste territoire incluant la ville-province de Kinshasa, le Kongo Central, la grande r\u00e9gion du Bandundu et celle de l\u2019\u00c9quateur. Elle regroupe plus d\u2019un million de fid\u00e8les, r\u00e9partis dans environ 7\u202f000 communaut\u00e9s, encadr\u00e9es par pr\u00e8s de 27\u202f000 fr\u00e8res du minist\u00e8re.<\/p>\t\t\t\t\t\t\t\t<\/div>\n\t\t\t\t<\/div>\n\t\t\t\t\t<\/div>\n\t\t<\/div>\n\t\t\t\t\t<\/div>\n\t\t<\/section>\n\t\t\t\t<section class=\"elementor-section elementor-top-section elementor-element elementor-element-a8defb8 elementor-section-boxed elementor-section-height-default elementor-section-height-default\" data-id=\"a8defb8\" data-element_type=\"section\">\n\t\t\t\t\t\t<div class=\"elementor-container elementor-column-gap-default\">\n\t\t\t\t\t<div class=\"elementor-column elementor-col-100 elementor-top-column elementor-element elementor-element-e137a12\" data-id=\"e137a12\" data-element_type=\"column\">\n\t\t\t<div class=\"elementor-widget-wrap elementor-element-populated\">\n\t\t\t\t\t\t<div class=\"elementor-element elementor-element-dae56a9 elementor-widget-divider--view-line elementor-widget elementor-widget-divider\" data-id=\"dae56a9\" data-element_type=\"widget\" data-widget_type=\"divider.default\">\n\t\t\t\t<div class=\"elementor-widget-container\">\n\t\t\t\t\t\t\t<div class=\"elementor-divider\">\n\t\t\t<span class=\"elementor-divider-separator\">\n\t\t\t\t\t\t<\/span>\n\t\t<\/div>\n\t\t\t\t\t\t<\/div>\n\t\t\t\t<\/div>\n\t\t\t\t\t<\/div>\n\t\t<\/div>\n\t\t\t\t\t<\/div>\n\t\t<\/section>\n\t\t\t\t<\/div>\n\t\t","protected":false},"excerpt":{"rendered":"<p>La RD Congo Ouest s\u2019appr\u00eate \u00e0 vivre un moment marquant de son histoire \u00e0 l\u2019occasion de la prochaine visite de l\u2019Ap\u00f4tre-Patriarche Jean-Luc Schneider. En effet, l\u2019ap\u00f4tre de district Michael Deppner sera admis \u00e0 la retraite, et l\u2019Ap\u00f4tre de district adjoint Taty Mukinda lui succ\u00e9dera \u00e0 la t\u00eate de notre \u00c9glise territoriale. Une \u00c9glise territoriale jeune [&hellip;]<\/p>\n","protected":false},"author":1,"featured_media":579,"comment_status":"open","ping_status":"open","sticky":false,"template":"","format":"standard","meta":{"_jetpack_memberships_contains_paid_content":false,"footnotes":""},"categories":[8,16],"tags":[],"class_list":["post-578","post","type-post","status-publish","format-standard","has-post-thumbnail","hentry","category-annonce","category-apotre-de-district"],"yoast_head":"<!-- This site is optimized with the Yoast SEO plugin v25.3.1 - https:\/\/yoast.com\/wordpress\/plugins\/seo\/ -->\n<title>Changement \u00e0 la direction de l\u2019\u00c9glise n\u00e9o-apostolique de la RD Congo Ouest - Eglise N\u00e9o-Apostolique Kinshasa Ouest<\/title>\n<meta name=\"robots\" content=\"index, follow, max-snippet:-1, max-image-preview:large, max-video-preview:-1\" \/>\n<link rel=\"canonical\" href=\"https:\/\/ena-kinouest.net\/index.php\/2025\/07\/16\/changement-direction-neo-apostolique-congo-ouest\/\" \/>\n<meta property=\"og:locale\" content=\"fr_FR\" \/>\n<meta property=\"og:type\" content=\"article\" \/>\n<meta property=\"og:title\" content=\"Changement \u00e0 la direction de l\u2019\u00c9glise n\u00e9o-apostolique de la RD Congo Ouest - Eglise N\u00e9o-Apostolique Kinshasa Ouest\" \/>\n<meta property=\"og:description\" content=\"La RD Congo Ouest s\u2019appr\u00eate \u00e0 vivre un moment marquant de son histoire \u00e0 l\u2019occasion de la prochaine visite de l\u2019Ap\u00f4tre-Patriarche Jean-Luc Schneider. En effet, l\u2019ap\u00f4tre de district Michael Deppner sera admis \u00e0 la retraite, et l\u2019Ap\u00f4tre de district adjoint Taty Mukinda lui succ\u00e9dera \u00e0 la t\u00eate de notre \u00c9glise territoriale. Une \u00c9glise territoriale jeune [&hellip;]\" \/>\n<meta property=\"og:url\" content=\"https:\/\/ena-kinouest.net\/index.php\/2025\/07\/16\/changement-direction-neo-apostolique-congo-ouest\/\" \/>\n<meta property=\"og:site_name\" content=\"Eglise N\u00e9o-Apostolique Kinshasa Ouest\" \/>\n<meta property=\"article:publisher\" content=\"https:\/\/web.facebook.com\/enardcouest\" \/>\n<meta property=\"article:published_time\" content=\"2025-07-16T17:38:28+00:00\" \/>\n<meta property=\"article:modified_time\" content=\"2025-07-16T20:07:05+00:00\" \/>\n<meta property=\"og:image\" content=\"https:\/\/ena-kinouest.net\/wp-content\/uploads\/2025\/07\/apd-apda-taty-mukinda-michael-deppner.jpg\" \/>\n\t<meta property=\"og:image:width\" content=\"2400\" \/>\n\t<meta property=\"og:image:height\" content=\"1600\" \/>\n\t<meta property=\"og:image:type\" content=\"image\/jpeg\" \/>\n<meta name=\"author\" content=\"Richard Ndambo\" \/>\n<meta name=\"twitter:card\" content=\"summary_large_image\" \/>\n<meta name=\"twitter:label1\" content=\"\u00c9crit par\" \/>\n\t<meta name=\"twitter:data1\" content=\"Richard Ndambo\" \/>\n\t<meta name=\"twitter:label2\" content=\"Dur\u00e9e de lecture estim\u00e9e\" \/>\n\t<meta name=\"twitter:data2\" content=\"2 minutes\" \/>\n<script type=\"application\/ld+json\" class=\"yoast-schema-graph\">{\"@context\":\"https:\/\/schema.org\",\"@graph\":[{\"@type\":\"Article\",\"@id\":\"https:\/\/ena-kinouest.net\/index.php\/2025\/07\/16\/changement-direction-neo-apostolique-congo-ouest\/#article\",\"isPartOf\":{\"@id\":\"https:\/\/ena-kinouest.net\/index.php\/2025\/07\/16\/changement-direction-neo-apostolique-congo-ouest\/\"},\"author\":{\"name\":\"Richard Ndambo\",\"@id\":\"https:\/\/ena-kinouest.net\/#\/schema\/person\/f7334ed5e23ccc9abd2568d6259181a8\"},\"headline\":\"Changement \u00e0 la direction de l\u2019\u00c9glise n\u00e9o-apostolique de la RD Congo Ouest\",\"datePublished\":\"2025-07-16T17:38:28+00:00\",\"dateModified\":\"2025-07-16T20:07:05+00:00\",\"mainEntityOfPage\":{\"@id\":\"https:\/\/ena-kinouest.net\/index.php\/2025\/07\/16\/changement-direction-neo-apostolique-congo-ouest\/\"},\"wordCount\":374,\"commentCount\":2,\"publisher\":{\"@id\":\"https:\/\/ena-kinouest.net\/#organization\"},\"image\":{\"@id\":\"https:\/\/ena-kinouest.net\/index.php\/2025\/07\/16\/changement-direction-neo-apostolique-congo-ouest\/#primaryimage\"},\"thumbnailUrl\":\"https:\/\/i0.wp.com\/ena-kinouest.net\/wp-content\/uploads\/2025\/07\/apd-apda-taty-mukinda-michael-deppner.jpg?fit=2400%2C1600&ssl=1\",\"articleSection\":[\"annonce\",\"ap\u00f4tre de district\"],\"inLanguage\":\"fr-FR\",\"potentialAction\":[{\"@type\":\"CommentAction\",\"name\":\"Comment\",\"target\":[\"https:\/\/ena-kinouest.net\/index.php\/2025\/07\/16\/changement-direction-neo-apostolique-congo-ouest\/#respond\"]}]},{\"@type\":\"WebPage\",\"@id\":\"https:\/\/ena-kinouest.net\/index.php\/2025\/07\/16\/changement-direction-neo-apostolique-congo-ouest\/\",\"url\":\"https:\/\/ena-kinouest.net\/index.php\/2025\/07\/16\/changement-direction-neo-apostolique-congo-ouest\/\",\"name\":\"Changement \u00e0 la direction de l\u2019\u00c9glise n\u00e9o-apostolique de la RD Congo Ouest - Eglise N\u00e9o-Apostolique Kinshasa Ouest\",\"isPartOf\":{\"@id\":\"https:\/\/ena-kinouest.net\/#website\"},\"primaryImageOfPage\":{\"@id\":\"https:\/\/ena-kinouest.net\/index.php\/2025\/07\/16\/changement-direction-neo-apostolique-congo-ouest\/#primaryimage\"},\"image\":{\"@id\":\"https:\/\/ena-kinouest.net\/index.php\/2025\/07\/16\/changement-direction-neo-apostolique-congo-ouest\/#primaryimage\"},\"thumbnailUrl\":\"https:\/\/i0.wp.com\/ena-kinouest.net\/wp-content\/uploads\/2025\/07\/apd-apda-taty-mukinda-michael-deppner.jpg?fit=2400%2C1600&ssl=1\",\"datePublished\":\"2025-07-16T17:38:28+00:00\",\"dateModified\":\"2025-07-16T20:07:05+00:00\",\"breadcrumb\":{\"@id\":\"https:\/\/ena-kinouest.net\/index.php\/2025\/07\/16\/changement-direction-neo-apostolique-congo-ouest\/#breadcrumb\"},\"inLanguage\":\"fr-FR\",\"potentialAction\":[{\"@type\":\"ReadAction\",\"target\":[\"https:\/\/ena-kinouest.net\/index.php\/2025\/07\/16\/changement-direction-neo-apostolique-congo-ouest\/\"]}]},{\"@type\":\"ImageObject\",\"inLanguage\":\"fr-FR\",\"@id\":\"https:\/\/ena-kinouest.net\/index.php\/2025\/07\/16\/changement-direction-neo-apostolique-congo-ouest\/#primaryimage\",\"url\":\"https:\/\/i0.wp.com\/ena-kinouest.net\/wp-content\/uploads\/2025\/07\/apd-apda-taty-mukinda-michael-deppner.jpg?fit=2400%2C1600&ssl=1\",\"contentUrl\":\"https:\/\/i0.wp.com\/ena-kinouest.net\/wp-content\/uploads\/2025\/07\/apd-apda-taty-mukinda-michael-deppner.jpg?fit=2400%2C1600&ssl=1\",\"width\":2400,\"height\":1600},{\"@type\":\"BreadcrumbList\",\"@id\":\"https:\/\/ena-kinouest.net\/index.php\/2025\/07\/16\/changement-direction-neo-apostolique-congo-ouest\/#breadcrumb\",\"itemListElement\":[{\"@type\":\"ListItem\",\"position\":1,\"name\":\"Accueil\",\"item\":\"https:\/\/ena-kinouest.net\/\"},{\"@type\":\"ListItem\",\"position\":2,\"name\":\"Changement \u00e0 la direction de l\u2019\u00c9glise n\u00e9o-apostolique de la RD Congo Ouest\"}]},{\"@type\":\"WebSite\",\"@id\":\"https:\/\/ena-kinouest.net\/#website\",\"url\":\"https:\/\/ena-kinouest.net\/\",\"name\":\"Eglise N\u00e9o-Apostolique Kinshasa Ouest\",\"description\":\"\",\"publisher\":{\"@id\":\"https:\/\/ena-kinouest.net\/#organization\"},\"alternateName\":\"ENA Kin-Ouest\",\"potentialAction\":[{\"@type\":\"SearchAction\",\"target\":{\"@type\":\"EntryPoint\",\"urlTemplate\":\"https:\/\/ena-kinouest.net\/?s={search_term_string}\"},\"query-input\":{\"@type\":\"PropertyValueSpecification\",\"valueRequired\":true,\"valueName\":\"search_term_string\"}}],\"inLanguage\":\"fr-FR\"},{\"@type\":\"Organization\",\"@id\":\"https:\/\/ena-kinouest.net\/#organization\",\"name\":\"Eglise N\u00e9o-Apostolique Kinshasa Ouest\",\"url\":\"https:\/\/ena-kinouest.net\/\",\"logo\":{\"@type\":\"ImageObject\",\"inLanguage\":\"fr-FR\",\"@id\":\"https:\/\/ena-kinouest.net\/#\/schema\/logo\/image\/\",\"url\":\"https:\/\/ena-kinouest.net\/wp-content\/uploads\/2023\/06\/Nak_logo.svg\",\"contentUrl\":\"https:\/\/ena-kinouest.net\/wp-content\/uploads\/2023\/06\/Nak_logo.svg\",\"width\":1493,\"height\":1491,\"caption\":\"Eglise N\u00e9o-Apostolique Kinshasa Ouest\"},\"image\":{\"@id\":\"https:\/\/ena-kinouest.net\/#\/schema\/logo\/image\/\"},\"sameAs\":[\"https:\/\/web.facebook.com\/enardcouest\",\"https:\/\/www.youtube.com\/@egliseneo-apostoliquekin-o4002\"]},{\"@type\":\"Person\",\"@id\":\"https:\/\/ena-kinouest.net\/#\/schema\/person\/f7334ed5e23ccc9abd2568d6259181a8\",\"name\":\"Richard Ndambo\",\"image\":{\"@type\":\"ImageObject\",\"inLanguage\":\"fr-FR\",\"@id\":\"https:\/\/ena-kinouest.net\/#\/schema\/person\/image\/\",\"url\":\"https:\/\/secure.gravatar.com\/avatar\/c6d701f2601c5305f8f43857230b2d8c2a589cb3e8df57744a048d17f21f7868?s=96&d=mm&r=g\",\"contentUrl\":\"https:\/\/secure.gravatar.com\/avatar\/c6d701f2601c5305f8f43857230b2d8c2a589cb3e8df57744a048d17f21f7868?s=96&d=mm&r=g\",\"caption\":\"Richard Ndambo\"},\"sameAs\":[\"https:\/\/ena-kinouest.net\"],\"url\":\"https:\/\/ena-kinouest.net\/index.php\/author\/rndambo\/\"}]}<\/script>\n<!-- \/ Yoast SEO plugin. -->","yoast_head_json":{"title":"Changement \u00e0 la direction de l\u2019\u00c9glise n\u00e9o-apostolique de la RD Congo Ouest - Eglise N\u00e9o-Apostolique Kinshasa Ouest","robots":{"index":"index","follow":"follow","max-snippet":"max-snippet:-1","max-image-preview":"max-image-preview:large","max-video-preview":"max-video-preview:-1"},"canonical":"https:\/\/ena-kinouest.net\/index.php\/2025\/07\/16\/changement-direction-neo-apostolique-congo-ouest\/","og_locale":"fr_FR","og_type":"article","og_title":"Changement \u00e0 la direction de l\u2019\u00c9glise n\u00e9o-apostolique de la RD Congo Ouest - Eglise N\u00e9o-Apostolique Kinshasa Ouest","og_description":"La RD Congo Ouest s\u2019appr\u00eate \u00e0 vivre un moment marquant de son histoire \u00e0 l\u2019occasion de la prochaine visite de l\u2019Ap\u00f4tre-Patriarche Jean-Luc Schneider. En effet, l\u2019ap\u00f4tre de district Michael Deppner sera admis \u00e0 la retraite, et l\u2019Ap\u00f4tre de district adjoint Taty Mukinda lui succ\u00e9dera \u00e0 la t\u00eate de notre \u00c9glise territoriale. Une \u00c9glise territoriale jeune [&hellip;]","og_url":"https:\/\/ena-kinouest.net\/index.php\/2025\/07\/16\/changement-direction-neo-apostolique-congo-ouest\/","og_site_name":"Eglise N\u00e9o-Apostolique Kinshasa Ouest","article_publisher":"https:\/\/web.facebook.com\/enardcouest","article_published_time":"2025-07-16T17:38:28+00:00","article_modified_time":"2025-07-16T20:07:05+00:00","og_image":[{"width":2400,"height":1600,"url":"https:\/\/ena-kinouest.net\/wp-content\/uploads\/2025\/07\/apd-apda-taty-mukinda-michael-deppner.jpg","type":"image\/jpeg"}],"author":"Richard Ndambo","twitter_card":"summary_large_image","twitter_misc":{"\u00c9crit par":"Richard Ndambo","Dur\u00e9e de lecture estim\u00e9e":"2 minutes"},"schema":{"@context":"https:\/\/schema.org","@graph":[{"@type":"Article","@id":"https:\/\/ena-kinouest.net\/index.php\/2025\/07\/16\/changement-direction-neo-apostolique-congo-ouest\/#article","isPartOf":{"@id":"https:\/\/ena-kinouest.net\/index.php\/2025\/07\/16\/changement-direction-neo-apostolique-congo-ouest\/"},"author":{"name":"Richard Ndambo","@id":"https:\/\/ena-kinouest.net\/#\/schema\/person\/f7334ed5e23ccc9abd2568d6259181a8"},"headline":"Changement \u00e0 la direction de l\u2019\u00c9glise n\u00e9o-apostolique de la RD Congo Ouest","datePublished":"2025-07-16T17:38:28+00:00","dateModified":"2025-07-16T20:07:05+00:00","mainEntityOfPage":{"@id":"https:\/\/ena-kinouest.net\/index.php\/2025\/07\/16\/changement-direction-neo-apostolique-congo-ouest\/"},"wordCount":374,"commentCount":2,"publisher":{"@id":"https:\/\/ena-kinouest.net\/#organization"},"image":{"@id":"https:\/\/ena-kinouest.net\/index.php\/2025\/07\/16\/changement-direction-neo-apostolique-congo-ouest\/#primaryimage"},"thumbnailUrl":"https:\/\/i0.wp.com\/ena-kinouest.net\/wp-content\/uploads\/2025\/07\/apd-apda-taty-mukinda-michael-deppner.jpg?fit=2400%2C1600&ssl=1","articleSection":["annonce","ap\u00f4tre de district"],"inLanguage":"fr-FR","potentialAction":[{"@type":"CommentAction","name":"Comment","target":["https:\/\/ena-kinouest.net\/index.php\/2025\/07\/16\/changement-direction-neo-apostolique-congo-ouest\/#respond"]}]},{"@type":"WebPage","@id":"https:\/\/ena-kinouest.net\/index.php\/2025\/07\/16\/changement-direction-neo-apostolique-congo-ouest\/","url":"https:\/\/ena-kinouest.net\/index.php\/2025\/07\/16\/changement-direction-neo-apostolique-congo-ouest\/","name":"Changement \u00e0 la direction de l\u2019\u00c9glise n\u00e9o-apostolique de la RD Congo Ouest - Eglise N\u00e9o-Apostolique Kinshasa Ouest","isPartOf":{"@id":"https:\/\/ena-kinouest.net\/#website"},"primaryImageOfPage":{"@id":"https:\/\/ena-kinouest.net\/index.php\/2025\/07\/16\/changement-direction-neo-apostolique-congo-ouest\/#primaryimage"},"image":{"@id":"https:\/\/ena-kinouest.net\/index.php\/2025\/07\/16\/changement-direction-neo-apostolique-congo-ouest\/#primaryimage"},"thumbnailUrl":"https:\/\/i0.wp.com\/ena-kinouest.net\/wp-content\/uploads\/2025\/07\/apd-apda-taty-mukinda-michael-deppner.jpg?fit=2400%2C1600&ssl=1","datePublished":"2025-07-16T17:38:28+00:00","dateModified":"2025-07-16T20:07:05+00:00","breadcrumb":{"@id":"https:\/\/ena-kinouest.net\/index.php\/2025\/07\/16\/changement-direction-neo-apostolique-congo-ouest\/#breadcrumb"},"inLanguage":"fr-FR","potentialAction":[{"@type":"ReadAction","target":["https:\/\/ena-kinouest.net\/index.php\/2025\/07\/16\/changement-direction-neo-apostolique-congo-ouest\/"]}]},{"@type":"ImageObject","inLanguage":"fr-FR","@id":"https:\/\/ena-kinouest.net\/index.php\/2025\/07\/16\/changement-direction-neo-apostolique-congo-ouest\/#primaryimage","url":"https:\/\/i0.wp.com\/ena-kinouest.net\/wp-content\/uploads\/2025\/07\/apd-apda-taty-mukinda-michael-deppner.jpg?fit=2400%2C1600&ssl=1","contentUrl":"https:\/\/i0.wp.com\/ena-kinouest.net\/wp-content\/uploads\/2025\/07\/apd-apda-taty-mukinda-michael-deppner.jpg?fit=2400%2C1600&ssl=1","width":2400,"height":1600},{"@type":"BreadcrumbList","@id":"https:\/\/ena-kinouest.net\/index.php\/2025\/07\/16\/changement-direction-neo-apostolique-congo-ouest\/#breadcrumb","itemListElement":[{"@type":"ListItem","position":1,"name":"Accueil","item":"https:\/\/ena-kinouest.net\/"},{"@type":"ListItem","position":2,"name":"Changement \u00e0 la direction de l\u2019\u00c9glise n\u00e9o-apostolique de la RD Congo Ouest"}]},{"@type":"WebSite","@id":"https:\/\/ena-kinouest.net\/#website","url":"https:\/\/ena-kinouest.net\/","name":"Eglise N\u00e9o-Apostolique Kinshasa Ouest","description":"","publisher":{"@id":"https:\/\/ena-kinouest.net\/#organization"},"alternateName":"ENA Kin-Ouest","potentialAction":[{"@type":"SearchAction","target":{"@type":"EntryPoint","urlTemplate":"https:\/\/ena-kinouest.net\/?s={search_term_string}"},"query-input":{"@type":"PropertyValueSpecification","valueRequired":true,"valueName":"search_term_string"}}],"inLanguage":"fr-FR"},{"@type":"Organization","@id":"https:\/\/ena-kinouest.net\/#organization","name":"Eglise N\u00e9o-Apostolique Kinshasa Ouest","url":"https:\/\/ena-kinouest.net\/","logo":{"@type":"ImageObject","inLanguage":"fr-FR","@id":"https:\/\/ena-kinouest.net\/#\/schema\/logo\/image\/","url":"https:\/\/ena-kinouest.net\/wp-content\/uploads\/2023\/06\/Nak_logo.svg","contentUrl":"https:\/\/ena-kinouest.net\/wp-content\/uploads\/2023\/06\/Nak_logo.svg","width":1493,"height":1491,"caption":"Eglise N\u00e9o-Apostolique Kinshasa Ouest"},"image":{"@id":"https:\/\/ena-kinouest.net\/#\/schema\/logo\/image\/"},"sameAs":["https:\/\/web.facebook.com\/enardcouest","https:\/\/www.youtube.com\/@egliseneo-apostoliquekin-o4002"]},{"@type":"Person","@id":"https:\/\/ena-kinouest.net\/#\/schema\/person\/f7334ed5e23ccc9abd2568d6259181a8","name":"Richard Ndambo","image":{"@type":"ImageObject","inLanguage":"fr-FR","@id":"https:\/\/ena-kinouest.net\/#\/schema\/person\/image\/","url":"https:\/\/secure.gravatar.com\/avatar\/c6d701f2601c5305f8f43857230b2d8c2a589cb3e8df57744a048d17f21f7868?s=96&d=mm&r=g","contentUrl":"https:\/\/secure.gravatar.com\/avatar\/c6d701f2601c5305f8f43857230b2d8c2a589cb3e8df57744a048d17f21f7868?s=96&d=mm&r=g","caption":"Richard Ndambo"},"sameAs":["https:\/\/ena-kinouest.net"],"url":"https:\/\/ena-kinouest.net\/index.php\/author\/rndambo\/"}]}},"jetpack_featured_media_url":"https:\/\/i0.wp.com\/ena-kinouest.net\/wp-content\/uploads\/2025\/07\/apd-apda-taty-mukinda-michael-deppner.jpg?fit=2400%2C1600&ssl=1","jetpack-related-posts":[],"jetpack_sharing_enabled":true,"_links":{"self":[{"href":"https:\/\/ena-kinouest.net\/index.php\/wp-json\/wp\/v2\/posts\/578","targetHints":{"allow":["GET"]}}],"collection":[{"href":"https:\/\/ena-kinouest.net\/index.php\/wp-json\/wp\/v2\/posts"}],"about":[{"href":"https:\/\/ena-kinouest.net\/index.php\/wp-json\/wp\/v2\/types\/post"}],"author":[{"embeddable":true,"href":"https:\/\/ena-kinouest.net\/index.php\/wp-json\/wp\/v2\/users\/1"}],"replies":[{"embeddable":true,"href":"https:\/\/ena-kinouest.net\/index.php\/wp-json\/wp\/v2\/comments?post=578"}],"version-history":[{"count":23,"href":"https:\/\/ena-kinouest.net\/index.php\/wp-json\/wp\/v2\/posts\/578\/revisions"}],"predecessor-version":[{"id":610,"href":"https:\/\/ena-kinouest.net\/index.php\/wp-json\/wp\/v2\/posts\/578\/revisions\/610"}],"wp:featuredmedia":[{"embeddable":true,"href":"https:\/\/ena-kinouest.net\/index.php\/wp-json\/wp\/v2\/media\/579"}],"wp:attachment":[{"href":"https:\/\/ena-kinouest.net\/index.php\/wp-json\/wp\/v2\/media?parent=578"}],"wp:term":[{"taxonomy":"category","embeddable":true,"href":"https:\/\/ena-kinouest.net\/index.php\/wp-json\/wp\/v2\/categories?post=578"},{"taxonomy":"post_tag","embeddable":true,"href":"https:\/\/ena-kinouest.net\/index.php\/wp-json\/wp\/v2\/tags?post=578"}],"curies":[{"name":"wp","href":"https:\/\/api.w.org\/{rel}","templated":true}]}}