{"id":635,"date":"2025-10-04T21:47:49","date_gmt":"2025-10-04T19:47:49","guid":{"rendered":"https:\/\/ena-kinouest.net\/?p=635"},"modified":"2025-10-04T22:55:15","modified_gmt":"2025-10-04T20:55:15","slug":"la-reconnaissance-preparation-fete-dactions-de-grace","status":"publish","type":"post","link":"https:\/\/ena-kinouest.net\/index.php\/2025\/10\/04\/la-reconnaissance-preparation-fete-dactions-de-grace\/","title":{"rendered":"La reconnaissance, notre plus bel uniforme pour la f\u00eate d\u2019actions de gr\u00e2ce"},"content":{"rendered":"\t\t<div data-elementor-type=\"wp-post\" data-elementor-id=\"635\" class=\"elementor elementor-635\">\n\t\t\t\t\t\t<section class=\"elementor-section elementor-top-section elementor-element elementor-element-5455459 elementor-section-boxed elementor-section-height-default elementor-section-height-default\" data-id=\"5455459\" data-element_type=\"section\">\n\t\t\t\t\t\t<div class=\"elementor-container elementor-column-gap-default\">\n\t\t\t\t\t<div class=\"elementor-column elementor-col-100 elementor-top-column elementor-element elementor-element-24ab900\" data-id=\"24ab900\" data-element_type=\"column\">\n\t\t\t<div class=\"elementor-widget-wrap elementor-element-populated\">\n\t\t\t\t\t\t<div class=\"elementor-element elementor-element-04e4745 elementor-widget elementor-widget-text-editor\" data-id=\"04e4745\" data-element_type=\"widget\" data-widget_type=\"text-editor.default\">\n\t\t\t\t<div class=\"elementor-widget-container\">\n\t\t\t\t\t\t\t\t\t<p>Le dimanche 05 octobre 2025, comme <a href=\"https:\/\/nac.today\/fr\/octobre-de-la-reconnaissance-a-lintercession\/\">tous les chr\u00e9tiens n\u00e9o-apostoliques \u00e0 travers le monde<\/a>, les fid\u00e8les du champ apostolique de Kinshasa Ouest, plac\u00e9 sous la direction de l\u2019Ap\u00f4tre Olivier Mbuyi, se rassembleront dans leurs communaut\u00e9s respectives pour le service divin d\u2019actions de gr\u00e2ce. Cette f\u00eate, l<a href=\"https:\/\/nak.org\/fr\/quisommesnous\/catechisme?id=6d550511-10df-416b-b8dd-631f2913d40d\">\u2019une des sept c\u00e9l\u00e9br\u00e9es chaque ann\u00e9e<\/a> dans l\u2019\u00c9glise n\u00e9o-apostolique, est un moment unique pour exprimer un \u00ab merci particulier \u00bb \u00e0 Dieu pour son amour et ses bienfaits.<\/p>\t\t\t\t\t\t\t\t<\/div>\n\t\t\t\t<\/div>\n\t\t\t\t\t<\/div>\n\t\t<\/div>\n\t\t\t\t\t<\/div>\n\t\t<\/section>\n\t\t\t\t<section class=\"elementor-section elementor-top-section elementor-element elementor-element-3b8a799 elementor-section-boxed elementor-section-height-default elementor-section-height-default\" data-id=\"3b8a799\" data-element_type=\"section\">\n\t\t\t\t\t\t<div class=\"elementor-container elementor-column-gap-default\">\n\t\t\t\t\t<div class=\"elementor-column elementor-col-100 elementor-top-column elementor-element elementor-element-5a58b28\" data-id=\"5a58b28\" data-element_type=\"column\">\n\t\t\t<div class=\"elementor-widget-wrap elementor-element-populated\">\n\t\t\t\t\t\t<div class=\"elementor-element elementor-element-4af6cdc elementor-widget elementor-widget-image\" data-id=\"4af6cdc\" data-element_type=\"widget\" data-widget_type=\"image.default\">\n\t\t\t\t<div class=\"elementor-widget-container\">\n\t\t\t\t\t\t\t\t\t\t\t\t\t\t\t<img fetchpriority=\"high\" decoding=\"async\" width=\"2048\" height=\"1536\" src=\"https:\/\/i0.wp.com\/ena-kinouest.net\/wp-content\/uploads\/2025\/10\/kin-ouest-apotre-rd.jpeg?fit=2048%2C1536&amp;ssl=1\" class=\"attachment-2048x2048 size-2048x2048 wp-image-636\" alt=\"\" srcset=\"https:\/\/i0.wp.com\/ena-kinouest.net\/wp-content\/uploads\/2025\/10\/kin-ouest-apotre-rd.jpeg?w=2560&amp;ssl=1 2560w, https:\/\/i0.wp.com\/ena-kinouest.net\/wp-content\/uploads\/2025\/10\/kin-ouest-apotre-rd.jpeg?resize=300%2C225&amp;ssl=1 300w, https:\/\/i0.wp.com\/ena-kinouest.net\/wp-content\/uploads\/2025\/10\/kin-ouest-apotre-rd.jpeg?resize=1024%2C768&amp;ssl=1 1024w, https:\/\/i0.wp.com\/ena-kinouest.net\/wp-content\/uploads\/2025\/10\/kin-ouest-apotre-rd.jpeg?resize=768%2C576&amp;ssl=1 768w, https:\/\/i0.wp.com\/ena-kinouest.net\/wp-content\/uploads\/2025\/10\/kin-ouest-apotre-rd.jpeg?resize=1536%2C1152&amp;ssl=1 1536w, https:\/\/i0.wp.com\/ena-kinouest.net\/wp-content\/uploads\/2025\/10\/kin-ouest-apotre-rd.jpeg?resize=2048%2C1536&amp;ssl=1 2048w, https:\/\/i0.wp.com\/ena-kinouest.net\/wp-content\/uploads\/2025\/10\/kin-ouest-apotre-rd.jpeg?w=1600&amp;ssl=1 1600w, https:\/\/i0.wp.com\/ena-kinouest.net\/wp-content\/uploads\/2025\/10\/kin-ouest-apotre-rd.jpeg?w=2400&amp;ssl=1 2400w\" sizes=\"(max-width: 800px) 100vw, 800px\" \/>\t\t\t\t\t\t\t\t\t\t\t\t\t\t\t<\/div>\n\t\t\t\t<\/div>\n\t\t\t\t\t<\/div>\n\t\t<\/div>\n\t\t\t\t\t<\/div>\n\t\t<\/section>\n\t\t\t\t<section class=\"elementor-section elementor-top-section elementor-element elementor-element-25870f3 elementor-section-boxed elementor-section-height-default elementor-section-height-default\" data-id=\"25870f3\" data-element_type=\"section\">\n\t\t\t\t\t\t<div class=\"elementor-container elementor-column-gap-default\">\n\t\t\t\t\t<div class=\"elementor-column elementor-col-100 elementor-top-column elementor-element elementor-element-4b7650f\" data-id=\"4b7650f\" data-element_type=\"column\">\n\t\t\t<div class=\"elementor-widget-wrap elementor-element-populated\">\n\t\t\t\t\t\t<div class=\"elementor-element elementor-element-1f58f12 elementor-widget elementor-widget-text-editor\" data-id=\"1f58f12\" data-element_type=\"widget\" data-widget_type=\"text-editor.default\">\n\t\t\t\t<div class=\"elementor-widget-container\">\n\t\t\t\t\t\t\t\t\t<p>\u00c0 travers les districts, la pr\u00e9paration s\u2019est v\u00e9cue dans la pri\u00e8re, le t\u00e9moignage et surtout dans l\u2019expression de la reconnaissance.<\/p>\t\t\t\t\t\t\t\t<\/div>\n\t\t\t\t<\/div>\n\t\t\t\t\t<\/div>\n\t\t<\/div>\n\t\t\t\t\t<\/div>\n\t\t<\/section>\n\t\t\t\t<section class=\"elementor-section elementor-top-section elementor-element elementor-element-06017dd elementor-section-boxed elementor-section-height-default elementor-section-height-default\" data-id=\"06017dd\" data-element_type=\"section\">\n\t\t\t\t\t\t<div class=\"elementor-container elementor-column-gap-default\">\n\t\t\t\t\t<div class=\"elementor-column elementor-col-100 elementor-top-column elementor-element elementor-element-2ddc20d\" data-id=\"2ddc20d\" data-element_type=\"column\">\n\t\t\t<div class=\"elementor-widget-wrap elementor-element-populated\">\n\t\t\t\t\t\t<div class=\"elementor-element elementor-element-184a27f elementor-widget elementor-widget-heading\" data-id=\"184a27f\" data-element_type=\"widget\" data-widget_type=\"heading.default\">\n\t\t\t\t<div class=\"elementor-widget-container\">\n\t\t\t\t\t<h2 class=\"elementor-heading-title elementor-size-default\"><p><strong style=\"font-size: 2rem\">Bongolo : une le\u00e7on de fid\u00e9lit\u00e9 et de gratitude<\/strong><span style=\"font-size: 2rem\"><\/span><\/p><\/h2>\t\t\t\t<\/div>\n\t\t\t\t<\/div>\n\t\t\t\t\t<\/div>\n\t\t<\/div>\n\t\t\t\t\t<\/div>\n\t\t<\/section>\n\t\t\t\t<section class=\"elementor-section elementor-top-section elementor-element elementor-element-de031f1 elementor-section-boxed elementor-section-height-default elementor-section-height-default\" data-id=\"de031f1\" data-element_type=\"section\">\n\t\t\t\t\t\t<div class=\"elementor-container elementor-column-gap-default\">\n\t\t\t\t\t<div class=\"elementor-column elementor-col-100 elementor-top-column elementor-element elementor-element-78704fb\" data-id=\"78704fb\" data-element_type=\"column\">\n\t\t\t<div class=\"elementor-widget-wrap elementor-element-populated\">\n\t\t\t\t\t\t<div class=\"elementor-element elementor-element-bcd7310 elementor-widget elementor-widget-text-editor\" data-id=\"bcd7310\" data-element_type=\"widget\" data-widget_type=\"text-editor.default\">\n\t\t\t\t<div class=\"elementor-widget-container\">\n\t\t\t\t\t\t\t\t\t<p>Elle reconna\u00eet que sa fid\u00e9lit\u00e9 est aujourd\u2019hui la meilleure offrande qu\u2019elle puisse donner \u00e0 Dieu. Son exemple rappelle que la reconnaissance n\u2019a pas d\u2019\u00e2ge et invite chacun, quelle que soit sa situation, \u00e0 se pr\u00e9parer \u00e0 dire \u00ab merci \u00bb \u00e0 Dieu.<\/p>\t\t\t\t\t\t\t\t<\/div>\n\t\t\t\t<\/div>\n\t\t\t\t\t<\/div>\n\t\t<\/div>\n\t\t\t\t\t<\/div>\n\t\t<\/section>\n\t\t\t\t<section class=\"elementor-section elementor-top-section elementor-element elementor-element-1e2f995 elementor-section-boxed elementor-section-height-default elementor-section-height-default\" data-id=\"1e2f995\" data-element_type=\"section\">\n\t\t\t\t\t\t<div class=\"elementor-container elementor-column-gap-default\">\n\t\t\t\t\t<div class=\"elementor-column elementor-col-100 elementor-top-column elementor-element elementor-element-8c333ed\" data-id=\"8c333ed\" data-element_type=\"column\">\n\t\t\t<div class=\"elementor-widget-wrap elementor-element-populated\">\n\t\t\t\t\t\t<div class=\"elementor-element elementor-element-84887c2 elementor-widget elementor-widget-text-editor\" data-id=\"84887c2\" data-element_type=\"widget\" data-widget_type=\"text-editor.default\">\n\t\t\t\t<div class=\"elementor-widget-container\">\n\t\t\t\t\t\t\t\t\t<p>Au district de Bongolo, la s\u0153ur Nsunda, \u00e2g\u00e9e de 73 ans, est un mod\u00e8le de fid\u00e9lit\u00e9 par sa participation r\u00e9guli\u00e8re aux services divins. Elle explique : \u00ab Je me r\u00e9veille t\u00f4t pour \u00eatre dans la maison de Dieu, \u00e9couter sa Parole, recevoir le pardon et participer \u00e0 la sainte-c\u00e8ne. \u00bb<\/p>\t\t\t\t\t\t\t\t<\/div>\n\t\t\t\t<\/div>\n\t\t\t\t\t<\/div>\n\t\t<\/div>\n\t\t\t\t\t<\/div>\n\t\t<\/section>\n\t\t\t\t<section class=\"elementor-section elementor-top-section elementor-element elementor-element-fab3eae elementor-section-boxed elementor-section-height-default elementor-section-height-default\" data-id=\"fab3eae\" data-element_type=\"section\">\n\t\t\t\t\t\t<div class=\"elementor-container elementor-column-gap-default\">\n\t\t\t\t\t<div class=\"elementor-column elementor-col-100 elementor-top-column elementor-element elementor-element-87c5ccb\" data-id=\"87c5ccb\" data-element_type=\"column\">\n\t\t\t<div class=\"elementor-widget-wrap elementor-element-populated\">\n\t\t\t\t\t\t<div class=\"elementor-element elementor-element-cd3464c elementor-widget elementor-widget-heading\" data-id=\"cd3464c\" data-element_type=\"widget\" data-widget_type=\"heading.default\">\n\t\t\t\t<div class=\"elementor-widget-container\">\n\t\t\t\t\t<h2 class=\"elementor-heading-title elementor-size-default\">Batangisi : l\u2019offrande comme t\u00e9moignage d\u2019amour<\/h2>\t\t\t\t<\/div>\n\t\t\t\t<\/div>\n\t\t\t\t\t<\/div>\n\t\t<\/div>\n\t\t\t\t\t<\/div>\n\t\t<\/section>\n\t\t\t\t<section class=\"elementor-section elementor-top-section elementor-element elementor-element-aac7136 elementor-section-boxed elementor-section-height-default elementor-section-height-default\" data-id=\"aac7136\" data-element_type=\"section\">\n\t\t\t\t\t\t<div class=\"elementor-container elementor-column-gap-default\">\n\t\t\t\t\t<div class=\"elementor-column elementor-col-100 elementor-top-column elementor-element elementor-element-4c36088\" data-id=\"4c36088\" data-element_type=\"column\">\n\t\t\t<div class=\"elementor-widget-wrap elementor-element-populated\">\n\t\t\t\t\t\t<div class=\"elementor-element elementor-element-dd49bb4 elementor-widget elementor-widget-text-editor\" data-id=\"dd49bb4\" data-element_type=\"widget\" data-widget_type=\"text-editor.default\">\n\t\t\t\t<div class=\"elementor-widget-container\">\n\t\t\t\t\t\t\t\t\t<p>\u00c0 Batangisi, le Pr\u00eatre Emery Mpunga, responsable du district de Ngiri-Ngiri, a conduit un service pr\u00e9paratoire devant les fid\u00e8les de plusieurs communaut\u00e9s. Dans sa pr\u00e9dication, il a insist\u00e9 sur trois dimensions de l\u2019offrande : l\u2019amour v\u00e9ritable, la disposition du c\u0153ur, et la reconnaissance.<\/p><p>Il a exhort\u00e9 les enfants de Dieu \u00e0 t\u00e9moigner du Christ par leurs \u0153uvres et leur comportement au quotidien.<\/p>\t\t\t\t\t\t\t\t<\/div>\n\t\t\t\t<\/div>\n\t\t\t\t\t<\/div>\n\t\t<\/div>\n\t\t\t\t\t<\/div>\n\t\t<\/section>\n\t\t\t\t<section class=\"elementor-section elementor-top-section elementor-element elementor-element-330d1f1 elementor-section-boxed elementor-section-height-default elementor-section-height-default\" data-id=\"330d1f1\" data-element_type=\"section\">\n\t\t\t\t\t\t<div class=\"elementor-container elementor-column-gap-default\">\n\t\t\t\t\t<div class=\"elementor-column elementor-col-100 elementor-top-column elementor-element elementor-element-5681a19\" data-id=\"5681a19\" data-element_type=\"column\">\n\t\t\t<div class=\"elementor-widget-wrap elementor-element-populated\">\n\t\t\t\t\t\t<div class=\"elementor-element elementor-element-ec8b107 elementor-widget elementor-widget-heading\" data-id=\"ec8b107\" data-element_type=\"widget\" data-widget_type=\"heading.default\">\n\t\t\t\t<div class=\"elementor-widget-container\">\n\t\t\t\t\t<h2 class=\"elementor-heading-title elementor-size-default\">Ngiri-Ngiri : \u00eatre sel et lumi\u00e8re<\/h2>\t\t\t\t<\/div>\n\t\t\t\t<\/div>\n\t\t\t\t\t<\/div>\n\t\t<\/div>\n\t\t\t\t\t<\/div>\n\t\t<\/section>\n\t\t\t\t<section class=\"elementor-section elementor-top-section elementor-element elementor-element-3c925f2 elementor-section-boxed elementor-section-height-default elementor-section-height-default\" data-id=\"3c925f2\" data-element_type=\"section\">\n\t\t\t\t\t\t<div class=\"elementor-container elementor-column-gap-default\">\n\t\t\t\t\t<div class=\"elementor-column elementor-col-100 elementor-top-column elementor-element elementor-element-ceb639f\" data-id=\"ceb639f\" data-element_type=\"column\">\n\t\t\t<div class=\"elementor-widget-wrap elementor-element-populated\">\n\t\t\t\t\t\t<div class=\"elementor-element elementor-element-4b81804 elementor-widget elementor-widget-text-editor\" data-id=\"4b81804\" data-element_type=\"widget\" data-widget_type=\"text-editor.default\">\n\t\t\t\t<div class=\"elementor-widget-container\">\n\t\t\t\t\t\t\t\t\t<p>\u00c0 Ngiri-Ngiri, l\u2019\u00e9vang\u00e9liste Makengo Michel, responsable du district de Lisalisi, a rappel\u00e9, \u00e0 partir de Matthieu 5:13, la mission des croyants : \u00eatre \u00ab le sel de la terre \u00bb. Il a invit\u00e9 chacun \u00e0 m\u00e9diter sur les b\u00e9n\u00e9dictions re\u00e7ues, \u00e0 renouveler son engagement envers Dieu et \u00e0 partager sa foi avec ceux qui l\u2019entourent.<\/p>\t\t\t\t\t\t\t\t<\/div>\n\t\t\t\t<\/div>\n\t\t\t\t\t<\/div>\n\t\t<\/div>\n\t\t\t\t\t<\/div>\n\t\t<\/section>\n\t\t\t\t<section class=\"elementor-section elementor-top-section elementor-element elementor-element-575e1c0 elementor-section-boxed elementor-section-height-default elementor-section-height-default\" data-id=\"575e1c0\" data-element_type=\"section\">\n\t\t\t\t\t\t<div class=\"elementor-container elementor-column-gap-default\">\n\t\t\t\t\t<div class=\"elementor-column elementor-col-100 elementor-top-column elementor-element elementor-element-febf0d0\" data-id=\"febf0d0\" data-element_type=\"column\">\n\t\t\t<div class=\"elementor-widget-wrap elementor-element-populated\">\n\t\t\t\t\t\t<div class=\"elementor-element elementor-element-b95fca2 elementor-widget elementor-widget-heading\" data-id=\"b95fca2\" data-element_type=\"widget\" data-widget_type=\"heading.default\">\n\t\t\t\t<div class=\"elementor-widget-container\">\n\t\t\t\t\t<h2 class=\"elementor-heading-title elementor-size-default\">Sendwe-Masimanimba : fraternit\u00e9 et pr\u00e9paration collective<\/h2>\t\t\t\t<\/div>\n\t\t\t\t<\/div>\n\t\t\t\t\t<\/div>\n\t\t<\/div>\n\t\t\t\t\t<\/div>\n\t\t<\/section>\n\t\t\t\t<section class=\"elementor-section elementor-top-section elementor-element elementor-element-359e80d elementor-section-boxed elementor-section-height-default elementor-section-height-default\" data-id=\"359e80d\" data-element_type=\"section\">\n\t\t\t\t\t\t<div class=\"elementor-container elementor-column-gap-default\">\n\t\t\t\t\t<div class=\"elementor-column elementor-col-100 elementor-top-column elementor-element elementor-element-8b3de79\" data-id=\"8b3de79\" data-element_type=\"column\">\n\t\t\t<div class=\"elementor-widget-wrap elementor-element-populated\">\n\t\t\t\t\t\t<div class=\"elementor-element elementor-element-fad1454 elementor-widget elementor-widget-text-editor\" data-id=\"fad1454\" data-element_type=\"widget\" data-widget_type=\"text-editor.default\">\n\t\t\t\t<div class=\"elementor-widget-container\">\n\t\t\t\t\t\t\t\t\t<p>\u00c0 Sendwe-Masimanimba, la communaut\u00e9 s\u2019est mobilis\u00e9e pour conserver sa premi\u00e8re place au challenge d\u2019ornement de l\u2019autel le jour du service d\u2019actions de gr\u00e2ce. Des r\u00e9unions fraternelles ont \u00e9t\u00e9 organis\u00e9es pour faire mieux que l\u2019ann\u00e9e pass\u00e9e.<\/p><p>Mais au-del\u00e0 de l\u2019\u00e9mulation, les fid\u00e8les ont rappel\u00e9 que l\u2019essentiel demeure spirituel : pr\u00e9parer son c\u0153ur, vivre dans la sanctification et \u00eatre agr\u00e9able \u00e0 Dieu.<\/p>\t\t\t\t\t\t\t\t<\/div>\n\t\t\t\t<\/div>\n\t\t\t\t\t<\/div>\n\t\t<\/div>\n\t\t\t\t\t<\/div>\n\t\t<\/section>\n\t\t\t\t<section class=\"elementor-section elementor-top-section elementor-element elementor-element-e5a16d2 elementor-section-boxed elementor-section-height-default elementor-section-height-default\" data-id=\"e5a16d2\" data-element_type=\"section\">\n\t\t\t\t\t\t<div class=\"elementor-container elementor-column-gap-default\">\n\t\t\t\t\t<div class=\"elementor-column elementor-col-100 elementor-top-column elementor-element elementor-element-a4e178c\" data-id=\"a4e178c\" data-element_type=\"column\">\n\t\t\t<div class=\"elementor-widget-wrap elementor-element-populated\">\n\t\t\t\t\t\t<div class=\"elementor-element elementor-element-0110839 elementor-widget elementor-widget-heading\" data-id=\"0110839\" data-element_type=\"widget\" data-widget_type=\"heading.default\">\n\t\t\t\t<div class=\"elementor-widget-container\">\n\t\t\t\t\t<h2 class=\"elementor-heading-title elementor-size-default\">Gombe : reconnaissance et b\u00e9n\u00e9diction attendue<\/h2>\t\t\t\t<\/div>\n\t\t\t\t<\/div>\n\t\t\t\t\t<\/div>\n\t\t<\/div>\n\t\t\t\t\t<\/div>\n\t\t<\/section>\n\t\t\t\t<section class=\"elementor-section elementor-top-section elementor-element elementor-element-ac1fac4 elementor-section-boxed elementor-section-height-default elementor-section-height-default\" data-id=\"ac1fac4\" data-element_type=\"section\">\n\t\t\t\t\t\t<div class=\"elementor-container elementor-column-gap-default\">\n\t\t\t\t\t<div class=\"elementor-column elementor-col-100 elementor-top-column elementor-element elementor-element-661d321\" data-id=\"661d321\" data-element_type=\"column\">\n\t\t\t<div class=\"elementor-widget-wrap elementor-element-populated\">\n\t\t\t\t\t\t<div class=\"elementor-element elementor-element-bbe1612 elementor-widget elementor-widget-text-editor\" data-id=\"bbe1612\" data-element_type=\"widget\" data-widget_type=\"text-editor.default\">\n\t\t\t\t<div class=\"elementor-widget-container\">\n\t\t\t\t\t\t\t\t\t<p>Dans le district de Gombe, c&rsquo;est l\u2019ap\u00f4tre Olivier Mbuyi qui a c\u00e9l\u00e9br\u00e9 le service pr\u00e9paratoire, en s\u2019appuyant sur Gen\u00e8se 14:20 : \u00ab Et Abram lui donna la d\u00eeme de tout. \u00bb Il a soulign\u00e9 que les actions de gr\u00e2ce doivent \u00eatre l\u2019expression d\u2019un amour sinc\u00e8re et d\u2019une profonde gratitude envers Dieu.<\/p><p>Le dimanche 05 octobre, ce sera l\u2019ap\u00f4tre de district \u00c9lie Mukinda qui conduira le service d\u2019actions de gr\u00e2ce \u00e0 Golf. Ce moment sera marqu\u00e9 par une b\u00e9n\u00e9diction particuli\u00e8re : la c\u00e9l\u00e9bration des noces d\u2019argent du responsable du district de Gombe et de son \u00e9pouse.<\/p>\t\t\t\t\t\t\t\t<\/div>\n\t\t\t\t<\/div>\n\t\t\t\t\t<\/div>\n\t\t<\/div>\n\t\t\t\t\t<\/div>\n\t\t<\/section>\n\t\t\t\t<section class=\"elementor-section elementor-top-section elementor-element elementor-element-7d65330 elementor-section-boxed elementor-section-height-default elementor-section-height-default\" data-id=\"7d65330\" data-element_type=\"section\">\n\t\t\t\t\t\t<div class=\"elementor-container elementor-column-gap-default\">\n\t\t\t\t\t<div class=\"elementor-column elementor-col-100 elementor-top-column elementor-element elementor-element-e60f671\" data-id=\"e60f671\" data-element_type=\"column\">\n\t\t\t<div class=\"elementor-widget-wrap elementor-element-populated\">\n\t\t\t\t\t\t<div class=\"elementor-element elementor-element-c8ed949 elementor-widget elementor-widget-heading\" data-id=\"c8ed949\" data-element_type=\"widget\" data-widget_type=\"heading.default\">\n\t\t\t\t<div class=\"elementor-widget-container\">\n\t\t\t\t\t<h2 class=\"elementor-heading-title elementor-size-default\">Un m\u00eame \u00e9lan de reconnaissance<\/h2>\t\t\t\t<\/div>\n\t\t\t\t<\/div>\n\t\t\t\t\t<\/div>\n\t\t<\/div>\n\t\t\t\t\t<\/div>\n\t\t<\/section>\n\t\t\t\t<section class=\"elementor-section elementor-top-section elementor-element elementor-element-960eb06 elementor-section-boxed elementor-section-height-default elementor-section-height-default\" data-id=\"960eb06\" data-element_type=\"section\">\n\t\t\t\t\t\t<div class=\"elementor-container elementor-column-gap-default\">\n\t\t\t\t\t<div class=\"elementor-column elementor-col-100 elementor-top-column elementor-element elementor-element-513c22e9\" data-id=\"513c22e9\" data-element_type=\"column\">\n\t\t\t<div class=\"elementor-widget-wrap elementor-element-populated\">\n\t\t\t\t\t\t<div class=\"elementor-element elementor-element-5f1c4aec elementor-widget elementor-widget-text-editor\" data-id=\"5f1c4aec\" data-element_type=\"widget\" data-widget_type=\"text-editor.default\">\n\t\t\t\t<div class=\"elementor-widget-container\">\n\t\t\t\t\t\t\t\t\t<p>De Bongolo \u00e0 Gombe, en passant par Batangisi, Ngiri-Ngiri et Sendwe-Masimanimba, chaque communaut\u00e9 a apport\u00e9 sa couleur et son t\u00e9moignage. Gratitude, amour et foi conduisent les fid\u00e8les du champ de Kinshasa Ouest vers cette grande f\u00eate spirituelle.<\/p><p>Ce dimanche 05 octobre, un m\u00eame ch\u0153ur s\u2019\u00e9l\u00e8vera pour dire \u00e0 Dieu : Merci pour ton amour, merci pour ta gr\u00e2ce, merci pour la vie \u00e9ternelle en Christ.<\/p>\t\t\t\t\t\t\t\t<\/div>\n\t\t\t\t<\/div>\n\t\t\t\t\t<\/div>\n\t\t<\/div>\n\t\t\t\t\t<\/div>\n\t\t<\/section>\n\t\t\t\t<\/div>\n\t\t","protected":false},"excerpt":{"rendered":"<p>Le dimanche 05 octobre 2025, comme tous les chr\u00e9tiens n\u00e9o-apostoliques \u00e0 travers le monde, les fid\u00e8les du champ apostolique de Kinshasa Ouest, plac\u00e9 sous la direction de l\u2019Ap\u00f4tre Olivier Mbuyi, se rassembleront dans leurs communaut\u00e9s respectives pour le service divin d\u2019actions de gr\u00e2ce. Cette f\u00eate, l\u2019une des sept c\u00e9l\u00e9br\u00e9es chaque ann\u00e9e dans l\u2019\u00c9glise n\u00e9o-apostolique, est [&hellip;]<\/p>\n","protected":false},"author":1,"featured_media":636,"comment_status":"open","ping_status":"open","sticky":false,"template":"","format":"standard","meta":{"_jetpack_memberships_contains_paid_content":false,"footnotes":""},"categories":[24],"tags":[],"class_list":["post-635","post","type-post","status-publish","format-standard","has-post-thumbnail","hentry","category-kin-ouest"],"yoast_head":"<!-- This site is optimized with the Yoast SEO plugin v25.3.1 - https:\/\/yoast.com\/wordpress\/plugins\/seo\/ -->\n<title>La reconnaissance, notre plus bel uniforme pour la f\u00eate d\u2019actions de gr\u00e2ce - Eglise N\u00e9o-Apostolique Kinshasa Ouest<\/title>\n<meta name=\"robots\" content=\"index, follow, max-snippet:-1, max-image-preview:large, max-video-preview:-1\" \/>\n<link rel=\"canonical\" href=\"https:\/\/ena-kinouest.net\/index.php\/2025\/10\/04\/la-reconnaissance-preparation-fete-dactions-de-grace\/\" \/>\n<meta property=\"og:locale\" content=\"fr_FR\" \/>\n<meta property=\"og:type\" content=\"article\" \/>\n<meta property=\"og:title\" content=\"La reconnaissance, notre plus bel uniforme pour la f\u00eate d\u2019actions de gr\u00e2ce - Eglise N\u00e9o-Apostolique Kinshasa Ouest\" \/>\n<meta property=\"og:description\" content=\"Le dimanche 05 octobre 2025, comme tous les chr\u00e9tiens n\u00e9o-apostoliques \u00e0 travers le monde, les fid\u00e8les du champ apostolique de Kinshasa Ouest, plac\u00e9 sous la direction de l\u2019Ap\u00f4tre Olivier Mbuyi, se rassembleront dans leurs communaut\u00e9s respectives pour le service divin d\u2019actions de gr\u00e2ce. Cette f\u00eate, l\u2019une des sept c\u00e9l\u00e9br\u00e9es chaque ann\u00e9e dans l\u2019\u00c9glise n\u00e9o-apostolique, est [&hellip;]\" \/>\n<meta property=\"og:url\" content=\"https:\/\/ena-kinouest.net\/index.php\/2025\/10\/04\/la-reconnaissance-preparation-fete-dactions-de-grace\/\" \/>\n<meta property=\"og:site_name\" content=\"Eglise N\u00e9o-Apostolique Kinshasa Ouest\" \/>\n<meta property=\"article:publisher\" content=\"https:\/\/web.facebook.com\/enardcouest\" \/>\n<meta property=\"article:published_time\" content=\"2025-10-04T19:47:49+00:00\" \/>\n<meta property=\"article:modified_time\" content=\"2025-10-04T20:55:15+00:00\" \/>\n<meta property=\"og:image\" content=\"https:\/\/ena-kinouest.net\/wp-content\/uploads\/2025\/10\/kin-ouest-apotre-rd.jpeg\" \/>\n\t<meta property=\"og:image:width\" content=\"2560\" \/>\n\t<meta property=\"og:image:height\" content=\"1920\" \/>\n\t<meta property=\"og:image:type\" content=\"image\/jpeg\" \/>\n<meta name=\"author\" content=\"Richard Ndambo\" \/>\n<meta name=\"twitter:card\" content=\"summary_large_image\" \/>\n<meta name=\"twitter:label1\" content=\"\u00c9crit par\" \/>\n\t<meta name=\"twitter:data1\" content=\"Richard Ndambo\" \/>\n\t<meta name=\"twitter:label2\" content=\"Dur\u00e9e de lecture estim\u00e9e\" \/>\n\t<meta name=\"twitter:data2\" content=\"3 minutes\" \/>\n<script type=\"application\/ld+json\" class=\"yoast-schema-graph\">{\"@context\":\"https:\/\/schema.org\",\"@graph\":[{\"@type\":\"Article\",\"@id\":\"https:\/\/ena-kinouest.net\/index.php\/2025\/10\/04\/la-reconnaissance-preparation-fete-dactions-de-grace\/#article\",\"isPartOf\":{\"@id\":\"https:\/\/ena-kinouest.net\/index.php\/2025\/10\/04\/la-reconnaissance-preparation-fete-dactions-de-grace\/\"},\"author\":{\"name\":\"Richard Ndambo\",\"@id\":\"https:\/\/ena-kinouest.net\/#\/schema\/person\/f7334ed5e23ccc9abd2568d6259181a8\"},\"headline\":\"La reconnaissance, notre plus bel uniforme pour la f\u00eate d\u2019actions de gr\u00e2ce\",\"datePublished\":\"2025-10-04T19:47:49+00:00\",\"dateModified\":\"2025-10-04T20:55:15+00:00\",\"mainEntityOfPage\":{\"@id\":\"https:\/\/ena-kinouest.net\/index.php\/2025\/10\/04\/la-reconnaissance-preparation-fete-dactions-de-grace\/\"},\"wordCount\":641,\"commentCount\":0,\"publisher\":{\"@id\":\"https:\/\/ena-kinouest.net\/#organization\"},\"image\":{\"@id\":\"https:\/\/ena-kinouest.net\/index.php\/2025\/10\/04\/la-reconnaissance-preparation-fete-dactions-de-grace\/#primaryimage\"},\"thumbnailUrl\":\"https:\/\/i0.wp.com\/ena-kinouest.net\/wp-content\/uploads\/2025\/10\/kin-ouest-apotre-rd.jpeg?fit=2560%2C1920&ssl=1\",\"articleSection\":[\"Kin-Ouest\"],\"inLanguage\":\"fr-FR\",\"potentialAction\":[{\"@type\":\"CommentAction\",\"name\":\"Comment\",\"target\":[\"https:\/\/ena-kinouest.net\/index.php\/2025\/10\/04\/la-reconnaissance-preparation-fete-dactions-de-grace\/#respond\"]}]},{\"@type\":\"WebPage\",\"@id\":\"https:\/\/ena-kinouest.net\/index.php\/2025\/10\/04\/la-reconnaissance-preparation-fete-dactions-de-grace\/\",\"url\":\"https:\/\/ena-kinouest.net\/index.php\/2025\/10\/04\/la-reconnaissance-preparation-fete-dactions-de-grace\/\",\"name\":\"La reconnaissance, notre plus bel uniforme pour la f\u00eate d\u2019actions de gr\u00e2ce - Eglise N\u00e9o-Apostolique Kinshasa Ouest\",\"isPartOf\":{\"@id\":\"https:\/\/ena-kinouest.net\/#website\"},\"primaryImageOfPage\":{\"@id\":\"https:\/\/ena-kinouest.net\/index.php\/2025\/10\/04\/la-reconnaissance-preparation-fete-dactions-de-grace\/#primaryimage\"},\"image\":{\"@id\":\"https:\/\/ena-kinouest.net\/index.php\/2025\/10\/04\/la-reconnaissance-preparation-fete-dactions-de-grace\/#primaryimage\"},\"thumbnailUrl\":\"https:\/\/i0.wp.com\/ena-kinouest.net\/wp-content\/uploads\/2025\/10\/kin-ouest-apotre-rd.jpeg?fit=2560%2C1920&ssl=1\",\"datePublished\":\"2025-10-04T19:47:49+00:00\",\"dateModified\":\"2025-10-04T20:55:15+00:00\",\"breadcrumb\":{\"@id\":\"https:\/\/ena-kinouest.net\/index.php\/2025\/10\/04\/la-reconnaissance-preparation-fete-dactions-de-grace\/#breadcrumb\"},\"inLanguage\":\"fr-FR\",\"potentialAction\":[{\"@type\":\"ReadAction\",\"target\":[\"https:\/\/ena-kinouest.net\/index.php\/2025\/10\/04\/la-reconnaissance-preparation-fete-dactions-de-grace\/\"]}]},{\"@type\":\"ImageObject\",\"inLanguage\":\"fr-FR\",\"@id\":\"https:\/\/ena-kinouest.net\/index.php\/2025\/10\/04\/la-reconnaissance-preparation-fete-dactions-de-grace\/#primaryimage\",\"url\":\"https:\/\/i0.wp.com\/ena-kinouest.net\/wp-content\/uploads\/2025\/10\/kin-ouest-apotre-rd.jpeg?fit=2560%2C1920&ssl=1\",\"contentUrl\":\"https:\/\/i0.wp.com\/ena-kinouest.net\/wp-content\/uploads\/2025\/10\/kin-ouest-apotre-rd.jpeg?fit=2560%2C1920&ssl=1\",\"width\":2560,\"height\":1920},{\"@type\":\"BreadcrumbList\",\"@id\":\"https:\/\/ena-kinouest.net\/index.php\/2025\/10\/04\/la-reconnaissance-preparation-fete-dactions-de-grace\/#breadcrumb\",\"itemListElement\":[{\"@type\":\"ListItem\",\"position\":1,\"name\":\"Accueil\",\"item\":\"https:\/\/ena-kinouest.net\/\"},{\"@type\":\"ListItem\",\"position\":2,\"name\":\"La reconnaissance, notre plus bel uniforme pour la f\u00eate d\u2019actions de gr\u00e2ce\"}]},{\"@type\":\"WebSite\",\"@id\":\"https:\/\/ena-kinouest.net\/#website\",\"url\":\"https:\/\/ena-kinouest.net\/\",\"name\":\"Eglise N\u00e9o-Apostolique Kinshasa Ouest\",\"description\":\"\",\"publisher\":{\"@id\":\"https:\/\/ena-kinouest.net\/#organization\"},\"alternateName\":\"ENA Kin-Ouest\",\"potentialAction\":[{\"@type\":\"SearchAction\",\"target\":{\"@type\":\"EntryPoint\",\"urlTemplate\":\"https:\/\/ena-kinouest.net\/?s={search_term_string}\"},\"query-input\":{\"@type\":\"PropertyValueSpecification\",\"valueRequired\":true,\"valueName\":\"search_term_string\"}}],\"inLanguage\":\"fr-FR\"},{\"@type\":\"Organization\",\"@id\":\"https:\/\/ena-kinouest.net\/#organization\",\"name\":\"Eglise N\u00e9o-Apostolique Kinshasa Ouest\",\"url\":\"https:\/\/ena-kinouest.net\/\",\"logo\":{\"@type\":\"ImageObject\",\"inLanguage\":\"fr-FR\",\"@id\":\"https:\/\/ena-kinouest.net\/#\/schema\/logo\/image\/\",\"url\":\"https:\/\/ena-kinouest.net\/wp-content\/uploads\/2023\/06\/Nak_logo.svg\",\"contentUrl\":\"https:\/\/ena-kinouest.net\/wp-content\/uploads\/2023\/06\/Nak_logo.svg\",\"width\":1493,\"height\":1491,\"caption\":\"Eglise N\u00e9o-Apostolique Kinshasa Ouest\"},\"image\":{\"@id\":\"https:\/\/ena-kinouest.net\/#\/schema\/logo\/image\/\"},\"sameAs\":[\"https:\/\/web.facebook.com\/enardcouest\",\"https:\/\/www.youtube.com\/@egliseneo-apostoliquekin-o4002\"]},{\"@type\":\"Person\",\"@id\":\"https:\/\/ena-kinouest.net\/#\/schema\/person\/f7334ed5e23ccc9abd2568d6259181a8\",\"name\":\"Richard Ndambo\",\"image\":{\"@type\":\"ImageObject\",\"inLanguage\":\"fr-FR\",\"@id\":\"https:\/\/ena-kinouest.net\/#\/schema\/person\/image\/\",\"url\":\"https:\/\/secure.gravatar.com\/avatar\/c6d701f2601c5305f8f43857230b2d8c2a589cb3e8df57744a048d17f21f7868?s=96&d=mm&r=g\",\"contentUrl\":\"https:\/\/secure.gravatar.com\/avatar\/c6d701f2601c5305f8f43857230b2d8c2a589cb3e8df57744a048d17f21f7868?s=96&d=mm&r=g\",\"caption\":\"Richard Ndambo\"},\"sameAs\":[\"https:\/\/ena-kinouest.net\"],\"url\":\"https:\/\/ena-kinouest.net\/index.php\/author\/rndambo\/\"}]}<\/script>\n<!-- \/ Yoast SEO plugin. -->","yoast_head_json":{"title":"La reconnaissance, notre plus bel uniforme pour la f\u00eate d\u2019actions de gr\u00e2ce - Eglise N\u00e9o-Apostolique Kinshasa Ouest","robots":{"index":"index","follow":"follow","max-snippet":"max-snippet:-1","max-image-preview":"max-image-preview:large","max-video-preview":"max-video-preview:-1"},"canonical":"https:\/\/ena-kinouest.net\/index.php\/2025\/10\/04\/la-reconnaissance-preparation-fete-dactions-de-grace\/","og_locale":"fr_FR","og_type":"article","og_title":"La reconnaissance, notre plus bel uniforme pour la f\u00eate d\u2019actions de gr\u00e2ce - Eglise N\u00e9o-Apostolique Kinshasa Ouest","og_description":"Le dimanche 05 octobre 2025, comme tous les chr\u00e9tiens n\u00e9o-apostoliques \u00e0 travers le monde, les fid\u00e8les du champ apostolique de Kinshasa Ouest, plac\u00e9 sous la direction de l\u2019Ap\u00f4tre Olivier Mbuyi, se rassembleront dans leurs communaut\u00e9s respectives pour le service divin d\u2019actions de gr\u00e2ce. Cette f\u00eate, l\u2019une des sept c\u00e9l\u00e9br\u00e9es chaque ann\u00e9e dans l\u2019\u00c9glise n\u00e9o-apostolique, est [&hellip;]","og_url":"https:\/\/ena-kinouest.net\/index.php\/2025\/10\/04\/la-reconnaissance-preparation-fete-dactions-de-grace\/","og_site_name":"Eglise N\u00e9o-Apostolique Kinshasa Ouest","article_publisher":"https:\/\/web.facebook.com\/enardcouest","article_published_time":"2025-10-04T19:47:49+00:00","article_modified_time":"2025-10-04T20:55:15+00:00","og_image":[{"width":2560,"height":1920,"url":"https:\/\/ena-kinouest.net\/wp-content\/uploads\/2025\/10\/kin-ouest-apotre-rd.jpeg","type":"image\/jpeg"}],"author":"Richard Ndambo","twitter_card":"summary_large_image","twitter_misc":{"\u00c9crit par":"Richard Ndambo","Dur\u00e9e de lecture estim\u00e9e":"3 minutes"},"schema":{"@context":"https:\/\/schema.org","@graph":[{"@type":"Article","@id":"https:\/\/ena-kinouest.net\/index.php\/2025\/10\/04\/la-reconnaissance-preparation-fete-dactions-de-grace\/#article","isPartOf":{"@id":"https:\/\/ena-kinouest.net\/index.php\/2025\/10\/04\/la-reconnaissance-preparation-fete-dactions-de-grace\/"},"author":{"name":"Richard Ndambo","@id":"https:\/\/ena-kinouest.net\/#\/schema\/person\/f7334ed5e23ccc9abd2568d6259181a8"},"headline":"La reconnaissance, notre plus bel uniforme pour la f\u00eate d\u2019actions de gr\u00e2ce","datePublished":"2025-10-04T19:47:49+00:00","dateModified":"2025-10-04T20:55:15+00:00","mainEntityOfPage":{"@id":"https:\/\/ena-kinouest.net\/index.php\/2025\/10\/04\/la-reconnaissance-preparation-fete-dactions-de-grace\/"},"wordCount":641,"commentCount":0,"publisher":{"@id":"https:\/\/ena-kinouest.net\/#organization"},"image":{"@id":"https:\/\/ena-kinouest.net\/index.php\/2025\/10\/04\/la-reconnaissance-preparation-fete-dactions-de-grace\/#primaryimage"},"thumbnailUrl":"https:\/\/i0.wp.com\/ena-kinouest.net\/wp-content\/uploads\/2025\/10\/kin-ouest-apotre-rd.jpeg?fit=2560%2C1920&ssl=1","articleSection":["Kin-Ouest"],"inLanguage":"fr-FR","potentialAction":[{"@type":"CommentAction","name":"Comment","target":["https:\/\/ena-kinouest.net\/index.php\/2025\/10\/04\/la-reconnaissance-preparation-fete-dactions-de-grace\/#respond"]}]},{"@type":"WebPage","@id":"https:\/\/ena-kinouest.net\/index.php\/2025\/10\/04\/la-reconnaissance-preparation-fete-dactions-de-grace\/","url":"https:\/\/ena-kinouest.net\/index.php\/2025\/10\/04\/la-reconnaissance-preparation-fete-dactions-de-grace\/","name":"La reconnaissance, notre plus bel uniforme pour la f\u00eate d\u2019actions de gr\u00e2ce - Eglise N\u00e9o-Apostolique Kinshasa Ouest","isPartOf":{"@id":"https:\/\/ena-kinouest.net\/#website"},"primaryImageOfPage":{"@id":"https:\/\/ena-kinouest.net\/index.php\/2025\/10\/04\/la-reconnaissance-preparation-fete-dactions-de-grace\/#primaryimage"},"image":{"@id":"https:\/\/ena-kinouest.net\/index.php\/2025\/10\/04\/la-reconnaissance-preparation-fete-dactions-de-grace\/#primaryimage"},"thumbnailUrl":"https:\/\/i0.wp.com\/ena-kinouest.net\/wp-content\/uploads\/2025\/10\/kin-ouest-apotre-rd.jpeg?fit=2560%2C1920&ssl=1","datePublished":"2025-10-04T19:47:49+00:00","dateModified":"2025-10-04T20:55:15+00:00","breadcrumb":{"@id":"https:\/\/ena-kinouest.net\/index.php\/2025\/10\/04\/la-reconnaissance-preparation-fete-dactions-de-grace\/#breadcrumb"},"inLanguage":"fr-FR","potentialAction":[{"@type":"ReadAction","target":["https:\/\/ena-kinouest.net\/index.php\/2025\/10\/04\/la-reconnaissance-preparation-fete-dactions-de-grace\/"]}]},{"@type":"ImageObject","inLanguage":"fr-FR","@id":"https:\/\/ena-kinouest.net\/index.php\/2025\/10\/04\/la-reconnaissance-preparation-fete-dactions-de-grace\/#primaryimage","url":"https:\/\/i0.wp.com\/ena-kinouest.net\/wp-content\/uploads\/2025\/10\/kin-ouest-apotre-rd.jpeg?fit=2560%2C1920&ssl=1","contentUrl":"https:\/\/i0.wp.com\/ena-kinouest.net\/wp-content\/uploads\/2025\/10\/kin-ouest-apotre-rd.jpeg?fit=2560%2C1920&ssl=1","width":2560,"height":1920},{"@type":"BreadcrumbList","@id":"https:\/\/ena-kinouest.net\/index.php\/2025\/10\/04\/la-reconnaissance-preparation-fete-dactions-de-grace\/#breadcrumb","itemListElement":[{"@type":"ListItem","position":1,"name":"Accueil","item":"https:\/\/ena-kinouest.net\/"},{"@type":"ListItem","position":2,"name":"La reconnaissance, notre plus bel uniforme pour la f\u00eate d\u2019actions de gr\u00e2ce"}]},{"@type":"WebSite","@id":"https:\/\/ena-kinouest.net\/#website","url":"https:\/\/ena-kinouest.net\/","name":"Eglise N\u00e9o-Apostolique Kinshasa Ouest","description":"","publisher":{"@id":"https:\/\/ena-kinouest.net\/#organization"},"alternateName":"ENA Kin-Ouest","potentialAction":[{"@type":"SearchAction","target":{"@type":"EntryPoint","urlTemplate":"https:\/\/ena-kinouest.net\/?s={search_term_string}"},"query-input":{"@type":"PropertyValueSpecification","valueRequired":true,"valueName":"search_term_string"}}],"inLanguage":"fr-FR"},{"@type":"Organization","@id":"https:\/\/ena-kinouest.net\/#organization","name":"Eglise N\u00e9o-Apostolique Kinshasa Ouest","url":"https:\/\/ena-kinouest.net\/","logo":{"@type":"ImageObject","inLanguage":"fr-FR","@id":"https:\/\/ena-kinouest.net\/#\/schema\/logo\/image\/","url":"https:\/\/ena-kinouest.net\/wp-content\/uploads\/2023\/06\/Nak_logo.svg","contentUrl":"https:\/\/ena-kinouest.net\/wp-content\/uploads\/2023\/06\/Nak_logo.svg","width":1493,"height":1491,"caption":"Eglise N\u00e9o-Apostolique Kinshasa Ouest"},"image":{"@id":"https:\/\/ena-kinouest.net\/#\/schema\/logo\/image\/"},"sameAs":["https:\/\/web.facebook.com\/enardcouest","https:\/\/www.youtube.com\/@egliseneo-apostoliquekin-o4002"]},{"@type":"Person","@id":"https:\/\/ena-kinouest.net\/#\/schema\/person\/f7334ed5e23ccc9abd2568d6259181a8","name":"Richard Ndambo","image":{"@type":"ImageObject","inLanguage":"fr-FR","@id":"https:\/\/ena-kinouest.net\/#\/schema\/person\/image\/","url":"https:\/\/secure.gravatar.com\/avatar\/c6d701f2601c5305f8f43857230b2d8c2a589cb3e8df57744a048d17f21f7868?s=96&d=mm&r=g","contentUrl":"https:\/\/secure.gravatar.com\/avatar\/c6d701f2601c5305f8f43857230b2d8c2a589cb3e8df57744a048d17f21f7868?s=96&d=mm&r=g","caption":"Richard Ndambo"},"sameAs":["https:\/\/ena-kinouest.net"],"url":"https:\/\/ena-kinouest.net\/index.php\/author\/rndambo\/"}]}},"jetpack_featured_media_url":"https:\/\/i0.wp.com\/ena-kinouest.net\/wp-content\/uploads\/2025\/10\/kin-ouest-apotre-rd.jpeg?fit=2560%2C1920&ssl=1","jetpack-related-posts":[],"jetpack_sharing_enabled":true,"_links":{"self":[{"href":"https:\/\/ena-kinouest.net\/index.php\/wp-json\/wp\/v2\/posts\/635","targetHints":{"allow":["GET"]}}],"collection":[{"href":"https:\/\/ena-kinouest.net\/index.php\/wp-json\/wp\/v2\/posts"}],"about":[{"href":"https:\/\/ena-kinouest.net\/index.php\/wp-json\/wp\/v2\/types\/post"}],"author":[{"embeddable":true,"href":"https:\/\/ena-kinouest.net\/index.php\/wp-json\/wp\/v2\/users\/1"}],"replies":[{"embeddable":true,"href":"https:\/\/ena-kinouest.net\/index.php\/wp-json\/wp\/v2\/comments?post=635"}],"version-history":[{"count":25,"href":"https:\/\/ena-kinouest.net\/index.php\/wp-json\/wp\/v2\/posts\/635\/revisions"}],"predecessor-version":[{"id":663,"href":"https:\/\/ena-kinouest.net\/index.php\/wp-json\/wp\/v2\/posts\/635\/revisions\/663"}],"wp:featuredmedia":[{"embeddable":true,"href":"https:\/\/ena-kinouest.net\/index.php\/wp-json\/wp\/v2\/media\/636"}],"wp:attachment":[{"href":"https:\/\/ena-kinouest.net\/index.php\/wp-json\/wp\/v2\/media?parent=635"}],"wp:term":[{"taxonomy":"category","embeddable":true,"href":"https:\/\/ena-kinouest.net\/index.php\/wp-json\/wp\/v2\/categories?post=635"},{"taxonomy":"post_tag","embeddable":true,"href":"https:\/\/ena-kinouest.net\/index.php\/wp-json\/wp\/v2\/tags?post=635"}],"curies":[{"name":"wp","href":"https:\/\/api.w.org\/{rel}","templated":true}]}}