{"id":664,"date":"2025-10-14T21:48:28","date_gmt":"2025-10-14T19:48:28","guid":{"rendered":"https:\/\/ena-kinouest.net\/?p=664"},"modified":"2025-10-14T21:50:51","modified_gmt":"2025-10-14T19:50:51","slug":"action-grace-aines","status":"publish","type":"post","link":"https:\/\/ena-kinouest.net\/index.php\/2025\/10\/14\/action-grace-aines\/","title":{"rendered":"Actions de gr\u00e2ce 2025 : les a\u00een\u00e9s \u00e0 l\u2019honneur"},"content":{"rendered":"\t\t<div data-elementor-type=\"wp-post\" data-elementor-id=\"664\" class=\"elementor elementor-664\">\n\t\t\t\t\t\t<section class=\"elementor-section elementor-top-section elementor-element elementor-element-f18667f elementor-section-boxed elementor-section-height-default elementor-section-height-default\" data-id=\"f18667f\" data-element_type=\"section\">\n\t\t\t\t\t\t<div class=\"elementor-container elementor-column-gap-default\">\n\t\t\t\t\t<div class=\"elementor-column elementor-col-100 elementor-top-column elementor-element elementor-element-f109e20\" data-id=\"f109e20\" data-element_type=\"column\">\n\t\t\t<div class=\"elementor-widget-wrap elementor-element-populated\">\n\t\t\t\t\t\t<div class=\"elementor-element elementor-element-121aaf6 elementor-widget elementor-widget-text-editor\" data-id=\"121aaf6\" data-element_type=\"widget\" data-widget_type=\"text-editor.default\">\n\t\t\t\t<div class=\"elementor-widget-container\">\n\t\t\t\t\t\t\t\t\t<p>Le dimanche 05 octobre 2025, alors que les fid\u00e8les du monde entier c\u00e9l\u00e9braient le service divin d\u2019actions de gr\u00e2ce, une belle page de fraternit\u00e9 s\u2019est \u00e9crite dans le champ apostolique de Kinshasa-Ouest.<\/p>\t\t\t\t\t\t\t\t<\/div>\n\t\t\t\t<\/div>\n\t\t\t\t\t<\/div>\n\t\t<\/div>\n\t\t\t\t\t<\/div>\n\t\t<\/section>\n\t\t\t\t<section class=\"elementor-section elementor-top-section elementor-element elementor-element-8a5f13e elementor-section-boxed elementor-section-height-default elementor-section-height-default\" data-id=\"8a5f13e\" data-element_type=\"section\">\n\t\t\t\t\t\t<div class=\"elementor-container elementor-column-gap-default\">\n\t\t\t\t\t<div class=\"elementor-column elementor-col-100 elementor-top-column elementor-element elementor-element-a13b0b8\" data-id=\"a13b0b8\" data-element_type=\"column\">\n\t\t\t<div class=\"elementor-widget-wrap elementor-element-populated\">\n\t\t\t\t\t\t<div class=\"elementor-element elementor-element-695908a elementor-widget elementor-widget-text-editor\" data-id=\"695908a\" data-element_type=\"widget\" data-widget_type=\"text-editor.default\">\n\t\t\t\t<div class=\"elementor-widget-container\">\n\t\t\t\t\t\t\t\t\t<p>Sous la conduite de l\u2019ap\u00f4tre de district \u00c9lie Mukinda, accompagn\u00e9 de l\u2019ap\u00f4tre Olivier Mbuyi, responsable du champ de Kinshasa Ouest, une visite pleine d\u2019\u00e9motion a \u00e9t\u00e9 rendue \u00e0 trois a\u00een\u00e9s de la communaut\u00e9 de Golf, r\u00e9sidant au Camp Lufungula, secteur 2 \u2014 un visage m\u00e9connu mais authentique de cette grande communaut\u00e9.<\/p>\t\t\t\t\t\t\t\t<\/div>\n\t\t\t\t<\/div>\n\t\t\t\t\t<\/div>\n\t\t<\/div>\n\t\t\t\t\t<\/div>\n\t\t<\/section>\n\t\t\t\t<section class=\"elementor-section elementor-top-section elementor-element elementor-element-e4e9d86 elementor-section-boxed elementor-section-height-default elementor-section-height-default\" data-id=\"e4e9d86\" data-element_type=\"section\">\n\t\t\t\t\t\t<div class=\"elementor-container elementor-column-gap-default\">\n\t\t\t\t\t<div class=\"elementor-column elementor-col-100 elementor-top-column elementor-element elementor-element-91c86f1\" data-id=\"91c86f1\" data-element_type=\"column\">\n\t\t\t<div class=\"elementor-widget-wrap elementor-element-populated\">\n\t\t\t\t\t\t<div class=\"elementor-element elementor-element-cb78a4b elementor-widget elementor-widget-image\" data-id=\"cb78a4b\" data-element_type=\"widget\" data-widget_type=\"image.default\">\n\t\t\t\t<div class=\"elementor-widget-container\">\n\t\t\t\t\t\t\t\t\t\t\t\t\t\t\t<img fetchpriority=\"high\" decoding=\"async\" width=\"800\" height=\"450\" src=\"https:\/\/i0.wp.com\/ena-kinouest.net\/wp-content\/uploads\/2025\/10\/action-de-grace-aine-kin-ouest.jpg?fit=800%2C450&amp;ssl=1\" class=\"attachment-large size-large wp-image-670\" alt=\"\" srcset=\"https:\/\/i0.wp.com\/ena-kinouest.net\/wp-content\/uploads\/2025\/10\/action-de-grace-aine-kin-ouest.jpg?w=2560&amp;ssl=1 2560w, https:\/\/i0.wp.com\/ena-kinouest.net\/wp-content\/uploads\/2025\/10\/action-de-grace-aine-kin-ouest.jpg?resize=300%2C169&amp;ssl=1 300w, https:\/\/i0.wp.com\/ena-kinouest.net\/wp-content\/uploads\/2025\/10\/action-de-grace-aine-kin-ouest.jpg?resize=1024%2C576&amp;ssl=1 1024w, https:\/\/i0.wp.com\/ena-kinouest.net\/wp-content\/uploads\/2025\/10\/action-de-grace-aine-kin-ouest.jpg?resize=768%2C432&amp;ssl=1 768w, https:\/\/i0.wp.com\/ena-kinouest.net\/wp-content\/uploads\/2025\/10\/action-de-grace-aine-kin-ouest.jpg?resize=1536%2C864&amp;ssl=1 1536w, https:\/\/i0.wp.com\/ena-kinouest.net\/wp-content\/uploads\/2025\/10\/action-de-grace-aine-kin-ouest.jpg?resize=2048%2C1152&amp;ssl=1 2048w, https:\/\/i0.wp.com\/ena-kinouest.net\/wp-content\/uploads\/2025\/10\/action-de-grace-aine-kin-ouest.jpg?w=1600&amp;ssl=1 1600w, https:\/\/i0.wp.com\/ena-kinouest.net\/wp-content\/uploads\/2025\/10\/action-de-grace-aine-kin-ouest.jpg?w=2400&amp;ssl=1 2400w\" sizes=\"(max-width: 800px) 100vw, 800px\" \/>\t\t\t\t\t\t\t\t\t\t\t\t\t\t\t<\/div>\n\t\t\t\t<\/div>\n\t\t\t\t\t<\/div>\n\t\t<\/div>\n\t\t\t\t\t<\/div>\n\t\t<\/section>\n\t\t\t\t<section class=\"elementor-section elementor-top-section elementor-element elementor-element-61b5c4e elementor-section-boxed elementor-section-height-default elementor-section-height-default\" data-id=\"61b5c4e\" data-element_type=\"section\">\n\t\t\t\t\t\t<div class=\"elementor-container elementor-column-gap-default\">\n\t\t\t\t\t<div class=\"elementor-column elementor-col-100 elementor-top-column elementor-element elementor-element-5956c3f\" data-id=\"5956c3f\" data-element_type=\"column\">\n\t\t\t<div class=\"elementor-widget-wrap elementor-element-populated\">\n\t\t\t\t\t\t<div class=\"elementor-element elementor-element-a98f7f2 elementor-widget elementor-widget-heading\" data-id=\"a98f7f2\" data-element_type=\"widget\" data-widget_type=\"heading.default\">\n\t\t\t\t<div class=\"elementor-widget-container\">\n\t\t\t\t\t<h2 class=\"elementor-heading-title elementor-size-default\">Une f\u00eate v\u00e9cue autrement<\/h2>\t\t\t\t<\/div>\n\t\t\t\t<\/div>\n\t\t\t\t\t<\/div>\n\t\t<\/div>\n\t\t\t\t\t<\/div>\n\t\t<\/section>\n\t\t\t\t<section class=\"elementor-section elementor-top-section elementor-element elementor-element-7e97310 elementor-section-boxed elementor-section-height-default elementor-section-height-default\" data-id=\"7e97310\" data-element_type=\"section\">\n\t\t\t\t\t\t<div class=\"elementor-container elementor-column-gap-default\">\n\t\t\t\t\t<div class=\"elementor-column elementor-col-100 elementor-top-column elementor-element elementor-element-744a3b8\" data-id=\"744a3b8\" data-element_type=\"column\">\n\t\t\t<div class=\"elementor-widget-wrap elementor-element-populated\">\n\t\t\t\t\t\t<div class=\"elementor-element elementor-element-cb2e87a elementor-widget elementor-widget-text-editor\" data-id=\"cb2e87a\" data-element_type=\"widget\" data-widget_type=\"text-editor.default\">\n\t\t\t\t<div class=\"elementor-widget-container\">\n\t\t\t\t\t\t\t\t\t<p>Chaque ann\u00e9e, la f\u00eate d\u2019actions de ar\u00e2ce est marqu\u00e9e par des autels magnifiquement d\u00e9cor\u00e9s. Fleurs, fruits, l\u00e9gumes, c\u00e9r\u00e9ales et produits de la terre y symbolisent la reconnaissance du peuple de Dieu pour les b\u00e9n\u00e9dictions re\u00e7ues.<\/p>\t\t\t\t\t\t\t\t<\/div>\n\t\t\t\t<\/div>\n\t\t\t\t\t<\/div>\n\t\t<\/div>\n\t\t\t\t\t<\/div>\n\t\t<\/section>\n\t\t\t\t<section class=\"elementor-section elementor-top-section elementor-element elementor-element-8400afa elementor-section-boxed elementor-section-height-default elementor-section-height-default\" data-id=\"8400afa\" data-element_type=\"section\">\n\t\t\t\t\t\t<div class=\"elementor-container elementor-column-gap-default\">\n\t\t\t\t\t<div class=\"elementor-column elementor-col-100 elementor-top-column elementor-element elementor-element-906f550\" data-id=\"906f550\" data-element_type=\"column\">\n\t\t\t<div class=\"elementor-widget-wrap elementor-element-populated\">\n\t\t\t\t\t\t<div class=\"elementor-element elementor-element-df647de elementor-widget elementor-widget-text-editor\" data-id=\"df647de\" data-element_type=\"widget\" data-widget_type=\"text-editor.default\">\n\t\t\t\t<div class=\"elementor-widget-container\">\n\t\t\t\t\t\t\t\t\t<p>Traditionnellement, ces dons sont redistribu\u00e9s aux membres de la communaut\u00e9 apr\u00e8s le service divin. Mais en cette ann\u00e9e 2025, une instruction particuli\u00e8re a \u00e9t\u00e9 donn\u00e9e : ces biens de la terre devaient \u00eatre partag\u00e9s avec les a\u00een\u00e9s, ces piliers souvent invisibles mais essentiels de la foi.<\/p>\t\t\t\t\t\t\t\t<\/div>\n\t\t\t\t<\/div>\n\t\t\t\t\t<\/div>\n\t\t<\/div>\n\t\t\t\t\t<\/div>\n\t\t<\/section>\n\t\t\t\t<section class=\"elementor-section elementor-top-section elementor-element elementor-element-b490590 elementor-section-boxed elementor-section-height-default elementor-section-height-default\" data-id=\"b490590\" data-element_type=\"section\">\n\t\t\t\t\t\t<div class=\"elementor-container elementor-column-gap-default\">\n\t\t\t\t\t<div class=\"elementor-column elementor-col-100 elementor-top-column elementor-element elementor-element-868141e\" data-id=\"868141e\" data-element_type=\"column\">\n\t\t\t<div class=\"elementor-widget-wrap elementor-element-populated\">\n\t\t\t\t\t\t<div class=\"elementor-element elementor-element-bd63171 elementor-widget elementor-widget-image\" data-id=\"bd63171\" data-element_type=\"widget\" data-widget_type=\"image.default\">\n\t\t\t\t<div class=\"elementor-widget-container\">\n\t\t\t\t\t\t\t\t\t\t\t\t\t\t\t<img decoding=\"async\" width=\"800\" height=\"600\" src=\"https:\/\/i0.wp.com\/ena-kinouest.net\/wp-content\/uploads\/2025\/10\/apd-mukinda-ap-mbuyi-ouest.jpg?fit=800%2C600&amp;ssl=1\" class=\"attachment-large size-large wp-image-672\" alt=\"\" srcset=\"https:\/\/i0.wp.com\/ena-kinouest.net\/wp-content\/uploads\/2025\/10\/apd-mukinda-ap-mbuyi-ouest.jpg?w=2100&amp;ssl=1 2100w, https:\/\/i0.wp.com\/ena-kinouest.net\/wp-content\/uploads\/2025\/10\/apd-mukinda-ap-mbuyi-ouest.jpg?resize=300%2C225&amp;ssl=1 300w, https:\/\/i0.wp.com\/ena-kinouest.net\/wp-content\/uploads\/2025\/10\/apd-mukinda-ap-mbuyi-ouest.jpg?resize=1024%2C768&amp;ssl=1 1024w, https:\/\/i0.wp.com\/ena-kinouest.net\/wp-content\/uploads\/2025\/10\/apd-mukinda-ap-mbuyi-ouest.jpg?resize=768%2C576&amp;ssl=1 768w, https:\/\/i0.wp.com\/ena-kinouest.net\/wp-content\/uploads\/2025\/10\/apd-mukinda-ap-mbuyi-ouest.jpg?resize=1536%2C1152&amp;ssl=1 1536w, https:\/\/i0.wp.com\/ena-kinouest.net\/wp-content\/uploads\/2025\/10\/apd-mukinda-ap-mbuyi-ouest.jpg?resize=2048%2C1536&amp;ssl=1 2048w, https:\/\/i0.wp.com\/ena-kinouest.net\/wp-content\/uploads\/2025\/10\/apd-mukinda-ap-mbuyi-ouest.jpg?w=1600&amp;ssl=1 1600w\" sizes=\"(max-width: 800px) 100vw, 800px\" \/>\t\t\t\t\t\t\t\t\t\t\t\t\t\t\t<\/div>\n\t\t\t\t<\/div>\n\t\t\t\t\t<\/div>\n\t\t<\/div>\n\t\t\t\t\t<\/div>\n\t\t<\/section>\n\t\t\t\t<section class=\"elementor-section elementor-top-section elementor-element elementor-element-81101d2 elementor-section-boxed elementor-section-height-default elementor-section-height-default\" data-id=\"81101d2\" data-element_type=\"section\">\n\t\t\t\t\t\t<div class=\"elementor-container elementor-column-gap-default\">\n\t\t\t\t\t<div class=\"elementor-column elementor-col-100 elementor-top-column elementor-element elementor-element-d3a55de\" data-id=\"d3a55de\" data-element_type=\"column\">\n\t\t\t<div class=\"elementor-widget-wrap elementor-element-populated\">\n\t\t\t\t\t\t<div class=\"elementor-element elementor-element-48c583d elementor-widget elementor-widget-heading\" data-id=\"48c583d\" data-element_type=\"widget\" data-widget_type=\"heading.default\">\n\t\t\t\t<div class=\"elementor-widget-container\">\n\t\t\t\t\t<h2 class=\"elementor-heading-title elementor-size-default\">Des fruits, mais surtout du r\u00e9confort<\/h2>\t\t\t\t<\/div>\n\t\t\t\t<\/div>\n\t\t\t\t\t<\/div>\n\t\t<\/div>\n\t\t\t\t\t<\/div>\n\t\t<\/section>\n\t\t\t\t<section class=\"elementor-section elementor-top-section elementor-element elementor-element-82a27db elementor-section-boxed elementor-section-height-default elementor-section-height-default\" data-id=\"82a27db\" data-element_type=\"section\">\n\t\t\t\t\t\t<div class=\"elementor-container elementor-column-gap-default\">\n\t\t\t\t\t<div class=\"elementor-column elementor-col-100 elementor-top-column elementor-element elementor-element-98d165e\" data-id=\"98d165e\" data-element_type=\"column\">\n\t\t\t<div class=\"elementor-widget-wrap elementor-element-populated\">\n\t\t\t\t\t\t<div class=\"elementor-element elementor-element-f265219 elementor-widget elementor-widget-text-editor\" data-id=\"f265219\" data-element_type=\"widget\" data-widget_type=\"text-editor.default\">\n\t\t\t\t<div class=\"elementor-widget-container\">\n\t\t\t\t\t\t\t\t\t<p>L\u2019Ap\u00f4tre de district et sa d\u00e9l\u00e9gation, <span style=\"font-size: 1rem;\">apr\u00e8s le service divin d&rsquo;actions de gr\u00e2ce \u00e0 la communaut\u00e9 Golf,<\/span><span style=\"font-size: 1rem;\">\u00a0ont ainsi rendu visite \u00e0 trois a\u00een\u00e9s \u00e2g\u00e9s et souffrants qui n\u2019ont pas pu participer au service divin. Dans une atmosph\u00e8re simple et empreinte de tendresse, ils ont apport\u00e9 des fruits, mais surtout des pri\u00e8res, des mots de r\u00e9confort et la pr\u00e9sence fraternelle de l\u2019\u00c9glise.<\/span><\/p>\t\t\t\t\t\t\t\t<\/div>\n\t\t\t\t<\/div>\n\t\t\t\t\t<\/div>\n\t\t<\/div>\n\t\t\t\t\t<\/div>\n\t\t<\/section>\n\t\t\t\t<section class=\"elementor-section elementor-top-section elementor-element elementor-element-0a4bdbc elementor-section-boxed elementor-section-height-default elementor-section-height-default\" data-id=\"0a4bdbc\" data-element_type=\"section\">\n\t\t\t\t\t\t<div class=\"elementor-container elementor-column-gap-default\">\n\t\t\t\t\t<div class=\"elementor-column elementor-col-100 elementor-top-column elementor-element elementor-element-ba2edf1\" data-id=\"ba2edf1\" data-element_type=\"column\">\n\t\t\t<div class=\"elementor-widget-wrap elementor-element-populated\">\n\t\t\t\t\t\t<div class=\"elementor-element elementor-element-2e33ede elementor-widget elementor-widget-text-editor\" data-id=\"2e33ede\" data-element_type=\"widget\" data-widget_type=\"text-editor.default\">\n\t\t\t\t<div class=\"elementor-widget-container\">\n\t\t\t\t\t\t\t\t\t<p>Les familles ont accueilli la d\u00e9l\u00e9gation avec une joie palpable. Les visages se sont illumin\u00e9s, les regards se sont charg\u00e9s d\u2019\u00e9motion. Ce moment a \u00e9t\u00e9 bien plus qu\u2019une distribution de dons : une communion vivante, une offrande d\u2019amour partag\u00e9e \u00e0 domicile.<\/p>\t\t\t\t\t\t\t\t<\/div>\n\t\t\t\t<\/div>\n\t\t\t\t\t<\/div>\n\t\t<\/div>\n\t\t\t\t\t<\/div>\n\t\t<\/section>\n\t\t\t\t<section class=\"elementor-section elementor-top-section elementor-element elementor-element-baf9222 elementor-section-boxed elementor-section-height-default elementor-section-height-default\" data-id=\"baf9222\" data-element_type=\"section\">\n\t\t\t\t\t\t<div class=\"elementor-container elementor-column-gap-default\">\n\t\t\t\t\t<div class=\"elementor-column elementor-col-100 elementor-top-column elementor-element elementor-element-04c8050\" data-id=\"04c8050\" data-element_type=\"column\">\n\t\t\t<div class=\"elementor-widget-wrap elementor-element-populated\">\n\t\t\t\t\t\t<div class=\"elementor-element elementor-element-9625c1d elementor-widget elementor-widget-heading\" data-id=\"9625c1d\" data-element_type=\"widget\" data-widget_type=\"heading.default\">\n\t\t\t\t<div class=\"elementor-widget-container\">\n\t\t\t\t\t<h2 class=\"elementor-heading-title elementor-size-default\">Un message de c\u0153ur<\/h2>\t\t\t\t<\/div>\n\t\t\t\t<\/div>\n\t\t\t\t\t<\/div>\n\t\t<\/div>\n\t\t\t\t\t<\/div>\n\t\t<\/section>\n\t\t\t\t<section class=\"elementor-section elementor-top-section elementor-element elementor-element-e305dd4 elementor-section-boxed elementor-section-height-default elementor-section-height-default\" data-id=\"e305dd4\" data-element_type=\"section\">\n\t\t\t\t\t\t<div class=\"elementor-container elementor-column-gap-default\">\n\t\t\t\t\t<div class=\"elementor-column elementor-col-100 elementor-top-column elementor-element elementor-element-2f3002c\" data-id=\"2f3002c\" data-element_type=\"column\">\n\t\t\t<div class=\"elementor-widget-wrap elementor-element-populated\">\n\t\t\t\t\t\t<div class=\"elementor-element elementor-element-dde7065 elementor-widget elementor-widget-text-editor\" data-id=\"dde7065\" data-element_type=\"widget\" data-widget_type=\"text-editor.default\">\n\t\t\t\t<div class=\"elementor-widget-container\">\n\t\t\t\t\t\t\t\t\t<p>\u00c0 travers ce geste, l\u2019\u00c9glise rappelle que la reconnaissance ne s\u2019exprime pas seulement \u00e0 l\u2019autel, mais aussi dans l\u2019attention port\u00e9e \u00e0 l\u2019autre.<\/p><p>Les a\u00een\u00e9s, souvent absents des c\u00e9l\u00e9brations pour raison de sant\u00e9, demeurent au c\u0153ur de la communaut\u00e9 : ils sont la m\u00e9moire vivante de la foi, des pri\u00e8res et des sacrifices d\u2019hier.<\/p>\t\t\t\t\t\t\t\t<\/div>\n\t\t\t\t<\/div>\n\t\t\t\t\t<\/div>\n\t\t<\/div>\n\t\t\t\t\t<\/div>\n\t\t<\/section>\n\t\t\t\t<\/div>\n\t\t","protected":false},"excerpt":{"rendered":"<p>Le dimanche 05 octobre 2025, alors que les fid\u00e8les du monde entier c\u00e9l\u00e9braient le service divin d\u2019actions de gr\u00e2ce, une belle page de fraternit\u00e9 s\u2019est \u00e9crite dans le champ apostolique de Kinshasa-Ouest. Sous la conduite de l\u2019ap\u00f4tre de district \u00c9lie Mukinda, accompagn\u00e9 de l\u2019ap\u00f4tre Olivier Mbuyi, responsable du champ de Kinshasa Ouest, une visite pleine [&hellip;]<\/p>\n","protected":false},"author":1,"featured_media":670,"comment_status":"open","ping_status":"open","sticky":false,"template":"","format":"standard","meta":{"_jetpack_memberships_contains_paid_content":false,"footnotes":""},"categories":[16,24],"tags":[],"class_list":["post-664","post","type-post","status-publish","format-standard","has-post-thumbnail","hentry","category-apotre-de-district","category-kin-ouest"],"yoast_head":"<!-- This site is optimized with the Yoast SEO plugin v25.3.1 - https:\/\/yoast.com\/wordpress\/plugins\/seo\/ -->\n<title>Actions de gr\u00e2ce 2025 : les a\u00een\u00e9s \u00e0 l\u2019honneur - Eglise N\u00e9o-Apostolique Kinshasa Ouest<\/title>\n<meta name=\"description\" content=\"Lors de la f\u00eate d\u2019actions de gr\u00e2ce 2025, l\u2019ap\u00f4tre de district \u00c9lie Mukinda et l\u2019ap\u00f4tre Olivier Mbuyi ont honor\u00e9 trois a\u00een\u00e9s du camp Lufungula avec des fruits et des pri\u00e8res.\" \/>\n<meta name=\"robots\" content=\"index, follow, max-snippet:-1, max-image-preview:large, max-video-preview:-1\" \/>\n<link rel=\"canonical\" href=\"https:\/\/ena-kinouest.net\/index.php\/2025\/10\/14\/action-grace-aines\/\" \/>\n<meta property=\"og:locale\" content=\"fr_FR\" \/>\n<meta property=\"og:type\" content=\"article\" \/>\n<meta property=\"og:title\" content=\"Actions de gr\u00e2ce 2025 : les a\u00een\u00e9s \u00e0 l\u2019honneur - Eglise N\u00e9o-Apostolique Kinshasa Ouest\" \/>\n<meta property=\"og:description\" content=\"Lors de la f\u00eate d\u2019actions de gr\u00e2ce 2025, l\u2019ap\u00f4tre de district \u00c9lie Mukinda et l\u2019ap\u00f4tre Olivier Mbuyi ont honor\u00e9 trois a\u00een\u00e9s du camp Lufungula avec des fruits et des pri\u00e8res.\" \/>\n<meta property=\"og:url\" content=\"https:\/\/ena-kinouest.net\/index.php\/2025\/10\/14\/action-grace-aines\/\" \/>\n<meta property=\"og:site_name\" content=\"Eglise N\u00e9o-Apostolique Kinshasa Ouest\" \/>\n<meta property=\"article:publisher\" content=\"https:\/\/web.facebook.com\/enardcouest\" \/>\n<meta property=\"article:published_time\" content=\"2025-10-14T19:48:28+00:00\" \/>\n<meta property=\"article:modified_time\" content=\"2025-10-14T19:50:51+00:00\" \/>\n<meta property=\"og:image\" content=\"https:\/\/ena-kinouest.net\/wp-content\/uploads\/2025\/10\/action-de-grace-aine-kin-ouest.jpg\" \/>\n\t<meta property=\"og:image:width\" content=\"2560\" \/>\n\t<meta property=\"og:image:height\" content=\"1440\" \/>\n\t<meta property=\"og:image:type\" content=\"image\/jpeg\" \/>\n<meta name=\"author\" content=\"Richard Ndambo\" \/>\n<meta name=\"twitter:card\" content=\"summary_large_image\" \/>\n<meta name=\"twitter:label1\" content=\"\u00c9crit par\" \/>\n\t<meta name=\"twitter:data1\" content=\"Richard Ndambo\" \/>\n\t<meta name=\"twitter:label2\" content=\"Dur\u00e9e de lecture estim\u00e9e\" \/>\n\t<meta name=\"twitter:data2\" content=\"3 minutes\" \/>\n<script type=\"application\/ld+json\" class=\"yoast-schema-graph\">{\"@context\":\"https:\/\/schema.org\",\"@graph\":[{\"@type\":\"Article\",\"@id\":\"https:\/\/ena-kinouest.net\/index.php\/2025\/10\/14\/action-grace-aines\/#article\",\"isPartOf\":{\"@id\":\"https:\/\/ena-kinouest.net\/index.php\/2025\/10\/14\/action-grace-aines\/\"},\"author\":{\"name\":\"Richard Ndambo\",\"@id\":\"https:\/\/ena-kinouest.net\/#\/schema\/person\/f7334ed5e23ccc9abd2568d6259181a8\"},\"headline\":\"Actions de gr\u00e2ce 2025 : les a\u00een\u00e9s \u00e0 l\u2019honneur\",\"datePublished\":\"2025-10-14T19:48:28+00:00\",\"dateModified\":\"2025-10-14T19:50:51+00:00\",\"mainEntityOfPage\":{\"@id\":\"https:\/\/ena-kinouest.net\/index.php\/2025\/10\/14\/action-grace-aines\/\"},\"wordCount\":407,\"commentCount\":0,\"publisher\":{\"@id\":\"https:\/\/ena-kinouest.net\/#organization\"},\"image\":{\"@id\":\"https:\/\/ena-kinouest.net\/index.php\/2025\/10\/14\/action-grace-aines\/#primaryimage\"},\"thumbnailUrl\":\"https:\/\/i0.wp.com\/ena-kinouest.net\/wp-content\/uploads\/2025\/10\/action-de-grace-aine-kin-ouest.jpg?fit=2560%2C1440&ssl=1\",\"articleSection\":[\"ap\u00f4tre de district\",\"Kin-Ouest\"],\"inLanguage\":\"fr-FR\",\"potentialAction\":[{\"@type\":\"CommentAction\",\"name\":\"Comment\",\"target\":[\"https:\/\/ena-kinouest.net\/index.php\/2025\/10\/14\/action-grace-aines\/#respond\"]}]},{\"@type\":\"WebPage\",\"@id\":\"https:\/\/ena-kinouest.net\/index.php\/2025\/10\/14\/action-grace-aines\/\",\"url\":\"https:\/\/ena-kinouest.net\/index.php\/2025\/10\/14\/action-grace-aines\/\",\"name\":\"Actions de gr\u00e2ce 2025 : les a\u00een\u00e9s \u00e0 l\u2019honneur - Eglise N\u00e9o-Apostolique Kinshasa Ouest\",\"isPartOf\":{\"@id\":\"https:\/\/ena-kinouest.net\/#website\"},\"primaryImageOfPage\":{\"@id\":\"https:\/\/ena-kinouest.net\/index.php\/2025\/10\/14\/action-grace-aines\/#primaryimage\"},\"image\":{\"@id\":\"https:\/\/ena-kinouest.net\/index.php\/2025\/10\/14\/action-grace-aines\/#primaryimage\"},\"thumbnailUrl\":\"https:\/\/i0.wp.com\/ena-kinouest.net\/wp-content\/uploads\/2025\/10\/action-de-grace-aine-kin-ouest.jpg?fit=2560%2C1440&ssl=1\",\"datePublished\":\"2025-10-14T19:48:28+00:00\",\"dateModified\":\"2025-10-14T19:50:51+00:00\",\"description\":\"Lors de la f\u00eate d\u2019actions de gr\u00e2ce 2025, l\u2019ap\u00f4tre de district \u00c9lie Mukinda et l\u2019ap\u00f4tre Olivier Mbuyi ont honor\u00e9 trois a\u00een\u00e9s du camp Lufungula avec des fruits et des pri\u00e8res.\",\"breadcrumb\":{\"@id\":\"https:\/\/ena-kinouest.net\/index.php\/2025\/10\/14\/action-grace-aines\/#breadcrumb\"},\"inLanguage\":\"fr-FR\",\"potentialAction\":[{\"@type\":\"ReadAction\",\"target\":[\"https:\/\/ena-kinouest.net\/index.php\/2025\/10\/14\/action-grace-aines\/\"]}]},{\"@type\":\"ImageObject\",\"inLanguage\":\"fr-FR\",\"@id\":\"https:\/\/ena-kinouest.net\/index.php\/2025\/10\/14\/action-grace-aines\/#primaryimage\",\"url\":\"https:\/\/i0.wp.com\/ena-kinouest.net\/wp-content\/uploads\/2025\/10\/action-de-grace-aine-kin-ouest.jpg?fit=2560%2C1440&ssl=1\",\"contentUrl\":\"https:\/\/i0.wp.com\/ena-kinouest.net\/wp-content\/uploads\/2025\/10\/action-de-grace-aine-kin-ouest.jpg?fit=2560%2C1440&ssl=1\",\"width\":2560,\"height\":1440},{\"@type\":\"BreadcrumbList\",\"@id\":\"https:\/\/ena-kinouest.net\/index.php\/2025\/10\/14\/action-grace-aines\/#breadcrumb\",\"itemListElement\":[{\"@type\":\"ListItem\",\"position\":1,\"name\":\"Accueil\",\"item\":\"https:\/\/ena-kinouest.net\/\"},{\"@type\":\"ListItem\",\"position\":2,\"name\":\"Actions de gr\u00e2ce 2025 : les a\u00een\u00e9s \u00e0 l\u2019honneur\"}]},{\"@type\":\"WebSite\",\"@id\":\"https:\/\/ena-kinouest.net\/#website\",\"url\":\"https:\/\/ena-kinouest.net\/\",\"name\":\"Eglise N\u00e9o-Apostolique Kinshasa Ouest\",\"description\":\"\",\"publisher\":{\"@id\":\"https:\/\/ena-kinouest.net\/#organization\"},\"alternateName\":\"ENA Kin-Ouest\",\"potentialAction\":[{\"@type\":\"SearchAction\",\"target\":{\"@type\":\"EntryPoint\",\"urlTemplate\":\"https:\/\/ena-kinouest.net\/?s={search_term_string}\"},\"query-input\":{\"@type\":\"PropertyValueSpecification\",\"valueRequired\":true,\"valueName\":\"search_term_string\"}}],\"inLanguage\":\"fr-FR\"},{\"@type\":\"Organization\",\"@id\":\"https:\/\/ena-kinouest.net\/#organization\",\"name\":\"Eglise N\u00e9o-Apostolique Kinshasa Ouest\",\"url\":\"https:\/\/ena-kinouest.net\/\",\"logo\":{\"@type\":\"ImageObject\",\"inLanguage\":\"fr-FR\",\"@id\":\"https:\/\/ena-kinouest.net\/#\/schema\/logo\/image\/\",\"url\":\"https:\/\/ena-kinouest.net\/wp-content\/uploads\/2023\/06\/Nak_logo.svg\",\"contentUrl\":\"https:\/\/ena-kinouest.net\/wp-content\/uploads\/2023\/06\/Nak_logo.svg\",\"width\":1493,\"height\":1491,\"caption\":\"Eglise N\u00e9o-Apostolique Kinshasa Ouest\"},\"image\":{\"@id\":\"https:\/\/ena-kinouest.net\/#\/schema\/logo\/image\/\"},\"sameAs\":[\"https:\/\/web.facebook.com\/enardcouest\",\"https:\/\/www.youtube.com\/@egliseneo-apostoliquekin-o4002\"]},{\"@type\":\"Person\",\"@id\":\"https:\/\/ena-kinouest.net\/#\/schema\/person\/f7334ed5e23ccc9abd2568d6259181a8\",\"name\":\"Richard Ndambo\",\"image\":{\"@type\":\"ImageObject\",\"inLanguage\":\"fr-FR\",\"@id\":\"https:\/\/ena-kinouest.net\/#\/schema\/person\/image\/\",\"url\":\"https:\/\/secure.gravatar.com\/avatar\/c6d701f2601c5305f8f43857230b2d8c2a589cb3e8df57744a048d17f21f7868?s=96&d=mm&r=g\",\"contentUrl\":\"https:\/\/secure.gravatar.com\/avatar\/c6d701f2601c5305f8f43857230b2d8c2a589cb3e8df57744a048d17f21f7868?s=96&d=mm&r=g\",\"caption\":\"Richard Ndambo\"},\"sameAs\":[\"https:\/\/ena-kinouest.net\"],\"url\":\"https:\/\/ena-kinouest.net\/index.php\/author\/rndambo\/\"}]}<\/script>\n<!-- \/ Yoast SEO plugin. -->","yoast_head_json":{"title":"Actions de gr\u00e2ce 2025 : les a\u00een\u00e9s \u00e0 l\u2019honneur - Eglise N\u00e9o-Apostolique Kinshasa Ouest","description":"Lors de la f\u00eate d\u2019actions de gr\u00e2ce 2025, l\u2019ap\u00f4tre de district \u00c9lie Mukinda et l\u2019ap\u00f4tre Olivier Mbuyi ont honor\u00e9 trois a\u00een\u00e9s du camp Lufungula avec des fruits et des pri\u00e8res.","robots":{"index":"index","follow":"follow","max-snippet":"max-snippet:-1","max-image-preview":"max-image-preview:large","max-video-preview":"max-video-preview:-1"},"canonical":"https:\/\/ena-kinouest.net\/index.php\/2025\/10\/14\/action-grace-aines\/","og_locale":"fr_FR","og_type":"article","og_title":"Actions de gr\u00e2ce 2025 : les a\u00een\u00e9s \u00e0 l\u2019honneur - Eglise N\u00e9o-Apostolique Kinshasa Ouest","og_description":"Lors de la f\u00eate d\u2019actions de gr\u00e2ce 2025, l\u2019ap\u00f4tre de district \u00c9lie Mukinda et l\u2019ap\u00f4tre Olivier Mbuyi ont honor\u00e9 trois a\u00een\u00e9s du camp Lufungula avec des fruits et des pri\u00e8res.","og_url":"https:\/\/ena-kinouest.net\/index.php\/2025\/10\/14\/action-grace-aines\/","og_site_name":"Eglise N\u00e9o-Apostolique Kinshasa Ouest","article_publisher":"https:\/\/web.facebook.com\/enardcouest","article_published_time":"2025-10-14T19:48:28+00:00","article_modified_time":"2025-10-14T19:50:51+00:00","og_image":[{"width":2560,"height":1440,"url":"https:\/\/ena-kinouest.net\/wp-content\/uploads\/2025\/10\/action-de-grace-aine-kin-ouest.jpg","type":"image\/jpeg"}],"author":"Richard Ndambo","twitter_card":"summary_large_image","twitter_misc":{"\u00c9crit par":"Richard Ndambo","Dur\u00e9e de lecture estim\u00e9e":"3 minutes"},"schema":{"@context":"https:\/\/schema.org","@graph":[{"@type":"Article","@id":"https:\/\/ena-kinouest.net\/index.php\/2025\/10\/14\/action-grace-aines\/#article","isPartOf":{"@id":"https:\/\/ena-kinouest.net\/index.php\/2025\/10\/14\/action-grace-aines\/"},"author":{"name":"Richard Ndambo","@id":"https:\/\/ena-kinouest.net\/#\/schema\/person\/f7334ed5e23ccc9abd2568d6259181a8"},"headline":"Actions de gr\u00e2ce 2025 : les a\u00een\u00e9s \u00e0 l\u2019honneur","datePublished":"2025-10-14T19:48:28+00:00","dateModified":"2025-10-14T19:50:51+00:00","mainEntityOfPage":{"@id":"https:\/\/ena-kinouest.net\/index.php\/2025\/10\/14\/action-grace-aines\/"},"wordCount":407,"commentCount":0,"publisher":{"@id":"https:\/\/ena-kinouest.net\/#organization"},"image":{"@id":"https:\/\/ena-kinouest.net\/index.php\/2025\/10\/14\/action-grace-aines\/#primaryimage"},"thumbnailUrl":"https:\/\/i0.wp.com\/ena-kinouest.net\/wp-content\/uploads\/2025\/10\/action-de-grace-aine-kin-ouest.jpg?fit=2560%2C1440&ssl=1","articleSection":["ap\u00f4tre de district","Kin-Ouest"],"inLanguage":"fr-FR","potentialAction":[{"@type":"CommentAction","name":"Comment","target":["https:\/\/ena-kinouest.net\/index.php\/2025\/10\/14\/action-grace-aines\/#respond"]}]},{"@type":"WebPage","@id":"https:\/\/ena-kinouest.net\/index.php\/2025\/10\/14\/action-grace-aines\/","url":"https:\/\/ena-kinouest.net\/index.php\/2025\/10\/14\/action-grace-aines\/","name":"Actions de gr\u00e2ce 2025 : les a\u00een\u00e9s \u00e0 l\u2019honneur - Eglise N\u00e9o-Apostolique Kinshasa Ouest","isPartOf":{"@id":"https:\/\/ena-kinouest.net\/#website"},"primaryImageOfPage":{"@id":"https:\/\/ena-kinouest.net\/index.php\/2025\/10\/14\/action-grace-aines\/#primaryimage"},"image":{"@id":"https:\/\/ena-kinouest.net\/index.php\/2025\/10\/14\/action-grace-aines\/#primaryimage"},"thumbnailUrl":"https:\/\/i0.wp.com\/ena-kinouest.net\/wp-content\/uploads\/2025\/10\/action-de-grace-aine-kin-ouest.jpg?fit=2560%2C1440&ssl=1","datePublished":"2025-10-14T19:48:28+00:00","dateModified":"2025-10-14T19:50:51+00:00","description":"Lors de la f\u00eate d\u2019actions de gr\u00e2ce 2025, l\u2019ap\u00f4tre de district \u00c9lie Mukinda et l\u2019ap\u00f4tre Olivier Mbuyi ont honor\u00e9 trois a\u00een\u00e9s du camp Lufungula avec des fruits et des pri\u00e8res.","breadcrumb":{"@id":"https:\/\/ena-kinouest.net\/index.php\/2025\/10\/14\/action-grace-aines\/#breadcrumb"},"inLanguage":"fr-FR","potentialAction":[{"@type":"ReadAction","target":["https:\/\/ena-kinouest.net\/index.php\/2025\/10\/14\/action-grace-aines\/"]}]},{"@type":"ImageObject","inLanguage":"fr-FR","@id":"https:\/\/ena-kinouest.net\/index.php\/2025\/10\/14\/action-grace-aines\/#primaryimage","url":"https:\/\/i0.wp.com\/ena-kinouest.net\/wp-content\/uploads\/2025\/10\/action-de-grace-aine-kin-ouest.jpg?fit=2560%2C1440&ssl=1","contentUrl":"https:\/\/i0.wp.com\/ena-kinouest.net\/wp-content\/uploads\/2025\/10\/action-de-grace-aine-kin-ouest.jpg?fit=2560%2C1440&ssl=1","width":2560,"height":1440},{"@type":"BreadcrumbList","@id":"https:\/\/ena-kinouest.net\/index.php\/2025\/10\/14\/action-grace-aines\/#breadcrumb","itemListElement":[{"@type":"ListItem","position":1,"name":"Accueil","item":"https:\/\/ena-kinouest.net\/"},{"@type":"ListItem","position":2,"name":"Actions de gr\u00e2ce 2025 : les a\u00een\u00e9s \u00e0 l\u2019honneur"}]},{"@type":"WebSite","@id":"https:\/\/ena-kinouest.net\/#website","url":"https:\/\/ena-kinouest.net\/","name":"Eglise N\u00e9o-Apostolique Kinshasa Ouest","description":"","publisher":{"@id":"https:\/\/ena-kinouest.net\/#organization"},"alternateName":"ENA Kin-Ouest","potentialAction":[{"@type":"SearchAction","target":{"@type":"EntryPoint","urlTemplate":"https:\/\/ena-kinouest.net\/?s={search_term_string}"},"query-input":{"@type":"PropertyValueSpecification","valueRequired":true,"valueName":"search_term_string"}}],"inLanguage":"fr-FR"},{"@type":"Organization","@id":"https:\/\/ena-kinouest.net\/#organization","name":"Eglise N\u00e9o-Apostolique Kinshasa Ouest","url":"https:\/\/ena-kinouest.net\/","logo":{"@type":"ImageObject","inLanguage":"fr-FR","@id":"https:\/\/ena-kinouest.net\/#\/schema\/logo\/image\/","url":"https:\/\/ena-kinouest.net\/wp-content\/uploads\/2023\/06\/Nak_logo.svg","contentUrl":"https:\/\/ena-kinouest.net\/wp-content\/uploads\/2023\/06\/Nak_logo.svg","width":1493,"height":1491,"caption":"Eglise N\u00e9o-Apostolique Kinshasa Ouest"},"image":{"@id":"https:\/\/ena-kinouest.net\/#\/schema\/logo\/image\/"},"sameAs":["https:\/\/web.facebook.com\/enardcouest","https:\/\/www.youtube.com\/@egliseneo-apostoliquekin-o4002"]},{"@type":"Person","@id":"https:\/\/ena-kinouest.net\/#\/schema\/person\/f7334ed5e23ccc9abd2568d6259181a8","name":"Richard Ndambo","image":{"@type":"ImageObject","inLanguage":"fr-FR","@id":"https:\/\/ena-kinouest.net\/#\/schema\/person\/image\/","url":"https:\/\/secure.gravatar.com\/avatar\/c6d701f2601c5305f8f43857230b2d8c2a589cb3e8df57744a048d17f21f7868?s=96&d=mm&r=g","contentUrl":"https:\/\/secure.gravatar.com\/avatar\/c6d701f2601c5305f8f43857230b2d8c2a589cb3e8df57744a048d17f21f7868?s=96&d=mm&r=g","caption":"Richard Ndambo"},"sameAs":["https:\/\/ena-kinouest.net"],"url":"https:\/\/ena-kinouest.net\/index.php\/author\/rndambo\/"}]}},"jetpack_featured_media_url":"https:\/\/i0.wp.com\/ena-kinouest.net\/wp-content\/uploads\/2025\/10\/action-de-grace-aine-kin-ouest.jpg?fit=2560%2C1440&ssl=1","jetpack-related-posts":[],"jetpack_sharing_enabled":true,"_links":{"self":[{"href":"https:\/\/ena-kinouest.net\/index.php\/wp-json\/wp\/v2\/posts\/664","targetHints":{"allow":["GET"]}}],"collection":[{"href":"https:\/\/ena-kinouest.net\/index.php\/wp-json\/wp\/v2\/posts"}],"about":[{"href":"https:\/\/ena-kinouest.net\/index.php\/wp-json\/wp\/v2\/types\/post"}],"author":[{"embeddable":true,"href":"https:\/\/ena-kinouest.net\/index.php\/wp-json\/wp\/v2\/users\/1"}],"replies":[{"embeddable":true,"href":"https:\/\/ena-kinouest.net\/index.php\/wp-json\/wp\/v2\/comments?post=664"}],"version-history":[{"count":11,"href":"https:\/\/ena-kinouest.net\/index.php\/wp-json\/wp\/v2\/posts\/664\/revisions"}],"predecessor-version":[{"id":678,"href":"https:\/\/ena-kinouest.net\/index.php\/wp-json\/wp\/v2\/posts\/664\/revisions\/678"}],"wp:featuredmedia":[{"embeddable":true,"href":"https:\/\/ena-kinouest.net\/index.php\/wp-json\/wp\/v2\/media\/670"}],"wp:attachment":[{"href":"https:\/\/ena-kinouest.net\/index.php\/wp-json\/wp\/v2\/media?parent=664"}],"wp:term":[{"taxonomy":"category","embeddable":true,"href":"https:\/\/ena-kinouest.net\/index.php\/wp-json\/wp\/v2\/categories?post=664"},{"taxonomy":"post_tag","embeddable":true,"href":"https:\/\/ena-kinouest.net\/index.php\/wp-json\/wp\/v2\/tags?post=664"}],"curies":[{"name":"wp","href":"https:\/\/api.w.org\/{rel}","templated":true}]}}