{"id":737,"date":"2025-12-29T23:06:21","date_gmt":"2025-12-29T22:06:21","guid":{"rendered":"https:\/\/ena-kinouest.net\/?p=737"},"modified":"2025-12-30T08:34:52","modified_gmt":"2025-12-30T07:34:52","slug":"une-question-forte-adressee-a-la-jeunesse-de-kinshasa-ouest","status":"publish","type":"post","link":"https:\/\/ena-kinouest.net\/index.php\/2025\/12\/29\/une-question-forte-adressee-a-la-jeunesse-de-kinshasa-ouest\/","title":{"rendered":"Une question forte adress\u00e9e \u00e0 la jeunesse de Kinshasa Ouest"},"content":{"rendered":"\t\t<div data-elementor-type=\"wp-post\" data-elementor-id=\"737\" class=\"elementor elementor-737\">\n\t\t\t\t\t\t<section class=\"elementor-section elementor-top-section elementor-element elementor-element-783b9e4c elementor-section-boxed elementor-section-height-default elementor-section-height-default\" data-id=\"783b9e4c\" data-element_type=\"section\">\n\t\t\t\t\t\t<div class=\"elementor-container elementor-column-gap-default\">\n\t\t\t\t\t<div class=\"elementor-column elementor-col-100 elementor-top-column elementor-element elementor-element-5524d9a6\" data-id=\"5524d9a6\" data-element_type=\"column\">\n\t\t\t<div class=\"elementor-widget-wrap elementor-element-populated\">\n\t\t\t\t\t\t<div class=\"elementor-element elementor-element-5a3b7b81 elementor-widget elementor-widget-text-editor\" data-id=\"5a3b7b81\" data-element_type=\"widget\" data-widget_type=\"text-editor.default\">\n\t\t\t\t<div class=\"elementor-widget-container\">\n\t\t\t\t\t\t\t\t\t<p><strong>\u00ab O\u00f9 es-tu ? \u00bb Une question simple en apparence, mais profond\u00e9ment interpellatrice. C\u2019est elle qui a servi de fil conducteur au message de Dieu apport\u00e9 par l\u2019ap\u00f4tre Olivier Mbuyi aux jeunes de son champ apostolique. Ils \u00e9taient plus de 1 000, venus de tout <a href=\"http:\/\/www.enardc-ouest.org\/page.php?page=champ\">Kinshasa Ouest<\/a>, \u00e0 prendre part au dernier service divin de l\u2019ann\u00e9e qui leur \u00e9tait sp\u00e9cialement d\u00e9di\u00e9.<\/strong><\/p>\t\t\t\t\t\t\t\t<\/div>\n\t\t\t\t<\/div>\n\t\t\t\t\t<\/div>\n\t\t<\/div>\n\t\t\t\t\t<\/div>\n\t\t<\/section>\n\t\t\t\t<section class=\"elementor-section elementor-top-section elementor-element elementor-element-e83b744 elementor-section-boxed elementor-section-height-default elementor-section-height-default\" data-id=\"e83b744\" data-element_type=\"section\">\n\t\t\t\t\t\t<div class=\"elementor-container elementor-column-gap-default\">\n\t\t\t\t\t<div class=\"elementor-column elementor-col-100 elementor-top-column elementor-element elementor-element-0a74156\" data-id=\"0a74156\" data-element_type=\"column\">\n\t\t\t<div class=\"elementor-widget-wrap elementor-element-populated\">\n\t\t\t\t\t\t<div class=\"elementor-element elementor-element-223ffa2 elementor-widget elementor-widget-text-editor\" data-id=\"223ffa2\" data-element_type=\"widget\" data-widget_type=\"text-editor.default\">\n\t\t\t\t<div class=\"elementor-widget-container\">\n\t\t\t\t\t\t\t\t\t<p><em>R\u00e9cit de: Emergeur BATSHIMA<\/em><\/p>\t\t\t\t\t\t\t\t<\/div>\n\t\t\t\t<\/div>\n\t\t\t\t\t<\/div>\n\t\t<\/div>\n\t\t\t\t\t<\/div>\n\t\t<\/section>\n\t\t\t\t<section class=\"elementor-section elementor-top-section elementor-element elementor-element-751b01d elementor-section-boxed elementor-section-height-default elementor-section-height-default\" data-id=\"751b01d\" data-element_type=\"section\">\n\t\t\t\t\t\t<div class=\"elementor-container elementor-column-gap-default\">\n\t\t\t\t\t<div class=\"elementor-column elementor-col-100 elementor-top-column elementor-element elementor-element-9d1951d\" data-id=\"9d1951d\" data-element_type=\"column\">\n\t\t\t<div class=\"elementor-widget-wrap elementor-element-populated\">\n\t\t\t\t\t\t<div class=\"elementor-element elementor-element-ad594c8 elementor-widget elementor-widget-image\" data-id=\"ad594c8\" data-element_type=\"widget\" data-widget_type=\"image.default\">\n\t\t\t\t<div class=\"elementor-widget-container\">\n\t\t\t\t\t\t\t\t\t\t\t\t\t\t\t<img fetchpriority=\"high\" decoding=\"async\" width=\"800\" height=\"534\" src=\"https:\/\/i0.wp.com\/ena-kinouest.net\/wp-content\/uploads\/2025\/12\/1-apotre-olivier-mbuyi-Golf-jeunesse-kin-ouest.jpeg?fit=800%2C534&amp;ssl=1\" class=\"attachment-large size-large wp-image-739\" alt=\"\" srcset=\"https:\/\/i0.wp.com\/ena-kinouest.net\/wp-content\/uploads\/2025\/12\/1-apotre-olivier-mbuyi-Golf-jeunesse-kin-ouest.jpeg?w=1080&amp;ssl=1 1080w, https:\/\/i0.wp.com\/ena-kinouest.net\/wp-content\/uploads\/2025\/12\/1-apotre-olivier-mbuyi-Golf-jeunesse-kin-ouest.jpeg?resize=300%2C200&amp;ssl=1 300w, https:\/\/i0.wp.com\/ena-kinouest.net\/wp-content\/uploads\/2025\/12\/1-apotre-olivier-mbuyi-Golf-jeunesse-kin-ouest.jpeg?resize=1024%2C683&amp;ssl=1 1024w, https:\/\/i0.wp.com\/ena-kinouest.net\/wp-content\/uploads\/2025\/12\/1-apotre-olivier-mbuyi-Golf-jeunesse-kin-ouest.jpeg?resize=768%2C512&amp;ssl=1 768w\" sizes=\"(max-width: 800px) 100vw, 800px\" \/>\t\t\t\t\t\t\t\t\t\t\t\t\t\t\t<\/div>\n\t\t\t\t<\/div>\n\t\t\t\t\t<\/div>\n\t\t<\/div>\n\t\t\t\t\t<\/div>\n\t\t<\/section>\n\t\t\t\t<section class=\"elementor-section elementor-top-section elementor-element elementor-element-6df5511 elementor-section-boxed elementor-section-height-default elementor-section-height-default\" data-id=\"6df5511\" data-element_type=\"section\">\n\t\t\t\t\t\t<div class=\"elementor-container elementor-column-gap-default\">\n\t\t\t\t\t<div class=\"elementor-column elementor-col-100 elementor-top-column elementor-element elementor-element-71352d0\" data-id=\"71352d0\" data-element_type=\"column\">\n\t\t\t<div class=\"elementor-widget-wrap elementor-element-populated\">\n\t\t\t\t\t\t<div class=\"elementor-element elementor-element-8348bff elementor-widget elementor-widget-text-editor\" data-id=\"8348bff\" data-element_type=\"widget\" data-widget_type=\"text-editor.default\">\n\t\t\t\t<div class=\"elementor-widget-container\">\n\t\t\t\t\t\t\t\t\t<p>L\u2019histoire est bien connue. Apr\u00e8s la d\u00e9sob\u00e9issance dans le jardin d\u2019\u00c9den, l\u2019homme se retrouve \u00e9loign\u00e9 de Dieu. Remplis de peur et de honte, l\u2019homme et la femme se cachent. Pourtant, malgr\u00e9 la chute dans le p\u00e9ch\u00e9, Dieu prend Lui-m\u00eame l\u2019initiative d\u2019appeler l\u2019homme en lui posant cette question fondamentale : \u00ab O\u00f9 es-tu ? \u00bb<\/p>\t\t\t\t\t\t\t\t<\/div>\n\t\t\t\t<\/div>\n\t\t\t\t\t<\/div>\n\t\t<\/div>\n\t\t\t\t\t<\/div>\n\t\t<\/section>\n\t\t\t\t<section class=\"elementor-section elementor-top-section elementor-element elementor-element-40aa7ce elementor-section-boxed elementor-section-height-default elementor-section-height-default\" data-id=\"40aa7ce\" data-element_type=\"section\">\n\t\t\t\t\t\t<div class=\"elementor-container elementor-column-gap-default\">\n\t\t\t\t\t<div class=\"elementor-column elementor-col-100 elementor-top-column elementor-element elementor-element-d44220a\" data-id=\"d44220a\" data-element_type=\"column\">\n\t\t\t<div class=\"elementor-widget-wrap elementor-element-populated\">\n\t\t\t\t\t\t<div class=\"elementor-element elementor-element-9a45cad elementor-widget elementor-widget-text-editor\" data-id=\"9a45cad\" data-element_type=\"widget\" data-widget_type=\"text-editor.default\">\n\t\t\t\t<div class=\"elementor-widget-container\">\n\t\t\t\t\t\t\t\t\t<p>Ce r\u00e9cit est rapport\u00e9 au chapitre 3 du livre de la Gen\u00e8se. C\u2019est pr\u00e9cis\u00e9ment au verset 9, o\u00f9 se trouve cette question interpellatrice de Dieu adress\u00e9e \u00e0 l\u2019homme, que l<a href=\"https:\/\/nak.org\/fr\/db\/22199\/Bekanntmachungen\/Die-neuen-Apostel-im-Kongo\">\u2019ap\u00f4tre Olivier Mbuyi<\/a> a puis\u00e9 le texte biblique de base de ce service divin d\u00e9di\u00e9 \u00e0 la jeunesse de Kinshasa Ouest.<\/p>\t\t\t\t\t\t\t\t<\/div>\n\t\t\t\t<\/div>\n\t\t\t\t\t<\/div>\n\t\t<\/div>\n\t\t\t\t\t<\/div>\n\t\t<\/section>\n\t\t\t\t<section class=\"elementor-section elementor-top-section elementor-element elementor-element-ea91da6 elementor-section-boxed elementor-section-height-default elementor-section-height-default\" data-id=\"ea91da6\" data-element_type=\"section\">\n\t\t\t\t\t\t<div class=\"elementor-container elementor-column-gap-default\">\n\t\t\t\t\t<div class=\"elementor-column elementor-col-100 elementor-top-column elementor-element elementor-element-c39ee32\" data-id=\"c39ee32\" data-element_type=\"column\">\n\t\t\t<div class=\"elementor-widget-wrap elementor-element-populated\">\n\t\t\t\t\t\t<div class=\"elementor-element elementor-element-b0f11a6 elementor-widget elementor-widget-heading\" data-id=\"b0f11a6\" data-element_type=\"widget\" data-widget_type=\"heading.default\">\n\t\t\t\t<div class=\"elementor-widget-container\">\n\t\t\t\t\t<h2 class=\"elementor-heading-title elementor-size-default\">Les questions qui d\u00e9tournent de Dieu<\/h2>\t\t\t\t<\/div>\n\t\t\t\t<\/div>\n\t\t\t\t\t<\/div>\n\t\t<\/div>\n\t\t\t\t\t<\/div>\n\t\t<\/section>\n\t\t\t\t<section class=\"elementor-section elementor-top-section elementor-element elementor-element-e9a70ca elementor-section-boxed elementor-section-height-default elementor-section-height-default\" data-id=\"e9a70ca\" data-element_type=\"section\">\n\t\t\t\t\t\t<div class=\"elementor-container elementor-column-gap-default\">\n\t\t\t\t\t<div class=\"elementor-column elementor-col-100 elementor-top-column elementor-element elementor-element-e8366a9\" data-id=\"e8366a9\" data-element_type=\"column\">\n\t\t\t<div class=\"elementor-widget-wrap elementor-element-populated\">\n\t\t\t\t\t\t<div class=\"elementor-element elementor-element-f420e8c elementor-widget elementor-widget-text-editor\" data-id=\"f420e8c\" data-element_type=\"widget\" data-widget_type=\"text-editor.default\">\n\t\t\t\t<div class=\"elementor-widget-container\">\n\t\t\t\t\t\t\t\t\t<p>Avant la chute dans le p\u00e9ch\u00e9, la Bible relate la m\u00e9thode employ\u00e9e par le diable pour tromper la femme : \u00ab Dieu a-t-il r\u00e9ellement dit : Vous ne mangerez pas de tous les arbres du jardin ? \u00bb Une question destin\u00e9e \u00e0 semer le doute et \u00e0 amener la femme \u00e0 remettre en cause la parole de Dieu.<\/p>\t\t\t\t\t\t\t\t<\/div>\n\t\t\t\t<\/div>\n\t\t\t\t\t<\/div>\n\t\t<\/div>\n\t\t\t\t\t<\/div>\n\t\t<\/section>\n\t\t\t\t<section class=\"elementor-section elementor-top-section elementor-element elementor-element-aee0528 elementor-section-boxed elementor-section-height-default elementor-section-height-default\" data-id=\"aee0528\" data-element_type=\"section\">\n\t\t\t\t\t\t<div class=\"elementor-container elementor-column-gap-default\">\n\t\t\t\t\t<div class=\"elementor-column elementor-col-100 elementor-top-column elementor-element elementor-element-89bf248\" data-id=\"89bf248\" data-element_type=\"column\">\n\t\t\t<div class=\"elementor-widget-wrap elementor-element-populated\">\n\t\t\t\t\t\t<div class=\"elementor-element elementor-element-98982eb elementor-widget elementor-widget-text-editor\" data-id=\"98982eb\" data-element_type=\"widget\" data-widget_type=\"text-editor.default\">\n\t\t\t\t<div class=\"elementor-widget-container\">\n\t\t\t\t\t\t\t\t\t<p>Les questions du diable ne sont jamais innocentes. Elles visent \u00e0 troubler, s\u00e9duire et d\u00e9tourner l\u2019homme de la voie de Dieu. Aujourd\u2019hui encore, ces questions prennent diff\u00e9rentes formes. Elles cherchent \u00e0 \u00e9branler notre confiance en Dieu, notre foi dans les v\u00e9rit\u00e9s de l\u2019\u00c9vangile, notre attachement \u00e0 l\u2019apostolat et notre esp\u00e9rance dans le retour proche de J\u00e9sus-Christ.<\/p>\t\t\t\t\t\t\t\t<\/div>\n\t\t\t\t<\/div>\n\t\t\t\t\t<\/div>\n\t\t<\/div>\n\t\t\t\t\t<\/div>\n\t\t<\/section>\n\t\t\t\t<section class=\"elementor-section elementor-top-section elementor-element elementor-element-550adf2 elementor-section-boxed elementor-section-height-default elementor-section-height-default\" data-id=\"550adf2\" data-element_type=\"section\">\n\t\t\t\t\t\t<div class=\"elementor-container elementor-column-gap-default\">\n\t\t\t\t\t<div class=\"elementor-column elementor-col-100 elementor-top-column elementor-element elementor-element-2d1cd2a\" data-id=\"2d1cd2a\" data-element_type=\"column\">\n\t\t\t<div class=\"elementor-widget-wrap elementor-element-populated\">\n\t\t\t\t\t\t<div class=\"elementor-element elementor-element-9545f5d elementor-widget elementor-widget-text-editor\" data-id=\"9545f5d\" data-element_type=\"widget\" data-widget_type=\"text-editor.default\">\n\t\t\t\t<div class=\"elementor-widget-container\">\n\t\t\t\t\t\t\t\t\t<p>Elles proviennent parfois de nos familles, de notre entourage ou encore des r\u00e9seaux sociaux. Ces derniers, s\u2019ils sont mal utilis\u00e9s, peuvent devenir des canaux de comparaison, de pression et de doute spirituel. L\u2019ap\u00f4tre a ainsi exhort\u00e9 la jeunesse n\u00e9o-apostolique \u00e0 une utilisation responsable de ces outils : ce qu\u2019un jeune regarde, ce qu\u2019il \u00e9coute, ce qu\u2019il partage et le temps qu\u2019il y consacre fa\u00e7onnent progressivement son c\u0153ur et sa foi. Le r\u00e9seau social ne doit donc pas \u00eatre un lieu o\u00f9 la foi se dilue, mais un espace o\u00f9 l\u2019identit\u00e9 chr\u00e9tienne s\u2019exprime avec discernement et responsabilit\u00e9.<\/p>\t\t\t\t\t\t\t\t<\/div>\n\t\t\t\t<\/div>\n\t\t\t\t\t<\/div>\n\t\t<\/div>\n\t\t\t\t\t<\/div>\n\t\t<\/section>\n\t\t\t\t<section class=\"elementor-section elementor-top-section elementor-element elementor-element-5ac4892 elementor-section-boxed elementor-section-height-default elementor-section-height-default\" data-id=\"5ac4892\" data-element_type=\"section\">\n\t\t\t\t\t\t<div class=\"elementor-container elementor-column-gap-default\">\n\t\t\t\t\t<div class=\"elementor-column elementor-col-100 elementor-top-column elementor-element elementor-element-b1e0b6b\" data-id=\"b1e0b6b\" data-element_type=\"column\">\n\t\t\t<div class=\"elementor-widget-wrap elementor-element-populated\">\n\t\t\t\t\t\t<div class=\"elementor-element elementor-element-ffb533e elementor-widget elementor-widget-text-editor\" data-id=\"ffb533e\" data-element_type=\"widget\" data-widget_type=\"text-editor.default\">\n\t\t\t\t<div class=\"elementor-widget-container\">\n\t\t\t\t\t\t\t\t\t<p>Les questions s\u00e9ductrices peuvent aussi venir de nous-m\u00eames, \u00e0 travers nos d\u00e9sirs charnels, nos peurs face au pr\u00e9sent ou nos ambitions pour l\u2019avenir. D\u2019o\u00f9 l\u2019invitation pressante de l\u2019homme de Dieu adress\u00e9e aux jeunes \u00e0 ne pas aimer \u00ab le monde, ni les choses qui sont dans le monde \u00bb, car, comme l\u2019\u00e9crit l\u2019ap\u00f4tre Jean, \u00ab tout ce qui est dans le monde \u2014 la convoitise de la chair, la convoitise des yeux et l\u2019orgueil de la vie \u2014 ne vient point du P\u00e8re \u00bb (1 Jean 2:15-16).<\/p>\t\t\t\t\t\t\t\t<\/div>\n\t\t\t\t<\/div>\n\t\t\t\t\t<\/div>\n\t\t<\/div>\n\t\t\t\t\t<\/div>\n\t\t<\/section>\n\t\t\t\t<section class=\"elementor-section elementor-top-section elementor-element elementor-element-bc74d9f elementor-section-boxed elementor-section-height-default elementor-section-height-default\" data-id=\"bc74d9f\" data-element_type=\"section\">\n\t\t\t\t\t\t<div class=\"elementor-container elementor-column-gap-default\">\n\t\t\t\t\t<div class=\"elementor-column elementor-col-100 elementor-top-column elementor-element elementor-element-1252b5d\" data-id=\"1252b5d\" data-element_type=\"column\">\n\t\t\t<div class=\"elementor-widget-wrap elementor-element-populated\">\n\t\t\t\t\t\t<div class=\"elementor-element elementor-element-8257a7a elementor--h-position-center elementor--v-position-middle elementor-arrows-position-inside elementor-pagination-position-inside elementor-widget elementor-widget-slides\" data-id=\"8257a7a\" data-element_type=\"widget\" data-settings=\"{&quot;navigation&quot;:&quot;both&quot;,&quot;autoplay&quot;:&quot;yes&quot;,&quot;pause_on_hover&quot;:&quot;yes&quot;,&quot;pause_on_interaction&quot;:&quot;yes&quot;,&quot;autoplay_speed&quot;:5000,&quot;infinite&quot;:&quot;yes&quot;,&quot;transition&quot;:&quot;slide&quot;,&quot;transition_speed&quot;:500}\" data-widget_type=\"slides.default\">\n\t\t\t\t<div class=\"elementor-widget-container\">\n\t\t\t\t\t\t\t<div class=\"elementor-swiper\">\n\t\t\t<div class=\"elementor-slides-wrapper elementor-main-swiper swiper-container\" dir=\"ltr\" data-animation=\"fadeInUp\">\n\t\t\t\t<div class=\"swiper-wrapper elementor-slides\">\n\t\t\t\t\t\t\t\t\t\t<div class=\"elementor-repeater-item-743e076 swiper-slide\"><div class=\"swiper-slide-bg\"><\/div><div class=\"swiper-slide-inner\" ><div class=\"swiper-slide-contents\"><\/div><\/div><\/div><div class=\"elementor-repeater-item-93c858c swiper-slide\"><div class=\"swiper-slide-bg\"><\/div><div class=\"swiper-slide-inner\" ><div class=\"swiper-slide-contents\"><\/div><\/div><\/div>\t\t\t\t<\/div>\n\t\t\t\t\t\t\t\t\t\t\t\t\t\t\t<div class=\"swiper-pagination\"><\/div>\n\t\t\t\t\t\t\t\t\t\t\t\t\t\t\t\t<div class=\"elementor-swiper-button elementor-swiper-button-prev\">\n\t\t\t\t\t\t\t<i aria-hidden=\"true\" class=\"eicon-chevron-left\"><\/i>\t\t\t\t\t\t\t<span class=\"elementor-screen-only\">Previous<\/span>\n\t\t\t\t\t\t<\/div>\n\t\t\t\t\t\t<div class=\"elementor-swiper-button elementor-swiper-button-next\">\n\t\t\t\t\t\t\t<i aria-hidden=\"true\" class=\"eicon-chevron-right\"><\/i>\t\t\t\t\t\t\t<span class=\"elementor-screen-only\">Next<\/span>\n\t\t\t\t\t\t<\/div>\n\t\t\t\t\t\t\t\t\t\t\t\t<\/div>\n\t\t<\/div>\n\t\t\t\t\t\t<\/div>\n\t\t\t\t<\/div>\n\t\t\t\t\t<\/div>\n\t\t<\/div>\n\t\t\t\t\t<\/div>\n\t\t<\/section>\n\t\t\t\t<section class=\"elementor-section elementor-top-section elementor-element elementor-element-d7f3d97 elementor-section-boxed elementor-section-height-default elementor-section-height-default\" data-id=\"d7f3d97\" data-element_type=\"section\">\n\t\t\t\t\t\t<div class=\"elementor-container elementor-column-gap-default\">\n\t\t\t\t\t<div class=\"elementor-column elementor-col-100 elementor-top-column elementor-element elementor-element-de842dd\" data-id=\"de842dd\" data-element_type=\"column\">\n\t\t\t<div class=\"elementor-widget-wrap elementor-element-populated\">\n\t\t\t\t\t\t<div class=\"elementor-element elementor-element-f1c5338 elementor-widget elementor-widget-heading\" data-id=\"f1c5338\" data-element_type=\"widget\" data-widget_type=\"heading.default\">\n\t\t\t\t<div class=\"elementor-widget-container\">\n\t\t\t\t\t<h2 class=\"elementor-heading-title elementor-size-default\">Les promesses trompeuses du monde face aux merveilles \u00e9ternelles de Dieu<\/h2>\t\t\t\t<\/div>\n\t\t\t\t<\/div>\n\t\t\t\t\t<\/div>\n\t\t<\/div>\n\t\t\t\t\t<\/div>\n\t\t<\/section>\n\t\t\t\t<section class=\"elementor-section elementor-top-section elementor-element elementor-element-f81366a elementor-section-boxed elementor-section-height-default elementor-section-height-default\" data-id=\"f81366a\" data-element_type=\"section\">\n\t\t\t\t\t\t<div class=\"elementor-container elementor-column-gap-default\">\n\t\t\t\t\t<div class=\"elementor-column elementor-col-100 elementor-top-column elementor-element elementor-element-2bdd026\" data-id=\"2bdd026\" data-element_type=\"column\">\n\t\t\t<div class=\"elementor-widget-wrap elementor-element-populated\">\n\t\t\t\t\t\t<div class=\"elementor-element elementor-element-1493daa elementor-widget elementor-widget-text-editor\" data-id=\"1493daa\" data-element_type=\"widget\" data-widget_type=\"text-editor.default\">\n\t\t\t\t<div class=\"elementor-widget-container\">\n\t\t\t\t\t\t\t\t\t<p>La volont\u00e9 de Dieu est de r\u00e9tablir la communion avec l\u2019homme. Mais le diable, comme il l\u2019a fait avec J\u00e9sus-Christ (Matthieu 4), tente de nous s\u00e9duire par des paroles flatteuses afin de nous d\u00e9tourner de notre relation avec notre Cr\u00e9ateur, a rappel\u00e9 l\u2019ap\u00f4tre de J\u00e9sus-Christ.<\/p>\t\t\t\t\t\t\t\t<\/div>\n\t\t\t\t<\/div>\n\t\t\t\t\t<\/div>\n\t\t<\/div>\n\t\t\t\t\t<\/div>\n\t\t<\/section>\n\t\t\t\t<section class=\"elementor-section elementor-top-section elementor-element elementor-element-1f911af elementor-section-boxed elementor-section-height-default elementor-section-height-default\" data-id=\"1f911af\" data-element_type=\"section\">\n\t\t\t\t\t\t<div class=\"elementor-container elementor-column-gap-default\">\n\t\t\t\t\t<div class=\"elementor-column elementor-col-100 elementor-top-column elementor-element elementor-element-9a0e383\" data-id=\"9a0e383\" data-element_type=\"column\">\n\t\t\t<div class=\"elementor-widget-wrap elementor-element-populated\">\n\t\t\t\t\t\t<div class=\"elementor-element elementor-element-492edb4 elementor-widget elementor-widget-text-editor\" data-id=\"492edb4\" data-element_type=\"widget\" data-widget_type=\"text-editor.default\">\n\t\t\t\t<div class=\"elementor-widget-container\">\n\t\t\t\t\t\t\t\t\t<p>Il met en avant les gains apparents, les avantages imm\u00e9diats. Si ce qu\u2019il nous montre, ce qu\u2019il nous promet ou ce qu\u2019il nous fait ressentir nous s\u00e9duit, il obtient alors l\u2019occasion de nous ravir la vie spirituelle, selon cette parole : \u00ab Le voleur ne vient que pour d\u00e9rober, \u00e9gorger et d\u00e9truire \u00bb (Jean 10:10).<\/p>\t\t\t\t\t\t\t\t<\/div>\n\t\t\t\t<\/div>\n\t\t\t\t\t<\/div>\n\t\t<\/div>\n\t\t\t\t\t<\/div>\n\t\t<\/section>\n\t\t\t\t<section class=\"elementor-section elementor-top-section elementor-element elementor-element-ef4fa9c elementor-section-boxed elementor-section-height-default elementor-section-height-default\" data-id=\"ef4fa9c\" data-element_type=\"section\">\n\t\t\t\t\t\t<div class=\"elementor-container elementor-column-gap-default\">\n\t\t\t\t\t<div class=\"elementor-column elementor-col-100 elementor-top-column elementor-element elementor-element-71c461f\" data-id=\"71c461f\" data-element_type=\"column\">\n\t\t\t<div class=\"elementor-widget-wrap elementor-element-populated\">\n\t\t\t\t\t\t<div class=\"elementor-element elementor-element-c1fea6c elementor-widget elementor-widget-text-editor\" data-id=\"c1fea6c\" data-element_type=\"widget\" data-widget_type=\"text-editor.default\">\n\t\t\t\t<div class=\"elementor-widget-container\">\n\t\t\t\t\t\t\t\t\t<p>Le serviteur de Dieu a rappel\u00e9 aux jeunes que ce que Dieu promet est infiniment plus merveilleux que tout ce que le monde peut offrir. Face aux tentations, il a ainsi recommand\u00e9 \u00e0 la jeunesse de son champ apostolique de :<\/p>\t\t\t\t\t\t\t\t<\/div>\n\t\t\t\t<\/div>\n\t\t\t\t\t<\/div>\n\t\t<\/div>\n\t\t\t\t\t<\/div>\n\t\t<\/section>\n\t\t\t\t<section class=\"elementor-section elementor-top-section elementor-element elementor-element-d4411c5 elementor-section-boxed elementor-section-height-default elementor-section-height-default\" data-id=\"d4411c5\" data-element_type=\"section\">\n\t\t\t\t\t\t<div class=\"elementor-container elementor-column-gap-default\">\n\t\t\t\t\t<div class=\"elementor-column elementor-col-100 elementor-top-column elementor-element elementor-element-e664c89\" data-id=\"e664c89\" data-element_type=\"column\">\n\t\t\t<div class=\"elementor-widget-wrap elementor-element-populated\">\n\t\t\t\t\t\t<div class=\"elementor-element elementor-element-50e8a68 elementor-widget elementor-widget-text-editor\" data-id=\"50e8a68\" data-element_type=\"widget\" data-widget_type=\"text-editor.default\">\n\t\t\t\t<div class=\"elementor-widget-container\">\n\t\t\t\t\t\t\t\t\t<ul><li>Se r\u00e9f\u00e9rer constamment \u00e0 la parole de Dieu dans la Bible, \u00e0 l\u2019exemple de J\u00e9sus-Christ lors de la tentation ;<\/li><li>\u00c9couter les orientations des serviteurs que Dieu a \u00e9tablis aupr\u00e8s d\u2019eux ;<\/li><li>Imiter la conduite de ceux qui craignent Dieu dans leur environnement.<\/li><\/ul>\t\t\t\t\t\t\t\t<\/div>\n\t\t\t\t<\/div>\n\t\t\t\t\t<\/div>\n\t\t<\/div>\n\t\t\t\t\t<\/div>\n\t\t<\/section>\n\t\t\t\t<section class=\"elementor-section elementor-top-section elementor-element elementor-element-3e87ddf elementor-section-boxed elementor-section-height-default elementor-section-height-default\" data-id=\"3e87ddf\" data-element_type=\"section\">\n\t\t\t\t\t\t<div class=\"elementor-container elementor-column-gap-default\">\n\t\t\t\t\t<div class=\"elementor-column elementor-col-100 elementor-top-column elementor-element elementor-element-5a48906\" data-id=\"5a48906\" data-element_type=\"column\">\n\t\t\t<div class=\"elementor-widget-wrap elementor-element-populated\">\n\t\t\t\t\t\t<div class=\"elementor-element elementor-element-6dfeec6 elementor--h-position-center elementor--v-position-middle elementor-arrows-position-inside elementor-pagination-position-inside elementor-widget elementor-widget-slides\" data-id=\"6dfeec6\" data-element_type=\"widget\" data-settings=\"{&quot;navigation&quot;:&quot;both&quot;,&quot;autoplay&quot;:&quot;yes&quot;,&quot;pause_on_hover&quot;:&quot;yes&quot;,&quot;pause_on_interaction&quot;:&quot;yes&quot;,&quot;autoplay_speed&quot;:5000,&quot;infinite&quot;:&quot;yes&quot;,&quot;transition&quot;:&quot;slide&quot;,&quot;transition_speed&quot;:500}\" data-widget_type=\"slides.default\">\n\t\t\t\t<div class=\"elementor-widget-container\">\n\t\t\t\t\t\t\t<div class=\"elementor-swiper\">\n\t\t\t<div class=\"elementor-slides-wrapper elementor-main-swiper swiper-container\" dir=\"ltr\" data-animation=\"fadeInUp\">\n\t\t\t\t<div class=\"swiper-wrapper elementor-slides\">\n\t\t\t\t\t\t\t\t\t\t<div class=\"elementor-repeater-item-7c39822 swiper-slide\"><div class=\"swiper-slide-bg\"><\/div><div class=\"swiper-slide-inner\" ><div class=\"swiper-slide-contents\"><\/div><\/div><\/div><div class=\"elementor-repeater-item-a228736 swiper-slide\"><div class=\"swiper-slide-bg\"><\/div><div class=\"swiper-slide-inner\" ><div class=\"swiper-slide-contents\"><\/div><\/div><\/div>\t\t\t\t<\/div>\n\t\t\t\t\t\t\t\t\t\t\t\t\t\t\t<div class=\"swiper-pagination\"><\/div>\n\t\t\t\t\t\t\t\t\t\t\t\t\t\t\t\t<div class=\"elementor-swiper-button elementor-swiper-button-prev\">\n\t\t\t\t\t\t\t<i aria-hidden=\"true\" class=\"eicon-chevron-left\"><\/i>\t\t\t\t\t\t\t<span class=\"elementor-screen-only\">Previous<\/span>\n\t\t\t\t\t\t<\/div>\n\t\t\t\t\t\t<div class=\"elementor-swiper-button elementor-swiper-button-next\">\n\t\t\t\t\t\t\t<i aria-hidden=\"true\" class=\"eicon-chevron-right\"><\/i>\t\t\t\t\t\t\t<span class=\"elementor-screen-only\">Next<\/span>\n\t\t\t\t\t\t<\/div>\n\t\t\t\t\t\t\t\t\t\t\t\t<\/div>\n\t\t<\/div>\n\t\t\t\t\t\t<\/div>\n\t\t\t\t<\/div>\n\t\t\t\t\t<\/div>\n\t\t<\/div>\n\t\t\t\t\t<\/div>\n\t\t<\/section>\n\t\t\t\t<section class=\"elementor-section elementor-top-section elementor-element elementor-element-7726c50 elementor-section-boxed elementor-section-height-default elementor-section-height-default\" data-id=\"7726c50\" data-element_type=\"section\">\n\t\t\t\t\t\t<div class=\"elementor-container elementor-column-gap-default\">\n\t\t\t\t\t<div class=\"elementor-column elementor-col-100 elementor-top-column elementor-element elementor-element-b3ad0ee\" data-id=\"b3ad0ee\" data-element_type=\"column\">\n\t\t\t<div class=\"elementor-widget-wrap elementor-element-populated\">\n\t\t\t\t\t\t<div class=\"elementor-element elementor-element-1db1e36 elementor-widget elementor-widget-heading\" data-id=\"1db1e36\" data-element_type=\"widget\" data-widget_type=\"heading.default\">\n\t\t\t\t<div class=\"elementor-widget-container\">\n\t\t\t\t\t<h2 class=\"elementor-heading-title elementor-size-default\">Jeune, o\u00f9 es-tu ?<\/h2>\t\t\t\t<\/div>\n\t\t\t\t<\/div>\n\t\t\t\t\t<\/div>\n\t\t<\/div>\n\t\t\t\t\t<\/div>\n\t\t<\/section>\n\t\t\t\t<section class=\"elementor-section elementor-top-section elementor-element elementor-element-e9deca2 elementor-section-boxed elementor-section-height-default elementor-section-height-default\" data-id=\"e9deca2\" data-element_type=\"section\">\n\t\t\t\t\t\t<div class=\"elementor-container elementor-column-gap-default\">\n\t\t\t\t\t<div class=\"elementor-column elementor-col-100 elementor-top-column elementor-element elementor-element-40f3288\" data-id=\"40f3288\" data-element_type=\"column\">\n\t\t\t<div class=\"elementor-widget-wrap elementor-element-populated\">\n\t\t\t\t\t\t<div class=\"elementor-element elementor-element-21d2fcc elementor-widget elementor-widget-text-editor\" data-id=\"21d2fcc\" data-element_type=\"widget\" data-widget_type=\"text-editor.default\">\n\t\t\t\t<div class=\"elementor-widget-container\">\n\t\t\t\t\t\t\t\t\t<p>\u00ab \u00c0 quoi servira-t-il \u00e0 un jeune de gagner le monde s\u2019il perd son \u00e2me ? \u00bb C\u2019est par cette question que l\u2019ap\u00f4tre Olivier Mbuyi a interpell\u00e9 son auditoire. Il a exhort\u00e9 la jeunesse \u00e0 ne pas placer les d\u00e9sirs de la chair au m\u00eame niveau que la foi et la vie \u00e9ternelle.<\/p>\t\t\t\t\t\t\t\t<\/div>\n\t\t\t\t<\/div>\n\t\t\t\t\t<\/div>\n\t\t<\/div>\n\t\t\t\t\t<\/div>\n\t\t<\/section>\n\t\t\t\t<section class=\"elementor-section elementor-top-section elementor-element elementor-element-ee843a1 elementor-section-boxed elementor-section-height-default elementor-section-height-default\" data-id=\"ee843a1\" data-element_type=\"section\">\n\t\t\t\t\t\t<div class=\"elementor-container elementor-column-gap-default\">\n\t\t\t\t\t<div class=\"elementor-column elementor-col-100 elementor-top-column elementor-element elementor-element-5352fdb\" data-id=\"5352fdb\" data-element_type=\"column\">\n\t\t\t<div class=\"elementor-widget-wrap elementor-element-populated\">\n\t\t\t\t\t\t<div class=\"elementor-element elementor-element-ffd5605 elementor-widget elementor-widget-text-editor\" data-id=\"ffd5605\" data-element_type=\"widget\" data-widget_type=\"text-editor.default\">\n\t\t\t\t<div class=\"elementor-widget-container\">\n\t\t\t\t\t\t\t\t\t<p>Ainsi, lorsque la question \u00ab O\u00f9 es-tu ? \u00bb leur sera \u00e9galement pos\u00e9e, le jeune pourra r\u00e9pondre avec assurance \u00ab\u00a0Je suis toujours dans l\u2019\u0153uvre de Dieu\u00a0\u00bb :<\/p>\t\t\t\t\t\t\t\t<\/div>\n\t\t\t\t<\/div>\n\t\t\t\t\t<\/div>\n\t\t<\/div>\n\t\t\t\t\t<\/div>\n\t\t<\/section>\n\t\t\t\t<section class=\"elementor-section elementor-top-section elementor-element elementor-element-668ee89 elementor-section-boxed elementor-section-height-default elementor-section-height-default\" data-id=\"668ee89\" data-element_type=\"section\">\n\t\t\t\t\t\t<div class=\"elementor-container elementor-column-gap-default\">\n\t\t\t\t\t<div class=\"elementor-column elementor-col-100 elementor-top-column elementor-element elementor-element-4b9606c\" data-id=\"4b9606c\" data-element_type=\"column\">\n\t\t\t<div class=\"elementor-widget-wrap elementor-element-populated\">\n\t\t\t\t\t\t<div class=\"elementor-element elementor-element-01e7e8f elementor-widget elementor-widget-text-editor\" data-id=\"01e7e8f\" data-element_type=\"widget\" data-widget_type=\"text-editor.default\">\n\t\t\t\t<div class=\"elementor-widget-container\">\n\t\t\t\t\t\t\t\t\t<ul><li>Debout dans la foi, convaincu plus que jamais que le retour de J\u00e9sus est proche ;<\/li><li>Engag\u00e9 dans l\u2019\u00e9vang\u00e9lisation de mon entourage et dans la pastorale au sein de ma communaut\u00e9 ;<\/li><li>D\u00e9vou\u00e9 au travail, afin de subvenir dignement \u00e0 mes besoins et \u00e0 ceux de ma communaut\u00e9.<\/li><\/ul>\t\t\t\t\t\t\t\t<\/div>\n\t\t\t\t<\/div>\n\t\t\t\t\t<\/div>\n\t\t<\/div>\n\t\t\t\t\t<\/div>\n\t\t<\/section>\n\t\t\t\t<section class=\"elementor-section elementor-top-section elementor-element elementor-element-da4302f elementor-section-boxed elementor-section-height-default elementor-section-height-default\" data-id=\"da4302f\" data-element_type=\"section\">\n\t\t\t\t\t\t<div class=\"elementor-container elementor-column-gap-default\">\n\t\t\t\t\t<div class=\"elementor-column elementor-col-100 elementor-top-column elementor-element elementor-element-6b1bb33\" data-id=\"6b1bb33\" data-element_type=\"column\">\n\t\t\t<div class=\"elementor-widget-wrap elementor-element-populated\">\n\t\t\t\t\t\t<div class=\"elementor-element elementor-element-61f9f3f elementor-widget elementor-widget-text-editor\" data-id=\"61f9f3f\" data-element_type=\"widget\" data-widget_type=\"text-editor.default\">\n\t\t\t\t<div class=\"elementor-widget-container\">\n\t\t\t\t\t\t\t\t\t<p>Et toi, quelle sera ta r\u00e9ponse \u00e0 Dieu s\u2019Il te pose aujourd\u2019hui les questions : \u00ab O\u00f9 es-tu ? \u00bb et \u00ab Que fais-tu ? \u00bb<\/p>\t\t\t\t\t\t\t\t<\/div>\n\t\t\t\t<\/div>\n\t\t\t\t\t<\/div>\n\t\t<\/div>\n\t\t\t\t\t<\/div>\n\t\t<\/section>\n\t\t\t\t<\/div>\n\t\t","protected":false},"excerpt":{"rendered":"<p>\u00ab O\u00f9 es-tu ? \u00bb Une question simple en apparence, mais profond\u00e9ment interpellatrice. C\u2019est elle qui a servi de fil conducteur au message de Dieu apport\u00e9 par l\u2019ap\u00f4tre Olivier Mbuyi aux jeunes de son champ apostolique. Ils \u00e9taient plus de 1 000, venus de tout Kinshasa Ouest, \u00e0 prendre part au dernier service divin de [&hellip;]<\/p>\n","protected":false},"author":1,"featured_media":739,"comment_status":"open","ping_status":"open","sticky":false,"template":"","format":"standard","meta":{"_jetpack_memberships_contains_paid_content":false,"footnotes":""},"categories":[12,24],"tags":[],"class_list":["post-737","post","type-post","status-publish","format-standard","has-post-thumbnail","hentry","category-jeunesse","category-kin-ouest"],"yoast_head":"<!-- This site is optimized with the Yoast SEO plugin v25.3.1 - https:\/\/yoast.com\/wordpress\/plugins\/seo\/ -->\n<title>Une question forte adress\u00e9e \u00e0 la jeunesse de Kinshasa Ouest - Eglise N\u00e9o-Apostolique Kinshasa Ouest<\/title>\n<meta name=\"robots\" content=\"index, follow, max-snippet:-1, max-image-preview:large, max-video-preview:-1\" \/>\n<link rel=\"canonical\" href=\"https:\/\/ena-kinouest.net\/index.php\/2025\/12\/29\/une-question-forte-adressee-a-la-jeunesse-de-kinshasa-ouest\/\" \/>\n<meta property=\"og:locale\" content=\"fr_FR\" \/>\n<meta property=\"og:type\" content=\"article\" \/>\n<meta property=\"og:title\" content=\"Une question forte adress\u00e9e \u00e0 la jeunesse de Kinshasa Ouest - Eglise N\u00e9o-Apostolique Kinshasa Ouest\" \/>\n<meta property=\"og:description\" content=\"\u00ab O\u00f9 es-tu ? \u00bb Une question simple en apparence, mais profond\u00e9ment interpellatrice. C\u2019est elle qui a servi de fil conducteur au message de Dieu apport\u00e9 par l\u2019ap\u00f4tre Olivier Mbuyi aux jeunes de son champ apostolique. Ils \u00e9taient plus de 1 000, venus de tout Kinshasa Ouest, \u00e0 prendre part au dernier service divin de [&hellip;]\" \/>\n<meta property=\"og:url\" content=\"https:\/\/ena-kinouest.net\/index.php\/2025\/12\/29\/une-question-forte-adressee-a-la-jeunesse-de-kinshasa-ouest\/\" \/>\n<meta property=\"og:site_name\" content=\"Eglise N\u00e9o-Apostolique Kinshasa Ouest\" \/>\n<meta property=\"article:publisher\" content=\"https:\/\/web.facebook.com\/enardcouest\" \/>\n<meta property=\"article:published_time\" content=\"2025-12-29T22:06:21+00:00\" \/>\n<meta property=\"article:modified_time\" content=\"2025-12-30T07:34:52+00:00\" \/>\n<meta property=\"og:image\" content=\"https:\/\/ena-kinouest.net\/wp-content\/uploads\/2025\/12\/1-apotre-olivier-mbuyi-Golf-jeunesse-kin-ouest.jpeg\" \/>\n\t<meta property=\"og:image:width\" content=\"1080\" \/>\n\t<meta property=\"og:image:height\" content=\"720\" \/>\n\t<meta property=\"og:image:type\" content=\"image\/jpeg\" \/>\n<meta name=\"author\" content=\"Richard Ndambo\" \/>\n<meta name=\"twitter:card\" content=\"summary_large_image\" \/>\n<meta name=\"twitter:label1\" content=\"\u00c9crit par\" \/>\n\t<meta name=\"twitter:data1\" content=\"Richard Ndambo\" \/>\n\t<meta name=\"twitter:label2\" content=\"Dur\u00e9e de lecture estim\u00e9e\" \/>\n\t<meta name=\"twitter:data2\" content=\"5 minutes\" \/>\n<script type=\"application\/ld+json\" class=\"yoast-schema-graph\">{\"@context\":\"https:\/\/schema.org\",\"@graph\":[{\"@type\":\"Article\",\"@id\":\"https:\/\/ena-kinouest.net\/index.php\/2025\/12\/29\/une-question-forte-adressee-a-la-jeunesse-de-kinshasa-ouest\/#article\",\"isPartOf\":{\"@id\":\"https:\/\/ena-kinouest.net\/index.php\/2025\/12\/29\/une-question-forte-adressee-a-la-jeunesse-de-kinshasa-ouest\/\"},\"author\":{\"name\":\"Richard Ndambo\",\"@id\":\"https:\/\/ena-kinouest.net\/#\/schema\/person\/f7334ed5e23ccc9abd2568d6259181a8\"},\"headline\":\"Une question forte adress\u00e9e \u00e0 la jeunesse de Kinshasa Ouest\",\"datePublished\":\"2025-12-29T22:06:21+00:00\",\"dateModified\":\"2025-12-30T07:34:52+00:00\",\"mainEntityOfPage\":{\"@id\":\"https:\/\/ena-kinouest.net\/index.php\/2025\/12\/29\/une-question-forte-adressee-a-la-jeunesse-de-kinshasa-ouest\/\"},\"wordCount\":887,\"commentCount\":3,\"publisher\":{\"@id\":\"https:\/\/ena-kinouest.net\/#organization\"},\"image\":{\"@id\":\"https:\/\/ena-kinouest.net\/index.php\/2025\/12\/29\/une-question-forte-adressee-a-la-jeunesse-de-kinshasa-ouest\/#primaryimage\"},\"thumbnailUrl\":\"https:\/\/i0.wp.com\/ena-kinouest.net\/wp-content\/uploads\/2025\/12\/1-apotre-olivier-mbuyi-Golf-jeunesse-kin-ouest.jpeg?fit=1080%2C720&ssl=1\",\"articleSection\":[\"jeunesse\",\"Kin-Ouest\"],\"inLanguage\":\"fr-FR\",\"potentialAction\":[{\"@type\":\"CommentAction\",\"name\":\"Comment\",\"target\":[\"https:\/\/ena-kinouest.net\/index.php\/2025\/12\/29\/une-question-forte-adressee-a-la-jeunesse-de-kinshasa-ouest\/#respond\"]}]},{\"@type\":\"WebPage\",\"@id\":\"https:\/\/ena-kinouest.net\/index.php\/2025\/12\/29\/une-question-forte-adressee-a-la-jeunesse-de-kinshasa-ouest\/\",\"url\":\"https:\/\/ena-kinouest.net\/index.php\/2025\/12\/29\/une-question-forte-adressee-a-la-jeunesse-de-kinshasa-ouest\/\",\"name\":\"Une question forte adress\u00e9e \u00e0 la jeunesse de Kinshasa Ouest - Eglise N\u00e9o-Apostolique Kinshasa Ouest\",\"isPartOf\":{\"@id\":\"https:\/\/ena-kinouest.net\/#website\"},\"primaryImageOfPage\":{\"@id\":\"https:\/\/ena-kinouest.net\/index.php\/2025\/12\/29\/une-question-forte-adressee-a-la-jeunesse-de-kinshasa-ouest\/#primaryimage\"},\"image\":{\"@id\":\"https:\/\/ena-kinouest.net\/index.php\/2025\/12\/29\/une-question-forte-adressee-a-la-jeunesse-de-kinshasa-ouest\/#primaryimage\"},\"thumbnailUrl\":\"https:\/\/i0.wp.com\/ena-kinouest.net\/wp-content\/uploads\/2025\/12\/1-apotre-olivier-mbuyi-Golf-jeunesse-kin-ouest.jpeg?fit=1080%2C720&ssl=1\",\"datePublished\":\"2025-12-29T22:06:21+00:00\",\"dateModified\":\"2025-12-30T07:34:52+00:00\",\"breadcrumb\":{\"@id\":\"https:\/\/ena-kinouest.net\/index.php\/2025\/12\/29\/une-question-forte-adressee-a-la-jeunesse-de-kinshasa-ouest\/#breadcrumb\"},\"inLanguage\":\"fr-FR\",\"potentialAction\":[{\"@type\":\"ReadAction\",\"target\":[\"https:\/\/ena-kinouest.net\/index.php\/2025\/12\/29\/une-question-forte-adressee-a-la-jeunesse-de-kinshasa-ouest\/\"]}]},{\"@type\":\"ImageObject\",\"inLanguage\":\"fr-FR\",\"@id\":\"https:\/\/ena-kinouest.net\/index.php\/2025\/12\/29\/une-question-forte-adressee-a-la-jeunesse-de-kinshasa-ouest\/#primaryimage\",\"url\":\"https:\/\/i0.wp.com\/ena-kinouest.net\/wp-content\/uploads\/2025\/12\/1-apotre-olivier-mbuyi-Golf-jeunesse-kin-ouest.jpeg?fit=1080%2C720&ssl=1\",\"contentUrl\":\"https:\/\/i0.wp.com\/ena-kinouest.net\/wp-content\/uploads\/2025\/12\/1-apotre-olivier-mbuyi-Golf-jeunesse-kin-ouest.jpeg?fit=1080%2C720&ssl=1\",\"width\":1080,\"height\":720},{\"@type\":\"BreadcrumbList\",\"@id\":\"https:\/\/ena-kinouest.net\/index.php\/2025\/12\/29\/une-question-forte-adressee-a-la-jeunesse-de-kinshasa-ouest\/#breadcrumb\",\"itemListElement\":[{\"@type\":\"ListItem\",\"position\":1,\"name\":\"Accueil\",\"item\":\"https:\/\/ena-kinouest.net\/\"},{\"@type\":\"ListItem\",\"position\":2,\"name\":\"Une question forte adress\u00e9e \u00e0 la jeunesse de Kinshasa Ouest\"}]},{\"@type\":\"WebSite\",\"@id\":\"https:\/\/ena-kinouest.net\/#website\",\"url\":\"https:\/\/ena-kinouest.net\/\",\"name\":\"Eglise N\u00e9o-Apostolique Kinshasa Ouest\",\"description\":\"\",\"publisher\":{\"@id\":\"https:\/\/ena-kinouest.net\/#organization\"},\"alternateName\":\"ENA Kin-Ouest\",\"potentialAction\":[{\"@type\":\"SearchAction\",\"target\":{\"@type\":\"EntryPoint\",\"urlTemplate\":\"https:\/\/ena-kinouest.net\/?s={search_term_string}\"},\"query-input\":{\"@type\":\"PropertyValueSpecification\",\"valueRequired\":true,\"valueName\":\"search_term_string\"}}],\"inLanguage\":\"fr-FR\"},{\"@type\":\"Organization\",\"@id\":\"https:\/\/ena-kinouest.net\/#organization\",\"name\":\"Eglise N\u00e9o-Apostolique Kinshasa Ouest\",\"url\":\"https:\/\/ena-kinouest.net\/\",\"logo\":{\"@type\":\"ImageObject\",\"inLanguage\":\"fr-FR\",\"@id\":\"https:\/\/ena-kinouest.net\/#\/schema\/logo\/image\/\",\"url\":\"https:\/\/ena-kinouest.net\/wp-content\/uploads\/2023\/06\/Nak_logo.svg\",\"contentUrl\":\"https:\/\/ena-kinouest.net\/wp-content\/uploads\/2023\/06\/Nak_logo.svg\",\"width\":1493,\"height\":1491,\"caption\":\"Eglise N\u00e9o-Apostolique Kinshasa Ouest\"},\"image\":{\"@id\":\"https:\/\/ena-kinouest.net\/#\/schema\/logo\/image\/\"},\"sameAs\":[\"https:\/\/web.facebook.com\/enardcouest\",\"https:\/\/www.youtube.com\/@egliseneo-apostoliquekin-o4002\"]},{\"@type\":\"Person\",\"@id\":\"https:\/\/ena-kinouest.net\/#\/schema\/person\/f7334ed5e23ccc9abd2568d6259181a8\",\"name\":\"Richard Ndambo\",\"image\":{\"@type\":\"ImageObject\",\"inLanguage\":\"fr-FR\",\"@id\":\"https:\/\/ena-kinouest.net\/#\/schema\/person\/image\/\",\"url\":\"https:\/\/secure.gravatar.com\/avatar\/c6d701f2601c5305f8f43857230b2d8c2a589cb3e8df57744a048d17f21f7868?s=96&d=mm&r=g\",\"contentUrl\":\"https:\/\/secure.gravatar.com\/avatar\/c6d701f2601c5305f8f43857230b2d8c2a589cb3e8df57744a048d17f21f7868?s=96&d=mm&r=g\",\"caption\":\"Richard Ndambo\"},\"sameAs\":[\"https:\/\/ena-kinouest.net\"],\"url\":\"https:\/\/ena-kinouest.net\/index.php\/author\/rndambo\/\"}]}<\/script>\n<!-- \/ Yoast SEO plugin. -->","yoast_head_json":{"title":"Une question forte adress\u00e9e \u00e0 la jeunesse de Kinshasa Ouest - Eglise N\u00e9o-Apostolique Kinshasa Ouest","robots":{"index":"index","follow":"follow","max-snippet":"max-snippet:-1","max-image-preview":"max-image-preview:large","max-video-preview":"max-video-preview:-1"},"canonical":"https:\/\/ena-kinouest.net\/index.php\/2025\/12\/29\/une-question-forte-adressee-a-la-jeunesse-de-kinshasa-ouest\/","og_locale":"fr_FR","og_type":"article","og_title":"Une question forte adress\u00e9e \u00e0 la jeunesse de Kinshasa Ouest - Eglise N\u00e9o-Apostolique Kinshasa Ouest","og_description":"\u00ab O\u00f9 es-tu ? \u00bb Une question simple en apparence, mais profond\u00e9ment interpellatrice. C\u2019est elle qui a servi de fil conducteur au message de Dieu apport\u00e9 par l\u2019ap\u00f4tre Olivier Mbuyi aux jeunes de son champ apostolique. Ils \u00e9taient plus de 1 000, venus de tout Kinshasa Ouest, \u00e0 prendre part au dernier service divin de [&hellip;]","og_url":"https:\/\/ena-kinouest.net\/index.php\/2025\/12\/29\/une-question-forte-adressee-a-la-jeunesse-de-kinshasa-ouest\/","og_site_name":"Eglise N\u00e9o-Apostolique Kinshasa Ouest","article_publisher":"https:\/\/web.facebook.com\/enardcouest","article_published_time":"2025-12-29T22:06:21+00:00","article_modified_time":"2025-12-30T07:34:52+00:00","og_image":[{"width":1080,"height":720,"url":"https:\/\/ena-kinouest.net\/wp-content\/uploads\/2025\/12\/1-apotre-olivier-mbuyi-Golf-jeunesse-kin-ouest.jpeg","type":"image\/jpeg"}],"author":"Richard Ndambo","twitter_card":"summary_large_image","twitter_misc":{"\u00c9crit par":"Richard Ndambo","Dur\u00e9e de lecture estim\u00e9e":"5 minutes"},"schema":{"@context":"https:\/\/schema.org","@graph":[{"@type":"Article","@id":"https:\/\/ena-kinouest.net\/index.php\/2025\/12\/29\/une-question-forte-adressee-a-la-jeunesse-de-kinshasa-ouest\/#article","isPartOf":{"@id":"https:\/\/ena-kinouest.net\/index.php\/2025\/12\/29\/une-question-forte-adressee-a-la-jeunesse-de-kinshasa-ouest\/"},"author":{"name":"Richard Ndambo","@id":"https:\/\/ena-kinouest.net\/#\/schema\/person\/f7334ed5e23ccc9abd2568d6259181a8"},"headline":"Une question forte adress\u00e9e \u00e0 la jeunesse de Kinshasa Ouest","datePublished":"2025-12-29T22:06:21+00:00","dateModified":"2025-12-30T07:34:52+00:00","mainEntityOfPage":{"@id":"https:\/\/ena-kinouest.net\/index.php\/2025\/12\/29\/une-question-forte-adressee-a-la-jeunesse-de-kinshasa-ouest\/"},"wordCount":887,"commentCount":3,"publisher":{"@id":"https:\/\/ena-kinouest.net\/#organization"},"image":{"@id":"https:\/\/ena-kinouest.net\/index.php\/2025\/12\/29\/une-question-forte-adressee-a-la-jeunesse-de-kinshasa-ouest\/#primaryimage"},"thumbnailUrl":"https:\/\/i0.wp.com\/ena-kinouest.net\/wp-content\/uploads\/2025\/12\/1-apotre-olivier-mbuyi-Golf-jeunesse-kin-ouest.jpeg?fit=1080%2C720&ssl=1","articleSection":["jeunesse","Kin-Ouest"],"inLanguage":"fr-FR","potentialAction":[{"@type":"CommentAction","name":"Comment","target":["https:\/\/ena-kinouest.net\/index.php\/2025\/12\/29\/une-question-forte-adressee-a-la-jeunesse-de-kinshasa-ouest\/#respond"]}]},{"@type":"WebPage","@id":"https:\/\/ena-kinouest.net\/index.php\/2025\/12\/29\/une-question-forte-adressee-a-la-jeunesse-de-kinshasa-ouest\/","url":"https:\/\/ena-kinouest.net\/index.php\/2025\/12\/29\/une-question-forte-adressee-a-la-jeunesse-de-kinshasa-ouest\/","name":"Une question forte adress\u00e9e \u00e0 la jeunesse de Kinshasa Ouest - Eglise N\u00e9o-Apostolique Kinshasa Ouest","isPartOf":{"@id":"https:\/\/ena-kinouest.net\/#website"},"primaryImageOfPage":{"@id":"https:\/\/ena-kinouest.net\/index.php\/2025\/12\/29\/une-question-forte-adressee-a-la-jeunesse-de-kinshasa-ouest\/#primaryimage"},"image":{"@id":"https:\/\/ena-kinouest.net\/index.php\/2025\/12\/29\/une-question-forte-adressee-a-la-jeunesse-de-kinshasa-ouest\/#primaryimage"},"thumbnailUrl":"https:\/\/i0.wp.com\/ena-kinouest.net\/wp-content\/uploads\/2025\/12\/1-apotre-olivier-mbuyi-Golf-jeunesse-kin-ouest.jpeg?fit=1080%2C720&ssl=1","datePublished":"2025-12-29T22:06:21+00:00","dateModified":"2025-12-30T07:34:52+00:00","breadcrumb":{"@id":"https:\/\/ena-kinouest.net\/index.php\/2025\/12\/29\/une-question-forte-adressee-a-la-jeunesse-de-kinshasa-ouest\/#breadcrumb"},"inLanguage":"fr-FR","potentialAction":[{"@type":"ReadAction","target":["https:\/\/ena-kinouest.net\/index.php\/2025\/12\/29\/une-question-forte-adressee-a-la-jeunesse-de-kinshasa-ouest\/"]}]},{"@type":"ImageObject","inLanguage":"fr-FR","@id":"https:\/\/ena-kinouest.net\/index.php\/2025\/12\/29\/une-question-forte-adressee-a-la-jeunesse-de-kinshasa-ouest\/#primaryimage","url":"https:\/\/i0.wp.com\/ena-kinouest.net\/wp-content\/uploads\/2025\/12\/1-apotre-olivier-mbuyi-Golf-jeunesse-kin-ouest.jpeg?fit=1080%2C720&ssl=1","contentUrl":"https:\/\/i0.wp.com\/ena-kinouest.net\/wp-content\/uploads\/2025\/12\/1-apotre-olivier-mbuyi-Golf-jeunesse-kin-ouest.jpeg?fit=1080%2C720&ssl=1","width":1080,"height":720},{"@type":"BreadcrumbList","@id":"https:\/\/ena-kinouest.net\/index.php\/2025\/12\/29\/une-question-forte-adressee-a-la-jeunesse-de-kinshasa-ouest\/#breadcrumb","itemListElement":[{"@type":"ListItem","position":1,"name":"Accueil","item":"https:\/\/ena-kinouest.net\/"},{"@type":"ListItem","position":2,"name":"Une question forte adress\u00e9e \u00e0 la jeunesse de Kinshasa Ouest"}]},{"@type":"WebSite","@id":"https:\/\/ena-kinouest.net\/#website","url":"https:\/\/ena-kinouest.net\/","name":"Eglise N\u00e9o-Apostolique Kinshasa Ouest","description":"","publisher":{"@id":"https:\/\/ena-kinouest.net\/#organization"},"alternateName":"ENA Kin-Ouest","potentialAction":[{"@type":"SearchAction","target":{"@type":"EntryPoint","urlTemplate":"https:\/\/ena-kinouest.net\/?s={search_term_string}"},"query-input":{"@type":"PropertyValueSpecification","valueRequired":true,"valueName":"search_term_string"}}],"inLanguage":"fr-FR"},{"@type":"Organization","@id":"https:\/\/ena-kinouest.net\/#organization","name":"Eglise N\u00e9o-Apostolique Kinshasa Ouest","url":"https:\/\/ena-kinouest.net\/","logo":{"@type":"ImageObject","inLanguage":"fr-FR","@id":"https:\/\/ena-kinouest.net\/#\/schema\/logo\/image\/","url":"https:\/\/ena-kinouest.net\/wp-content\/uploads\/2023\/06\/Nak_logo.svg","contentUrl":"https:\/\/ena-kinouest.net\/wp-content\/uploads\/2023\/06\/Nak_logo.svg","width":1493,"height":1491,"caption":"Eglise N\u00e9o-Apostolique Kinshasa Ouest"},"image":{"@id":"https:\/\/ena-kinouest.net\/#\/schema\/logo\/image\/"},"sameAs":["https:\/\/web.facebook.com\/enardcouest","https:\/\/www.youtube.com\/@egliseneo-apostoliquekin-o4002"]},{"@type":"Person","@id":"https:\/\/ena-kinouest.net\/#\/schema\/person\/f7334ed5e23ccc9abd2568d6259181a8","name":"Richard Ndambo","image":{"@type":"ImageObject","inLanguage":"fr-FR","@id":"https:\/\/ena-kinouest.net\/#\/schema\/person\/image\/","url":"https:\/\/secure.gravatar.com\/avatar\/c6d701f2601c5305f8f43857230b2d8c2a589cb3e8df57744a048d17f21f7868?s=96&d=mm&r=g","contentUrl":"https:\/\/secure.gravatar.com\/avatar\/c6d701f2601c5305f8f43857230b2d8c2a589cb3e8df57744a048d17f21f7868?s=96&d=mm&r=g","caption":"Richard Ndambo"},"sameAs":["https:\/\/ena-kinouest.net"],"url":"https:\/\/ena-kinouest.net\/index.php\/author\/rndambo\/"}]}},"jetpack_featured_media_url":"https:\/\/i0.wp.com\/ena-kinouest.net\/wp-content\/uploads\/2025\/12\/1-apotre-olivier-mbuyi-Golf-jeunesse-kin-ouest.jpeg?fit=1080%2C720&ssl=1","jetpack-related-posts":[],"jetpack_sharing_enabled":true,"_links":{"self":[{"href":"https:\/\/ena-kinouest.net\/index.php\/wp-json\/wp\/v2\/posts\/737","targetHints":{"allow":["GET"]}}],"collection":[{"href":"https:\/\/ena-kinouest.net\/index.php\/wp-json\/wp\/v2\/posts"}],"about":[{"href":"https:\/\/ena-kinouest.net\/index.php\/wp-json\/wp\/v2\/types\/post"}],"author":[{"embeddable":true,"href":"https:\/\/ena-kinouest.net\/index.php\/wp-json\/wp\/v2\/users\/1"}],"replies":[{"embeddable":true,"href":"https:\/\/ena-kinouest.net\/index.php\/wp-json\/wp\/v2\/comments?post=737"}],"version-history":[{"count":21,"href":"https:\/\/ena-kinouest.net\/index.php\/wp-json\/wp\/v2\/posts\/737\/revisions"}],"predecessor-version":[{"id":765,"href":"https:\/\/ena-kinouest.net\/index.php\/wp-json\/wp\/v2\/posts\/737\/revisions\/765"}],"wp:featuredmedia":[{"embeddable":true,"href":"https:\/\/ena-kinouest.net\/index.php\/wp-json\/wp\/v2\/media\/739"}],"wp:attachment":[{"href":"https:\/\/ena-kinouest.net\/index.php\/wp-json\/wp\/v2\/media?parent=737"}],"wp:term":[{"taxonomy":"category","embeddable":true,"href":"https:\/\/ena-kinouest.net\/index.php\/wp-json\/wp\/v2\/categories?post=737"},{"taxonomy":"post_tag","embeddable":true,"href":"https:\/\/ena-kinouest.net\/index.php\/wp-json\/wp\/v2\/tags?post=737"}],"curies":[{"name":"wp","href":"https:\/\/api.w.org\/{rel}","templated":true}]}}