{"id":766,"date":"2026-01-14T00:13:03","date_gmt":"2026-01-13T23:13:03","guid":{"rendered":"https:\/\/ena-kinouest.net\/?p=766"},"modified":"2026-01-14T00:13:03","modified_gmt":"2026-01-13T23:13:03","slug":"communion-fraternelle-a-sendwe-masimanimba-un-moment-dunite-et-un-message-dimitation","status":"publish","type":"post","link":"https:\/\/ena-kinouest.net\/index.php\/2026\/01\/14\/communion-fraternelle-a-sendwe-masimanimba-un-moment-dunite-et-un-message-dimitation\/","title":{"rendered":"Communion fraternelle \u00e0 Sendwe-Masimanimba : un moment d\u2019unit\u00e9 et un message d\u2019imitation"},"content":{"rendered":"\t\t<div data-elementor-type=\"wp-post\" data-elementor-id=\"766\" class=\"elementor elementor-766\">\n\t\t\t\t\t\t<section class=\"elementor-section elementor-top-section elementor-element elementor-element-a63b7fd elementor-section-boxed elementor-section-height-default elementor-section-height-default\" data-id=\"a63b7fd\" data-element_type=\"section\">\n\t\t\t\t\t\t<div class=\"elementor-container elementor-column-gap-default\">\n\t\t\t\t\t<div class=\"elementor-column elementor-col-100 elementor-top-column elementor-element elementor-element-16738ce\" data-id=\"16738ce\" data-element_type=\"column\">\n\t\t\t<div class=\"elementor-widget-wrap elementor-element-populated\">\n\t\t\t\t\t\t<div class=\"elementor-element elementor-element-5d6c6cd elementor-widget elementor-widget-text-editor\" data-id=\"5d6c6cd\" data-element_type=\"widget\" data-widget_type=\"text-editor.default\">\n\t\t\t\t<div class=\"elementor-widget-container\">\n\t\t\t\t\t\t\t\t\t<p>Chaque d\u00e9but d\u2019ann\u00e9e, les communaut\u00e9s n\u00e9o-apostoliques de la RD Congo Ouest perp\u00e9tuent une tradition profond\u00e9ment enracin\u00e9e dans leur vie de foi : la communion fraternelle. \u00c0 Sendwe-Masimanimba, elle a rev\u00eatu une signification particuli\u00e8re en pr\u00e9sence de l\u2019Ancien de district Jean-Marie Ilunga.<\/p>\t\t\t\t\t\t\t\t<\/div>\n\t\t\t\t<\/div>\n\t\t\t\t\t<\/div>\n\t\t<\/div>\n\t\t\t\t\t<\/div>\n\t\t<\/section>\n\t\t\t\t<section class=\"elementor-section elementor-top-section elementor-element elementor-element-47f6c1e elementor-section-boxed elementor-section-height-default elementor-section-height-default\" data-id=\"47f6c1e\" data-element_type=\"section\">\n\t\t\t\t\t\t<div class=\"elementor-container elementor-column-gap-default\">\n\t\t\t\t\t<div class=\"elementor-column elementor-col-100 elementor-top-column elementor-element elementor-element-e256fb2\" data-id=\"e256fb2\" data-element_type=\"column\">\n\t\t\t<div class=\"elementor-widget-wrap elementor-element-populated\">\n\t\t\t\t\t\t<div class=\"elementor-element elementor-element-2126bbe elementor-widget elementor-widget-image\" data-id=\"2126bbe\" data-element_type=\"widget\" data-widget_type=\"image.default\">\n\t\t\t\t<div class=\"elementor-widget-container\">\n\t\t\t\t\t\t\t\t\t\t\t\t\t\t\t<img decoding=\"async\" src=\"https:\/\/i0.wp.com\/ena-kinouest.net\/wp-content\/uploads\/2026\/01\/illus-1-scaled.jpg?fit=1200%2C600&#038;ssl=1\" title=\"kasavubu\" alt=\"kasavubu\" loading=\"lazy\" \/>\t\t\t\t\t\t\t\t\t\t\t\t\t\t\t<\/div>\n\t\t\t\t<\/div>\n\t\t\t\t\t<\/div>\n\t\t<\/div>\n\t\t\t\t\t<\/div>\n\t\t<\/section>\n\t\t\t\t<section class=\"elementor-section elementor-top-section elementor-element elementor-element-b8ca764 elementor-section-boxed elementor-section-height-default elementor-section-height-default\" data-id=\"b8ca764\" data-element_type=\"section\">\n\t\t\t\t\t\t<div class=\"elementor-container elementor-column-gap-default\">\n\t\t\t\t\t<div class=\"elementor-column elementor-col-100 elementor-top-column elementor-element elementor-element-22925b0\" data-id=\"22925b0\" data-element_type=\"column\">\n\t\t\t<div class=\"elementor-widget-wrap elementor-element-populated\">\n\t\t\t\t\t\t<div class=\"elementor-element elementor-element-f69f0c9 elementor-widget elementor-widget-text-editor\" data-id=\"f69f0c9\" data-element_type=\"widget\" data-widget_type=\"text-editor.default\">\n\t\t\t\t<div class=\"elementor-widget-container\">\n\t\t\t\t\t\t\t\t\t<p><em>R\u00e9cit de Ga\u00ebtan Badibanga<\/em><\/p>\t\t\t\t\t\t\t\t<\/div>\n\t\t\t\t<\/div>\n\t\t\t\t\t<\/div>\n\t\t<\/div>\n\t\t\t\t\t<\/div>\n\t\t<\/section>\n\t\t\t\t<section class=\"elementor-section elementor-top-section elementor-element elementor-element-02a3a9c elementor-section-boxed elementor-section-height-default elementor-section-height-default\" data-id=\"02a3a9c\" data-element_type=\"section\">\n\t\t\t\t\t\t<div class=\"elementor-container elementor-column-gap-default\">\n\t\t\t\t\t<div class=\"elementor-column elementor-col-100 elementor-top-column elementor-element elementor-element-4bc95f8\" data-id=\"4bc95f8\" data-element_type=\"column\">\n\t\t\t<div class=\"elementor-widget-wrap elementor-element-populated\">\n\t\t\t\t\t\t<div class=\"elementor-element elementor-element-5c267a4 elementor-widget elementor-widget-heading\" data-id=\"5c267a4\" data-element_type=\"widget\" data-widget_type=\"heading.default\">\n\t\t\t\t<div class=\"elementor-widget-container\">\n\t\t\t\t\t<h2 class=\"elementor-heading-title elementor-size-default\">La communion fraternelle \u00e0 Sendwe-Masimanimba : un moment d\u2019unit\u00e9<\/h2>\t\t\t\t<\/div>\n\t\t\t\t<\/div>\n\t\t\t\t\t<\/div>\n\t\t<\/div>\n\t\t\t\t\t<\/div>\n\t\t<\/section>\n\t\t\t\t<section class=\"elementor-section elementor-top-section elementor-element elementor-element-0a0ba70 elementor-section-boxed elementor-section-height-default elementor-section-height-default\" data-id=\"0a0ba70\" data-element_type=\"section\">\n\t\t\t\t\t\t<div class=\"elementor-container elementor-column-gap-default\">\n\t\t\t\t\t<div class=\"elementor-column elementor-col-100 elementor-top-column elementor-element elementor-element-f8c8244\" data-id=\"f8c8244\" data-element_type=\"column\">\n\t\t\t<div class=\"elementor-widget-wrap elementor-element-populated\">\n\t\t\t\t\t\t<div class=\"elementor-element elementor-element-e54df48 elementor-widget elementor-widget-text-editor\" data-id=\"e54df48\" data-element_type=\"widget\" data-widget_type=\"text-editor.default\">\n\t\t\t\t<div class=\"elementor-widget-container\">\n\t\t\t\t\t\t\t\t\t<p>Bien plus qu\u2019un simple \u00e9v\u00e9nement, la communion fraternelle est un temps fort de la vie communautaire, connu m\u00eame au-del\u00e0 des membres de l\u2019\u00c9glise n\u00e9o-apostolique de la RD Congo. Ce moment rassemble les fid\u00e8les autour d\u2019un repas partag\u00e9 dans la chapelle, symbole de fraternit\u00e9, d\u2019amour et de coh\u00e9sion communautaire.<\/p>\t\t\t\t\t\t\t\t<\/div>\n\t\t\t\t<\/div>\n\t\t\t\t\t<\/div>\n\t\t<\/div>\n\t\t\t\t\t<\/div>\n\t\t<\/section>\n\t\t\t\t<section class=\"elementor-section elementor-top-section elementor-element elementor-element-71f3592 elementor-section-boxed elementor-section-height-default elementor-section-height-default\" data-id=\"71f3592\" data-element_type=\"section\">\n\t\t\t\t\t\t<div class=\"elementor-container elementor-column-gap-default\">\n\t\t\t\t\t<div class=\"elementor-column elementor-col-100 elementor-top-column elementor-element elementor-element-1dcd631\" data-id=\"1dcd631\" data-element_type=\"column\">\n\t\t\t<div class=\"elementor-widget-wrap elementor-element-populated\">\n\t\t\t\t\t\t<div class=\"elementor-element elementor-element-96117cc elementor-widget elementor-widget-text-editor\" data-id=\"96117cc\" data-element_type=\"widget\" data-widget_type=\"text-editor.default\">\n\t\t\t\t<div class=\"elementor-widget-container\">\n\t\t\t\t\t\t\t\t\t<p>Dans la communaut\u00e9 Sendwe-Masimanimba, ce dimanche 11 janvier 2026, la communion fraternelle de l\u2019ann\u00e9e a rev\u00eatu une signification particuli\u00e8re. Elle a \u00e9t\u00e9 v\u00e9cue comme un v\u00e9ritable signe d\u2019unit\u00e9, marqu\u00e9 par l\u2019\u00e9change des v\u0153ux de nouvelle ann\u00e9e et le partage de cadeaux, dans un climat de joie et de solidarit\u00e9.<\/p>\t\t\t\t\t\t\t\t<\/div>\n\t\t\t\t<\/div>\n\t\t\t\t\t<\/div>\n\t\t<\/div>\n\t\t\t\t\t<\/div>\n\t\t<\/section>\n\t\t\t\t<section class=\"elementor-section elementor-top-section elementor-element elementor-element-b9d555f elementor-section-boxed elementor-section-height-default elementor-section-height-default\" data-id=\"b9d555f\" data-element_type=\"section\">\n\t\t\t\t\t\t<div class=\"elementor-container elementor-column-gap-default\">\n\t\t\t\t\t<div class=\"elementor-column elementor-col-100 elementor-top-column elementor-element elementor-element-a3e7938\" data-id=\"a3e7938\" data-element_type=\"column\">\n\t\t\t<div class=\"elementor-widget-wrap elementor-element-populated\">\n\t\t\t\t\t\t<div class=\"elementor-element elementor-element-824a432 elementor-widget elementor-widget-heading\" data-id=\"824a432\" data-element_type=\"widget\" data-widget_type=\"heading.default\">\n\t\t\t\t<div class=\"elementor-widget-container\">\n\t\t\t\t\t<h2 class=\"elementor-heading-title elementor-size-default\">Nourrir la communaut\u00e9 : un message d\u2019imitation<\/h2>\t\t\t\t<\/div>\n\t\t\t\t<\/div>\n\t\t\t\t\t<\/div>\n\t\t<\/div>\n\t\t\t\t\t<\/div>\n\t\t<\/section>\n\t\t\t\t<section class=\"elementor-section elementor-top-section elementor-element elementor-element-5e98f33 elementor-section-boxed elementor-section-height-default elementor-section-height-default\" data-id=\"5e98f33\" data-element_type=\"section\">\n\t\t\t\t\t\t<div class=\"elementor-container elementor-column-gap-default\">\n\t\t\t\t\t<div class=\"elementor-column elementor-col-100 elementor-top-column elementor-element elementor-element-e38a59c\" data-id=\"e38a59c\" data-element_type=\"column\">\n\t\t\t<div class=\"elementor-widget-wrap elementor-element-populated\">\n\t\t\t\t\t\t<div class=\"elementor-element elementor-element-efaa6dc elementor-widget elementor-widget-text-editor\" data-id=\"efaa6dc\" data-element_type=\"widget\" data-widget_type=\"text-editor.default\">\n\t\t\t\t<div class=\"elementor-widget-container\">\n\t\t\t\t\t\t\t\t\t<p>La communaut\u00e9 a besoin d\u2019une nourriture pour son accroissement. Si le repas partag\u00e9 nourrit le corps, la Parole de Dieu nourrit l\u2019\u00e2me et permet une croissance spirituelle durable.<\/p>\t\t\t\t\t\t\t\t<\/div>\n\t\t\t\t<\/div>\n\t\t\t\t\t<\/div>\n\t\t<\/div>\n\t\t\t\t\t<\/div>\n\t\t<\/section>\n\t\t\t\t<section class=\"elementor-section elementor-top-section elementor-element elementor-element-e13ce48 elementor-section-boxed elementor-section-height-default elementor-section-height-default\" data-id=\"e13ce48\" data-element_type=\"section\">\n\t\t\t\t\t\t<div class=\"elementor-container elementor-column-gap-default\">\n\t\t\t\t\t<div class=\"elementor-column elementor-col-100 elementor-top-column elementor-element elementor-element-c5b863a\" data-id=\"c5b863a\" data-element_type=\"column\">\n\t\t\t<div class=\"elementor-widget-wrap elementor-element-populated\">\n\t\t\t\t\t\t<div class=\"elementor-element elementor-element-49e8d04 elementor-widget elementor-widget-text-editor\" data-id=\"49e8d04\" data-element_type=\"widget\" data-widget_type=\"text-editor.default\">\n\t\t\t\t<div class=\"elementor-widget-container\">\n\t\t\t\t\t\t\t\t\t<p>En ce dimanche de f\u00eate, avant la nourriture terrestre, cette nourriture spirituelle a \u00e9t\u00e9 servie aux fid\u00e8les de Sendwe-Masimanimba par l\u2019Ancien de district Jean-Marie Ilunga, responsable du district de Kasa-Vubu.<\/p>\t\t\t\t\t\t\t\t<\/div>\n\t\t\t\t<\/div>\n\t\t\t\t\t<\/div>\n\t\t<\/div>\n\t\t\t\t\t<\/div>\n\t\t<\/section>\n\t\t\t\t<section class=\"elementor-section elementor-top-section elementor-element elementor-element-9acedf0 elementor-section-boxed elementor-section-height-default elementor-section-height-default\" data-id=\"9acedf0\" data-element_type=\"section\">\n\t\t\t\t\t\t<div class=\"elementor-container elementor-column-gap-default\">\n\t\t\t\t\t<div class=\"elementor-column elementor-col-100 elementor-top-column elementor-element elementor-element-3b79a4e\" data-id=\"3b79a4e\" data-element_type=\"column\">\n\t\t\t<div class=\"elementor-widget-wrap elementor-element-populated\">\n\t\t\t\t\t\t<div class=\"elementor-element elementor-element-5d5affc elementor-widget elementor-widget-text-editor\" data-id=\"5d5affc\" data-element_type=\"widget\" data-widget_type=\"text-editor.default\">\n\t\t\t\t<div class=\"elementor-widget-container\">\n\t\t\t\t\t\t\t\t\t<p>L\u2019homme de Dieu a rappel\u00e9 que celui qui veut grandir spirituellement doit demeurer dans l\u2019enseignement du Christ et apprendre \u00e0 l\u2019imiter en parole et en actes. \u00c0 travers la parole du jour, tir\u00e9e de Jean 13:15 \u2014 <em>\u00ab Car je vous ai donn\u00e9 un exemple, afin que vous fassiez comme je vous ai fait \u00bb<\/em> \u2014 il a rappel\u00e9 \u00e0 l\u2019assembl\u00e9e que Christ, serviteur de Dieu et des hommes, demeure notre mod\u00e8le par excellence.<\/p>\t\t\t\t\t\t\t\t<\/div>\n\t\t\t\t<\/div>\n\t\t\t\t\t<\/div>\n\t\t<\/div>\n\t\t\t\t\t<\/div>\n\t\t<\/section>\n\t\t\t\t<section class=\"elementor-section elementor-top-section elementor-element elementor-element-0aed4ba elementor-section-boxed elementor-section-height-default elementor-section-height-default\" data-id=\"0aed4ba\" data-element_type=\"section\">\n\t\t\t\t\t\t<div class=\"elementor-container elementor-column-gap-default\">\n\t\t\t\t\t<div class=\"elementor-column elementor-col-100 elementor-top-column elementor-element elementor-element-55319a1\" data-id=\"55319a1\" data-element_type=\"column\">\n\t\t\t<div class=\"elementor-widget-wrap elementor-element-populated\">\n\t\t\t\t\t\t<div class=\"elementor-element elementor-element-ce18d38 elementor-widget elementor-widget-text-editor\" data-id=\"ce18d38\" data-element_type=\"widget\" data-widget_type=\"text-editor.default\">\n\t\t\t\t<div class=\"elementor-widget-container\">\n\t\t\t\t\t\t\t\t\t<p>Christ a montr\u00e9 \u00e0 ses disciples que la vraie grandeur se manifeste dans le service. D\u2019o\u00f9 son exhortation en Matthieu 20:26 : <em>\u00ab Celui qui veut \u00eatre grand doit \u00eatre le serviteur des autres. \u00bb<\/em>, a insist\u00e9 l\u2019ancien de district.<\/p>\t\t\t\t\t\t\t\t<\/div>\n\t\t\t\t<\/div>\n\t\t\t\t\t<\/div>\n\t\t<\/div>\n\t\t\t\t\t<\/div>\n\t\t<\/section>\n\t\t\t\t<section class=\"elementor-section elementor-top-section elementor-element elementor-element-8d7956f elementor-section-boxed elementor-section-height-default elementor-section-height-default\" data-id=\"8d7956f\" data-element_type=\"section\">\n\t\t\t\t\t\t<div class=\"elementor-container elementor-column-gap-default\">\n\t\t\t\t\t<div class=\"elementor-column elementor-col-100 elementor-top-column elementor-element elementor-element-dd7ebc2\" data-id=\"dd7ebc2\" data-element_type=\"column\">\n\t\t\t<div class=\"elementor-widget-wrap elementor-element-populated\">\n\t\t\t\t\t\t<div class=\"elementor-element elementor-element-a82e054 elementor-widget elementor-widget-text-editor\" data-id=\"a82e054\" data-element_type=\"widget\" data-widget_type=\"text-editor.default\">\n\t\t\t\t<div class=\"elementor-widget-container\">\n\t\t\t\t\t\t\t\t\t<p>\u00catre au service des autres nous appelle, \u00e0 l\u2019exemple de notre Seigneur, \u00e0 aimer Dieu, aimer notre prochain et cultiver l\u2019humilit\u00e9.<\/p>\t\t\t\t\t\t\t\t<\/div>\n\t\t\t\t<\/div>\n\t\t\t\t\t<\/div>\n\t\t<\/div>\n\t\t\t\t\t<\/div>\n\t\t<\/section>\n\t\t\t\t<section class=\"elementor-section elementor-top-section elementor-element elementor-element-a1b9d28 elementor-section-boxed elementor-section-height-default elementor-section-height-default\" data-id=\"a1b9d28\" data-element_type=\"section\">\n\t\t\t\t\t\t<div class=\"elementor-container elementor-column-gap-default\">\n\t\t\t\t\t<div class=\"elementor-column elementor-col-100 elementor-top-column elementor-element elementor-element-7813d89\" data-id=\"7813d89\" data-element_type=\"column\">\n\t\t\t<div class=\"elementor-widget-wrap elementor-element-populated\">\n\t\t\t\t\t\t<div class=\"elementor-element elementor-element-462eb9a elementor-widget elementor-widget-heading\" data-id=\"462eb9a\" data-element_type=\"widget\" data-widget_type=\"heading.default\">\n\t\t\t\t<div class=\"elementor-widget-container\">\n\t\t\t\t\t<h2 class=\"elementor-heading-title elementor-size-default\">Un enseignement spirituel et soci\u00e9tal<\/h2>\t\t\t\t<\/div>\n\t\t\t\t<\/div>\n\t\t\t\t\t<\/div>\n\t\t<\/div>\n\t\t\t\t\t<\/div>\n\t\t<\/section>\n\t\t\t\t<section class=\"elementor-section elementor-top-section elementor-element elementor-element-29fb423 elementor-section-boxed elementor-section-height-default elementor-section-height-default\" data-id=\"29fb423\" data-element_type=\"section\">\n\t\t\t\t\t\t<div class=\"elementor-container elementor-column-gap-default\">\n\t\t\t\t\t<div class=\"elementor-column elementor-col-100 elementor-top-column elementor-element elementor-element-2935dc9\" data-id=\"2935dc9\" data-element_type=\"column\">\n\t\t\t<div class=\"elementor-widget-wrap elementor-element-populated\">\n\t\t\t\t\t\t<div class=\"elementor-element elementor-element-d55a880 elementor-widget elementor-widget-text-editor\" data-id=\"d55a880\" data-element_type=\"widget\" data-widget_type=\"text-editor.default\">\n\t\t\t\t<div class=\"elementor-widget-container\">\n\t\t\t\t\t\t\t\t\t<p>Aimer son prochain, c\u2019est reconna\u00eetre que les soucis de mon fr\u00e8re ou de ma s\u0153ur sont aussi les miens. C\u2019est partager les difficult\u00e9s, mais aussi les moments de joie.<\/p>\t\t\t\t\t\t\t\t<\/div>\n\t\t\t\t<\/div>\n\t\t\t\t\t<\/div>\n\t\t<\/div>\n\t\t\t\t\t<\/div>\n\t\t<\/section>\n\t\t\t\t<section class=\"elementor-section elementor-top-section elementor-element elementor-element-46ff5b9 elementor-section-boxed elementor-section-height-default elementor-section-height-default\" data-id=\"46ff5b9\" data-element_type=\"section\">\n\t\t\t\t\t\t<div class=\"elementor-container elementor-column-gap-default\">\n\t\t\t\t\t<div class=\"elementor-column elementor-col-100 elementor-top-column elementor-element elementor-element-b5017ca\" data-id=\"b5017ca\" data-element_type=\"column\">\n\t\t\t<div class=\"elementor-widget-wrap elementor-element-populated\">\n\t\t\t\t\t\t<div class=\"elementor-element elementor-element-e76bf5f elementor-widget elementor-widget-text-editor\" data-id=\"e76bf5f\" data-element_type=\"widget\" data-widget_type=\"text-editor.default\">\n\t\t\t\t<div class=\"elementor-widget-container\">\n\t\t\t\t\t\t\t\t\t<p>Cet enseignement d\u00e9passe le cadre spirituel. Il est \u00e9galement soci\u00e9tal, car il contribue \u00e0 b\u00e2tir des communaut\u00e9s capables de mieux vivre ensemble, dans le respect, la solidarit\u00e9 et la paix.<\/p>\t\t\t\t\t\t\t\t<\/div>\n\t\t\t\t<\/div>\n\t\t\t\t\t<\/div>\n\t\t<\/div>\n\t\t\t\t\t<\/div>\n\t\t<\/section>\n\t\t\t\t<section class=\"elementor-section elementor-top-section elementor-element elementor-element-8b292af elementor-section-boxed elementor-section-height-default elementor-section-height-default\" data-id=\"8b292af\" data-element_type=\"section\">\n\t\t\t\t\t\t<div class=\"elementor-container elementor-column-gap-default\">\n\t\t\t\t\t<div class=\"elementor-column elementor-col-100 elementor-top-column elementor-element elementor-element-4dd75f7\" data-id=\"4dd75f7\" data-element_type=\"column\">\n\t\t\t<div class=\"elementor-widget-wrap elementor-element-populated\">\n\t\t\t\t\t\t<div class=\"elementor-element elementor-element-d969ec9 elementor-widget elementor-widget-text-editor\" data-id=\"d969ec9\" data-element_type=\"widget\" data-widget_type=\"text-editor.default\">\n\t\t\t\t<div class=\"elementor-widget-container\">\n\t\t\t\t\t\t\t\t\t<p>Rester imitateur de Christ, c\u2019est copier le bien et le reproduire dans nos communaut\u00e9s, pour l\u2019accroissement de l\u2019unit\u00e9, de l\u2019amour fraternel et de la paix. La communion fraternelle v\u00e9cue \u00e0 Sendwe-Masimanimba en est une illustration vivante : une foi qui se partage, se vit et se traduit en actes concrets.<\/p>\t\t\t\t\t\t\t\t<\/div>\n\t\t\t\t<\/div>\n\t\t\t\t\t<\/div>\n\t\t<\/div>\n\t\t\t\t\t<\/div>\n\t\t<\/section>\n\t\t\t\t<\/div>\n\t\t","protected":false},"excerpt":{"rendered":"<p>Chaque d\u00e9but d\u2019ann\u00e9e, les communaut\u00e9s n\u00e9o-apostoliques de la RD Congo Ouest perp\u00e9tuent une tradition profond\u00e9ment enracin\u00e9e dans leur vie de foi : la communion fraternelle. \u00c0 Sendwe-Masimanimba, elle a rev\u00eatu une signification particuli\u00e8re en pr\u00e9sence de l\u2019Ancien de district Jean-Marie Ilunga. R\u00e9cit de Ga\u00ebtan Badibanga La communion fraternelle \u00e0 Sendwe-Masimanimba : un moment d\u2019unit\u00e9 Bien [&hellip;]<\/p>\n","protected":false},"author":1,"featured_media":772,"comment_status":"open","ping_status":"open","sticky":false,"template":"","format":"standard","meta":{"_jetpack_memberships_contains_paid_content":false,"footnotes":""},"categories":[24],"tags":[27,20,29,30,28],"class_list":["post-766","post","type-post","status-publish","format-standard","has-post-thumbnail","hentry","category-kin-ouest","tag-communion-fraternelle","tag-congo-ouest","tag-eglise-neo-apostolique","tag-rd-congo","tag-sendwe-masimanimba"],"yoast_head":"<!-- This site is optimized with the Yoast SEO plugin v25.3.1 - https:\/\/yoast.com\/wordpress\/plugins\/seo\/ -->\n<title>Communion fraternelle \u00e0 Sendwe-Masimanimba : un moment d\u2019unit\u00e9 et un message d\u2019imitation - Eglise N\u00e9o-Apostolique Kinshasa Ouest<\/title>\n<meta name=\"description\" content=\"La communion fraternelle \u00e0 Sendwe-Masimanimba illustre l\u2019amour, l\u2019unit\u00e9 et l\u2019imitation de Christ au sein des communaut\u00e9s n\u00e9o-apostoliques de la RD Congo Ouest.\" \/>\n<meta name=\"robots\" content=\"index, follow, max-snippet:-1, max-image-preview:large, max-video-preview:-1\" \/>\n<link rel=\"canonical\" href=\"https:\/\/ena-kinouest.net\/index.php\/2026\/01\/14\/communion-fraternelle-a-sendwe-masimanimba-un-moment-dunite-et-un-message-dimitation\/\" \/>\n<meta property=\"og:locale\" content=\"fr_FR\" \/>\n<meta property=\"og:type\" content=\"article\" \/>\n<meta property=\"og:title\" content=\"Communion fraternelle \u00e0 Sendwe-Masimanimba : un moment d\u2019unit\u00e9 et un message d\u2019imitation - Eglise N\u00e9o-Apostolique Kinshasa Ouest\" \/>\n<meta property=\"og:description\" content=\"La communion fraternelle \u00e0 Sendwe-Masimanimba illustre l\u2019amour, l\u2019unit\u00e9 et l\u2019imitation de Christ au sein des communaut\u00e9s n\u00e9o-apostoliques de la RD Congo Ouest.\" \/>\n<meta property=\"og:url\" content=\"https:\/\/ena-kinouest.net\/index.php\/2026\/01\/14\/communion-fraternelle-a-sendwe-masimanimba-un-moment-dunite-et-un-message-dimitation\/\" \/>\n<meta property=\"og:site_name\" content=\"Eglise N\u00e9o-Apostolique Kinshasa Ouest\" \/>\n<meta property=\"article:publisher\" content=\"https:\/\/web.facebook.com\/enardcouest\" \/>\n<meta property=\"article:published_time\" content=\"2026-01-13T23:13:03+00:00\" \/>\n<meta property=\"og:image\" content=\"https:\/\/ena-kinouest.net\/wp-content\/uploads\/2026\/01\/illus-1-scaled.jpg\" \/>\n\t<meta property=\"og:image:width\" content=\"2560\" \/>\n\t<meta property=\"og:image:height\" content=\"1427\" \/>\n\t<meta property=\"og:image:type\" content=\"image\/jpeg\" \/>\n<meta name=\"author\" content=\"Richard Ndambo\" \/>\n<meta name=\"twitter:card\" content=\"summary_large_image\" \/>\n<meta name=\"twitter:label1\" content=\"\u00c9crit par\" \/>\n\t<meta name=\"twitter:data1\" content=\"Richard Ndambo\" \/>\n\t<meta name=\"twitter:label2\" content=\"Dur\u00e9e de lecture estim\u00e9e\" \/>\n\t<meta name=\"twitter:data2\" content=\"3 minutes\" \/>\n<script type=\"application\/ld+json\" class=\"yoast-schema-graph\">{\"@context\":\"https:\/\/schema.org\",\"@graph\":[{\"@type\":\"Article\",\"@id\":\"https:\/\/ena-kinouest.net\/index.php\/2026\/01\/14\/communion-fraternelle-a-sendwe-masimanimba-un-moment-dunite-et-un-message-dimitation\/#article\",\"isPartOf\":{\"@id\":\"https:\/\/ena-kinouest.net\/index.php\/2026\/01\/14\/communion-fraternelle-a-sendwe-masimanimba-un-moment-dunite-et-un-message-dimitation\/\"},\"author\":{\"name\":\"Richard Ndambo\",\"@id\":\"https:\/\/ena-kinouest.net\/#\/schema\/person\/f7334ed5e23ccc9abd2568d6259181a8\"},\"headline\":\"Communion fraternelle \u00e0 Sendwe-Masimanimba : un moment d\u2019unit\u00e9 et un message d\u2019imitation\",\"datePublished\":\"2026-01-13T23:13:03+00:00\",\"mainEntityOfPage\":{\"@id\":\"https:\/\/ena-kinouest.net\/index.php\/2026\/01\/14\/communion-fraternelle-a-sendwe-masimanimba-un-moment-dunite-et-un-message-dimitation\/\"},\"wordCount\":520,\"commentCount\":0,\"publisher\":{\"@id\":\"https:\/\/ena-kinouest.net\/#organization\"},\"image\":{\"@id\":\"https:\/\/ena-kinouest.net\/index.php\/2026\/01\/14\/communion-fraternelle-a-sendwe-masimanimba-un-moment-dunite-et-un-message-dimitation\/#primaryimage\"},\"thumbnailUrl\":\"https:\/\/i0.wp.com\/ena-kinouest.net\/wp-content\/uploads\/2026\/01\/illus-1-scaled.jpg?fit=2560%2C1427&ssl=1\",\"keywords\":[\"Communion fraternelle\",\"congo-ouest\",\"\u00c9glise n\u00e9o-apostolique\",\"RD Congo\",\"Sendwe-Masimanimba\"],\"articleSection\":[\"Kin-Ouest\"],\"inLanguage\":\"fr-FR\",\"potentialAction\":[{\"@type\":\"CommentAction\",\"name\":\"Comment\",\"target\":[\"https:\/\/ena-kinouest.net\/index.php\/2026\/01\/14\/communion-fraternelle-a-sendwe-masimanimba-un-moment-dunite-et-un-message-dimitation\/#respond\"]}]},{\"@type\":\"WebPage\",\"@id\":\"https:\/\/ena-kinouest.net\/index.php\/2026\/01\/14\/communion-fraternelle-a-sendwe-masimanimba-un-moment-dunite-et-un-message-dimitation\/\",\"url\":\"https:\/\/ena-kinouest.net\/index.php\/2026\/01\/14\/communion-fraternelle-a-sendwe-masimanimba-un-moment-dunite-et-un-message-dimitation\/\",\"name\":\"Communion fraternelle \u00e0 Sendwe-Masimanimba : un moment d\u2019unit\u00e9 et un message d\u2019imitation - Eglise N\u00e9o-Apostolique Kinshasa Ouest\",\"isPartOf\":{\"@id\":\"https:\/\/ena-kinouest.net\/#website\"},\"primaryImageOfPage\":{\"@id\":\"https:\/\/ena-kinouest.net\/index.php\/2026\/01\/14\/communion-fraternelle-a-sendwe-masimanimba-un-moment-dunite-et-un-message-dimitation\/#primaryimage\"},\"image\":{\"@id\":\"https:\/\/ena-kinouest.net\/index.php\/2026\/01\/14\/communion-fraternelle-a-sendwe-masimanimba-un-moment-dunite-et-un-message-dimitation\/#primaryimage\"},\"thumbnailUrl\":\"https:\/\/i0.wp.com\/ena-kinouest.net\/wp-content\/uploads\/2026\/01\/illus-1-scaled.jpg?fit=2560%2C1427&ssl=1\",\"datePublished\":\"2026-01-13T23:13:03+00:00\",\"description\":\"La communion fraternelle \u00e0 Sendwe-Masimanimba illustre l\u2019amour, l\u2019unit\u00e9 et l\u2019imitation de Christ au sein des communaut\u00e9s n\u00e9o-apostoliques de la RD Congo Ouest.\",\"breadcrumb\":{\"@id\":\"https:\/\/ena-kinouest.net\/index.php\/2026\/01\/14\/communion-fraternelle-a-sendwe-masimanimba-un-moment-dunite-et-un-message-dimitation\/#breadcrumb\"},\"inLanguage\":\"fr-FR\",\"potentialAction\":[{\"@type\":\"ReadAction\",\"target\":[\"https:\/\/ena-kinouest.net\/index.php\/2026\/01\/14\/communion-fraternelle-a-sendwe-masimanimba-un-moment-dunite-et-un-message-dimitation\/\"]}]},{\"@type\":\"ImageObject\",\"inLanguage\":\"fr-FR\",\"@id\":\"https:\/\/ena-kinouest.net\/index.php\/2026\/01\/14\/communion-fraternelle-a-sendwe-masimanimba-un-moment-dunite-et-un-message-dimitation\/#primaryimage\",\"url\":\"https:\/\/i0.wp.com\/ena-kinouest.net\/wp-content\/uploads\/2026\/01\/illus-1-scaled.jpg?fit=2560%2C1427&ssl=1\",\"contentUrl\":\"https:\/\/i0.wp.com\/ena-kinouest.net\/wp-content\/uploads\/2026\/01\/illus-1-scaled.jpg?fit=2560%2C1427&ssl=1\",\"width\":2560,\"height\":1427},{\"@type\":\"BreadcrumbList\",\"@id\":\"https:\/\/ena-kinouest.net\/index.php\/2026\/01\/14\/communion-fraternelle-a-sendwe-masimanimba-un-moment-dunite-et-un-message-dimitation\/#breadcrumb\",\"itemListElement\":[{\"@type\":\"ListItem\",\"position\":1,\"name\":\"Accueil\",\"item\":\"https:\/\/ena-kinouest.net\/\"},{\"@type\":\"ListItem\",\"position\":2,\"name\":\"Communion fraternelle \u00e0 Sendwe-Masimanimba : un moment d\u2019unit\u00e9 et un message d\u2019imitation\"}]},{\"@type\":\"WebSite\",\"@id\":\"https:\/\/ena-kinouest.net\/#website\",\"url\":\"https:\/\/ena-kinouest.net\/\",\"name\":\"Eglise N\u00e9o-Apostolique Kinshasa Ouest\",\"description\":\"\",\"publisher\":{\"@id\":\"https:\/\/ena-kinouest.net\/#organization\"},\"alternateName\":\"ENA Kin-Ouest\",\"potentialAction\":[{\"@type\":\"SearchAction\",\"target\":{\"@type\":\"EntryPoint\",\"urlTemplate\":\"https:\/\/ena-kinouest.net\/?s={search_term_string}\"},\"query-input\":{\"@type\":\"PropertyValueSpecification\",\"valueRequired\":true,\"valueName\":\"search_term_string\"}}],\"inLanguage\":\"fr-FR\"},{\"@type\":\"Organization\",\"@id\":\"https:\/\/ena-kinouest.net\/#organization\",\"name\":\"Eglise N\u00e9o-Apostolique Kinshasa Ouest\",\"url\":\"https:\/\/ena-kinouest.net\/\",\"logo\":{\"@type\":\"ImageObject\",\"inLanguage\":\"fr-FR\",\"@id\":\"https:\/\/ena-kinouest.net\/#\/schema\/logo\/image\/\",\"url\":\"https:\/\/ena-kinouest.net\/wp-content\/uploads\/2023\/06\/Nak_logo.svg\",\"contentUrl\":\"https:\/\/ena-kinouest.net\/wp-content\/uploads\/2023\/06\/Nak_logo.svg\",\"width\":1493,\"height\":1491,\"caption\":\"Eglise N\u00e9o-Apostolique Kinshasa Ouest\"},\"image\":{\"@id\":\"https:\/\/ena-kinouest.net\/#\/schema\/logo\/image\/\"},\"sameAs\":[\"https:\/\/web.facebook.com\/enardcouest\",\"https:\/\/www.youtube.com\/@egliseneo-apostoliquekin-o4002\"]},{\"@type\":\"Person\",\"@id\":\"https:\/\/ena-kinouest.net\/#\/schema\/person\/f7334ed5e23ccc9abd2568d6259181a8\",\"name\":\"Richard Ndambo\",\"image\":{\"@type\":\"ImageObject\",\"inLanguage\":\"fr-FR\",\"@id\":\"https:\/\/ena-kinouest.net\/#\/schema\/person\/image\/\",\"url\":\"https:\/\/secure.gravatar.com\/avatar\/c6d701f2601c5305f8f43857230b2d8c2a589cb3e8df57744a048d17f21f7868?s=96&d=mm&r=g\",\"contentUrl\":\"https:\/\/secure.gravatar.com\/avatar\/c6d701f2601c5305f8f43857230b2d8c2a589cb3e8df57744a048d17f21f7868?s=96&d=mm&r=g\",\"caption\":\"Richard Ndambo\"},\"sameAs\":[\"https:\/\/ena-kinouest.net\"],\"url\":\"https:\/\/ena-kinouest.net\/index.php\/author\/rndambo\/\"}]}<\/script>\n<!-- \/ Yoast SEO plugin. -->","yoast_head_json":{"title":"Communion fraternelle \u00e0 Sendwe-Masimanimba : un moment d\u2019unit\u00e9 et un message d\u2019imitation - Eglise N\u00e9o-Apostolique Kinshasa Ouest","description":"La communion fraternelle \u00e0 Sendwe-Masimanimba illustre l\u2019amour, l\u2019unit\u00e9 et l\u2019imitation de Christ au sein des communaut\u00e9s n\u00e9o-apostoliques de la RD Congo Ouest.","robots":{"index":"index","follow":"follow","max-snippet":"max-snippet:-1","max-image-preview":"max-image-preview:large","max-video-preview":"max-video-preview:-1"},"canonical":"https:\/\/ena-kinouest.net\/index.php\/2026\/01\/14\/communion-fraternelle-a-sendwe-masimanimba-un-moment-dunite-et-un-message-dimitation\/","og_locale":"fr_FR","og_type":"article","og_title":"Communion fraternelle \u00e0 Sendwe-Masimanimba : un moment d\u2019unit\u00e9 et un message d\u2019imitation - Eglise N\u00e9o-Apostolique Kinshasa Ouest","og_description":"La communion fraternelle \u00e0 Sendwe-Masimanimba illustre l\u2019amour, l\u2019unit\u00e9 et l\u2019imitation de Christ au sein des communaut\u00e9s n\u00e9o-apostoliques de la RD Congo Ouest.","og_url":"https:\/\/ena-kinouest.net\/index.php\/2026\/01\/14\/communion-fraternelle-a-sendwe-masimanimba-un-moment-dunite-et-un-message-dimitation\/","og_site_name":"Eglise N\u00e9o-Apostolique Kinshasa Ouest","article_publisher":"https:\/\/web.facebook.com\/enardcouest","article_published_time":"2026-01-13T23:13:03+00:00","og_image":[{"width":2560,"height":1427,"url":"https:\/\/ena-kinouest.net\/wp-content\/uploads\/2026\/01\/illus-1-scaled.jpg","type":"image\/jpeg"}],"author":"Richard Ndambo","twitter_card":"summary_large_image","twitter_misc":{"\u00c9crit par":"Richard Ndambo","Dur\u00e9e de lecture estim\u00e9e":"3 minutes"},"schema":{"@context":"https:\/\/schema.org","@graph":[{"@type":"Article","@id":"https:\/\/ena-kinouest.net\/index.php\/2026\/01\/14\/communion-fraternelle-a-sendwe-masimanimba-un-moment-dunite-et-un-message-dimitation\/#article","isPartOf":{"@id":"https:\/\/ena-kinouest.net\/index.php\/2026\/01\/14\/communion-fraternelle-a-sendwe-masimanimba-un-moment-dunite-et-un-message-dimitation\/"},"author":{"name":"Richard Ndambo","@id":"https:\/\/ena-kinouest.net\/#\/schema\/person\/f7334ed5e23ccc9abd2568d6259181a8"},"headline":"Communion fraternelle \u00e0 Sendwe-Masimanimba : un moment d\u2019unit\u00e9 et un message d\u2019imitation","datePublished":"2026-01-13T23:13:03+00:00","mainEntityOfPage":{"@id":"https:\/\/ena-kinouest.net\/index.php\/2026\/01\/14\/communion-fraternelle-a-sendwe-masimanimba-un-moment-dunite-et-un-message-dimitation\/"},"wordCount":520,"commentCount":0,"publisher":{"@id":"https:\/\/ena-kinouest.net\/#organization"},"image":{"@id":"https:\/\/ena-kinouest.net\/index.php\/2026\/01\/14\/communion-fraternelle-a-sendwe-masimanimba-un-moment-dunite-et-un-message-dimitation\/#primaryimage"},"thumbnailUrl":"https:\/\/i0.wp.com\/ena-kinouest.net\/wp-content\/uploads\/2026\/01\/illus-1-scaled.jpg?fit=2560%2C1427&ssl=1","keywords":["Communion fraternelle","congo-ouest","\u00c9glise n\u00e9o-apostolique","RD Congo","Sendwe-Masimanimba"],"articleSection":["Kin-Ouest"],"inLanguage":"fr-FR","potentialAction":[{"@type":"CommentAction","name":"Comment","target":["https:\/\/ena-kinouest.net\/index.php\/2026\/01\/14\/communion-fraternelle-a-sendwe-masimanimba-un-moment-dunite-et-un-message-dimitation\/#respond"]}]},{"@type":"WebPage","@id":"https:\/\/ena-kinouest.net\/index.php\/2026\/01\/14\/communion-fraternelle-a-sendwe-masimanimba-un-moment-dunite-et-un-message-dimitation\/","url":"https:\/\/ena-kinouest.net\/index.php\/2026\/01\/14\/communion-fraternelle-a-sendwe-masimanimba-un-moment-dunite-et-un-message-dimitation\/","name":"Communion fraternelle \u00e0 Sendwe-Masimanimba : un moment d\u2019unit\u00e9 et un message d\u2019imitation - Eglise N\u00e9o-Apostolique Kinshasa Ouest","isPartOf":{"@id":"https:\/\/ena-kinouest.net\/#website"},"primaryImageOfPage":{"@id":"https:\/\/ena-kinouest.net\/index.php\/2026\/01\/14\/communion-fraternelle-a-sendwe-masimanimba-un-moment-dunite-et-un-message-dimitation\/#primaryimage"},"image":{"@id":"https:\/\/ena-kinouest.net\/index.php\/2026\/01\/14\/communion-fraternelle-a-sendwe-masimanimba-un-moment-dunite-et-un-message-dimitation\/#primaryimage"},"thumbnailUrl":"https:\/\/i0.wp.com\/ena-kinouest.net\/wp-content\/uploads\/2026\/01\/illus-1-scaled.jpg?fit=2560%2C1427&ssl=1","datePublished":"2026-01-13T23:13:03+00:00","description":"La communion fraternelle \u00e0 Sendwe-Masimanimba illustre l\u2019amour, l\u2019unit\u00e9 et l\u2019imitation de Christ au sein des communaut\u00e9s n\u00e9o-apostoliques de la RD Congo Ouest.","breadcrumb":{"@id":"https:\/\/ena-kinouest.net\/index.php\/2026\/01\/14\/communion-fraternelle-a-sendwe-masimanimba-un-moment-dunite-et-un-message-dimitation\/#breadcrumb"},"inLanguage":"fr-FR","potentialAction":[{"@type":"ReadAction","target":["https:\/\/ena-kinouest.net\/index.php\/2026\/01\/14\/communion-fraternelle-a-sendwe-masimanimba-un-moment-dunite-et-un-message-dimitation\/"]}]},{"@type":"ImageObject","inLanguage":"fr-FR","@id":"https:\/\/ena-kinouest.net\/index.php\/2026\/01\/14\/communion-fraternelle-a-sendwe-masimanimba-un-moment-dunite-et-un-message-dimitation\/#primaryimage","url":"https:\/\/i0.wp.com\/ena-kinouest.net\/wp-content\/uploads\/2026\/01\/illus-1-scaled.jpg?fit=2560%2C1427&ssl=1","contentUrl":"https:\/\/i0.wp.com\/ena-kinouest.net\/wp-content\/uploads\/2026\/01\/illus-1-scaled.jpg?fit=2560%2C1427&ssl=1","width":2560,"height":1427},{"@type":"BreadcrumbList","@id":"https:\/\/ena-kinouest.net\/index.php\/2026\/01\/14\/communion-fraternelle-a-sendwe-masimanimba-un-moment-dunite-et-un-message-dimitation\/#breadcrumb","itemListElement":[{"@type":"ListItem","position":1,"name":"Accueil","item":"https:\/\/ena-kinouest.net\/"},{"@type":"ListItem","position":2,"name":"Communion fraternelle \u00e0 Sendwe-Masimanimba : un moment d\u2019unit\u00e9 et un message d\u2019imitation"}]},{"@type":"WebSite","@id":"https:\/\/ena-kinouest.net\/#website","url":"https:\/\/ena-kinouest.net\/","name":"Eglise N\u00e9o-Apostolique Kinshasa Ouest","description":"","publisher":{"@id":"https:\/\/ena-kinouest.net\/#organization"},"alternateName":"ENA Kin-Ouest","potentialAction":[{"@type":"SearchAction","target":{"@type":"EntryPoint","urlTemplate":"https:\/\/ena-kinouest.net\/?s={search_term_string}"},"query-input":{"@type":"PropertyValueSpecification","valueRequired":true,"valueName":"search_term_string"}}],"inLanguage":"fr-FR"},{"@type":"Organization","@id":"https:\/\/ena-kinouest.net\/#organization","name":"Eglise N\u00e9o-Apostolique Kinshasa Ouest","url":"https:\/\/ena-kinouest.net\/","logo":{"@type":"ImageObject","inLanguage":"fr-FR","@id":"https:\/\/ena-kinouest.net\/#\/schema\/logo\/image\/","url":"https:\/\/ena-kinouest.net\/wp-content\/uploads\/2023\/06\/Nak_logo.svg","contentUrl":"https:\/\/ena-kinouest.net\/wp-content\/uploads\/2023\/06\/Nak_logo.svg","width":1493,"height":1491,"caption":"Eglise N\u00e9o-Apostolique Kinshasa Ouest"},"image":{"@id":"https:\/\/ena-kinouest.net\/#\/schema\/logo\/image\/"},"sameAs":["https:\/\/web.facebook.com\/enardcouest","https:\/\/www.youtube.com\/@egliseneo-apostoliquekin-o4002"]},{"@type":"Person","@id":"https:\/\/ena-kinouest.net\/#\/schema\/person\/f7334ed5e23ccc9abd2568d6259181a8","name":"Richard Ndambo","image":{"@type":"ImageObject","inLanguage":"fr-FR","@id":"https:\/\/ena-kinouest.net\/#\/schema\/person\/image\/","url":"https:\/\/secure.gravatar.com\/avatar\/c6d701f2601c5305f8f43857230b2d8c2a589cb3e8df57744a048d17f21f7868?s=96&d=mm&r=g","contentUrl":"https:\/\/secure.gravatar.com\/avatar\/c6d701f2601c5305f8f43857230b2d8c2a589cb3e8df57744a048d17f21f7868?s=96&d=mm&r=g","caption":"Richard Ndambo"},"sameAs":["https:\/\/ena-kinouest.net"],"url":"https:\/\/ena-kinouest.net\/index.php\/author\/rndambo\/"}]}},"jetpack_featured_media_url":"https:\/\/i0.wp.com\/ena-kinouest.net\/wp-content\/uploads\/2026\/01\/illus-1-scaled.jpg?fit=2560%2C1427&ssl=1","jetpack-related-posts":[],"jetpack_sharing_enabled":true,"_links":{"self":[{"href":"https:\/\/ena-kinouest.net\/index.php\/wp-json\/wp\/v2\/posts\/766","targetHints":{"allow":["GET"]}}],"collection":[{"href":"https:\/\/ena-kinouest.net\/index.php\/wp-json\/wp\/v2\/posts"}],"about":[{"href":"https:\/\/ena-kinouest.net\/index.php\/wp-json\/wp\/v2\/types\/post"}],"author":[{"embeddable":true,"href":"https:\/\/ena-kinouest.net\/index.php\/wp-json\/wp\/v2\/users\/1"}],"replies":[{"embeddable":true,"href":"https:\/\/ena-kinouest.net\/index.php\/wp-json\/wp\/v2\/comments?post=766"}],"version-history":[{"count":8,"href":"https:\/\/ena-kinouest.net\/index.php\/wp-json\/wp\/v2\/posts\/766\/revisions"}],"predecessor-version":[{"id":776,"href":"https:\/\/ena-kinouest.net\/index.php\/wp-json\/wp\/v2\/posts\/766\/revisions\/776"}],"wp:featuredmedia":[{"embeddable":true,"href":"https:\/\/ena-kinouest.net\/index.php\/wp-json\/wp\/v2\/media\/772"}],"wp:attachment":[{"href":"https:\/\/ena-kinouest.net\/index.php\/wp-json\/wp\/v2\/media?parent=766"}],"wp:term":[{"taxonomy":"category","embeddable":true,"href":"https:\/\/ena-kinouest.net\/index.php\/wp-json\/wp\/v2\/categories?post=766"},{"taxonomy":"post_tag","embeddable":true,"href":"https:\/\/ena-kinouest.net\/index.php\/wp-json\/wp\/v2\/tags?post=766"}],"curies":[{"name":"wp","href":"https:\/\/api.w.org\/{rel}","templated":true}]}}