{"id":777,"date":"2026-01-22T09:14:25","date_gmt":"2026-01-22T08:14:25","guid":{"rendered":"https:\/\/ena-kinouest.net\/?p=777"},"modified":"2026-01-22T17:34:16","modified_gmt":"2026-01-22T16:34:16","slug":"former-pour-batir-lavenir-leglise-renforce-les-moniteurs-de-lecodim","status":"publish","type":"post","link":"https:\/\/ena-kinouest.net\/index.php\/2026\/01\/22\/former-pour-batir-lavenir-leglise-renforce-les-moniteurs-de-lecodim\/","title":{"rendered":"Former pour b\u00e2tir l\u2019avenir : l\u2019\u00c9glise renforce les moniteurs de l\u2019ECODIM"},"content":{"rendered":"\t\t<div data-elementor-type=\"wp-post\" data-elementor-id=\"777\" class=\"elementor elementor-777\">\n\t\t\t\t\t\t<section class=\"elementor-section elementor-top-section elementor-element elementor-element-b6d961f elementor-section-boxed elementor-section-height-default elementor-section-height-default\" data-id=\"b6d961f\" data-element_type=\"section\">\n\t\t\t\t\t\t<div class=\"elementor-container elementor-column-gap-default\">\n\t\t\t\t\t<div class=\"elementor-column elementor-col-100 elementor-top-column elementor-element elementor-element-251b59a\" data-id=\"251b59a\" data-element_type=\"column\">\n\t\t\t<div class=\"elementor-widget-wrap elementor-element-populated\">\n\t\t\t\t\t\t<div class=\"elementor-element elementor-element-71f660a elementor-widget elementor-widget-text-editor\" data-id=\"71f660a\" data-element_type=\"widget\" data-widget_type=\"text-editor.default\">\n\t\t\t\t<div class=\"elementor-widget-container\">\n\t\t\t\t\t\t\t\t\t<p>L\u2019<a href=\"https:\/\/enardc-ouest.org\/fr\/home\">\u00c9glise N\u00e9o-Apostolique de la RD Congo Ouest<\/a> renforce le discipolat des enfants \u00e0 travers une formation de trois jours d\u00e9di\u00e9e aux moniteurs de l\u2019ECODIM \u00e0 Kinshasa Ouest, afin de consolider l\u2019enseignement biblique, la p\u00e9dagogie chr\u00e9tienne et l\u2019accompagnement spirituel des plus jeunes.<\/p>\t\t\t\t\t\t\t\t<\/div>\n\t\t\t\t<\/div>\n\t\t\t\t\t<\/div>\n\t\t<\/div>\n\t\t\t\t\t<\/div>\n\t\t<\/section>\n\t\t\t\t<section class=\"elementor-section elementor-top-section elementor-element elementor-element-6d41e04 elementor-section-boxed elementor-section-height-default elementor-section-height-default\" data-id=\"6d41e04\" data-element_type=\"section\">\n\t\t\t\t\t\t<div class=\"elementor-container elementor-column-gap-default\">\n\t\t\t\t\t<div class=\"elementor-column elementor-col-100 elementor-top-column elementor-element elementor-element-7dbb5b5\" data-id=\"7dbb5b5\" data-element_type=\"column\">\n\t\t\t<div class=\"elementor-widget-wrap elementor-element-populated\">\n\t\t\t\t\t\t<div class=\"elementor-element elementor-element-2b2809a elementor-widget elementor-widget-text-editor\" data-id=\"2b2809a\" data-element_type=\"widget\" data-widget_type=\"text-editor.default\">\n\t\t\t\t<div class=\"elementor-widget-container\">\n\t\t\t\t\t\t\t\t\t<p><em>R\u00e9cit de: Bukasa Isaac<\/em><\/p>\t\t\t\t\t\t\t\t<\/div>\n\t\t\t\t<\/div>\n\t\t\t\t\t<\/div>\n\t\t<\/div>\n\t\t\t\t\t<\/div>\n\t\t<\/section>\n\t\t\t\t<section class=\"elementor-section elementor-top-section elementor-element elementor-element-cb9cc8d elementor-section-boxed elementor-section-height-default elementor-section-height-default\" data-id=\"cb9cc8d\" data-element_type=\"section\">\n\t\t\t\t\t\t<div class=\"elementor-container elementor-column-gap-default\">\n\t\t\t\t\t<div class=\"elementor-column elementor-col-100 elementor-top-column elementor-element elementor-element-e4fc078\" data-id=\"e4fc078\" data-element_type=\"column\">\n\t\t\t<div class=\"elementor-widget-wrap elementor-element-populated\">\n\t\t\t\t\t\t<div class=\"elementor-element elementor-element-a8894a2 elementor-widget elementor-widget-image\" data-id=\"a8894a2\" data-element_type=\"widget\" data-widget_type=\"image.default\">\n\t\t\t\t<div class=\"elementor-widget-container\">\n\t\t\t\t\t\t\t\t\t\t\t\t\t\t\t<img fetchpriority=\"high\" decoding=\"async\" width=\"800\" height=\"600\" src=\"https:\/\/i0.wp.com\/ena-kinouest.net\/wp-content\/uploads\/2026\/01\/Ecodim-Kinshasa-Ouest-.jpg?fit=800%2C600&amp;ssl=1\" class=\"attachment-large size-large wp-image-779\" alt=\"\" srcset=\"https:\/\/i0.wp.com\/ena-kinouest.net\/wp-content\/uploads\/2026\/01\/Ecodim-Kinshasa-Ouest-.jpg?w=1280&amp;ssl=1 1280w, https:\/\/i0.wp.com\/ena-kinouest.net\/wp-content\/uploads\/2026\/01\/Ecodim-Kinshasa-Ouest-.jpg?resize=300%2C225&amp;ssl=1 300w, https:\/\/i0.wp.com\/ena-kinouest.net\/wp-content\/uploads\/2026\/01\/Ecodim-Kinshasa-Ouest-.jpg?resize=1024%2C768&amp;ssl=1 1024w, https:\/\/i0.wp.com\/ena-kinouest.net\/wp-content\/uploads\/2026\/01\/Ecodim-Kinshasa-Ouest-.jpg?resize=768%2C576&amp;ssl=1 768w\" sizes=\"(max-width: 800px) 100vw, 800px\" \/>\t\t\t\t\t\t\t\t\t\t\t\t\t\t\t<\/div>\n\t\t\t\t<\/div>\n\t\t\t\t\t<\/div>\n\t\t<\/div>\n\t\t\t\t\t<\/div>\n\t\t<\/section>\n\t\t\t\t<section class=\"elementor-section elementor-top-section elementor-element elementor-element-26aa740 elementor-section-boxed elementor-section-height-default elementor-section-height-default\" data-id=\"26aa740\" data-element_type=\"section\">\n\t\t\t\t\t\t<div class=\"elementor-container elementor-column-gap-default\">\n\t\t\t\t\t<div class=\"elementor-column elementor-col-100 elementor-top-column elementor-element elementor-element-e8a7178\" data-id=\"e8a7178\" data-element_type=\"column\">\n\t\t\t<div class=\"elementor-widget-wrap elementor-element-populated\">\n\t\t\t\t\t\t<div class=\"elementor-element elementor-element-d29b6f5 elementor-widget elementor-widget-text-editor\" data-id=\"d29b6f5\" data-element_type=\"widget\" data-widget_type=\"text-editor.default\">\n\t\t\t\t<div class=\"elementor-widget-container\">\n\t\t\t\t\t\t\t\t\t<p>C\u2019est dans cette dynamique que les moniteurs issus de l\u2019ensemble du champ apostolique de Kinshasa Ouest ont pris part \u00e0 une session de formation du 15 au 17 janvier 2026, organis\u00e9e dans la communaut\u00e9 Victoire. Pendant trois jours, les encadreurs des enfants ont \u00e9t\u00e9 outill\u00e9s tant sur le plan spirituel que p\u00e9dagogique, afin de mieux remplir leur mission aupr\u00e8s des plus jeunes.<\/p>\t\t\t\t\t\t\t\t<\/div>\n\t\t\t\t<\/div>\n\t\t\t\t\t<\/div>\n\t\t<\/div>\n\t\t\t\t\t<\/div>\n\t\t<\/section>\n\t\t\t\t<section class=\"elementor-section elementor-top-section elementor-element elementor-element-49c0404 elementor-section-boxed elementor-section-height-default elementor-section-height-default\" data-id=\"49c0404\" data-element_type=\"section\">\n\t\t\t\t\t\t<div class=\"elementor-container elementor-column-gap-default\">\n\t\t\t\t\t<div class=\"elementor-column elementor-col-100 elementor-top-column elementor-element elementor-element-4a92f7f\" data-id=\"4a92f7f\" data-element_type=\"column\">\n\t\t\t<div class=\"elementor-widget-wrap elementor-element-populated\">\n\t\t\t\t\t\t<div class=\"elementor-element elementor-element-c0386e5 elementor-widget elementor-widget-heading\" data-id=\"c0386e5\" data-element_type=\"widget\" data-widget_type=\"heading.default\">\n\t\t\t\t<div class=\"elementor-widget-container\">\n\t\t\t\t\t<h2 class=\"elementor-heading-title elementor-size-default\">Le discipolat au c\u0153ur de la mission de l\u2019\u00c9glise<\/h2>\t\t\t\t<\/div>\n\t\t\t\t<\/div>\n\t\t\t\t\t<\/div>\n\t\t<\/div>\n\t\t\t\t\t<\/div>\n\t\t<\/section>\n\t\t\t\t<section class=\"elementor-section elementor-top-section elementor-element elementor-element-20bf65a elementor-section-boxed elementor-section-height-default elementor-section-height-default\" data-id=\"20bf65a\" data-element_type=\"section\">\n\t\t\t\t\t\t<div class=\"elementor-container elementor-column-gap-default\">\n\t\t\t\t\t<div class=\"elementor-column elementor-col-100 elementor-top-column elementor-element elementor-element-7ee0a22\" data-id=\"7ee0a22\" data-element_type=\"column\">\n\t\t\t<div class=\"elementor-widget-wrap elementor-element-populated\">\n\t\t\t\t\t\t<div class=\"elementor-element elementor-element-e726e4f elementor-widget elementor-widget-text-editor\" data-id=\"e726e4f\" data-element_type=\"widget\" data-widget_type=\"text-editor.default\">\n\t\t\t\t<div class=\"elementor-widget-container\">\n\t\t\t\t\t\t\t\t\t<p>\u00ab Faire de tous les hommes des disciples du Christ \u00bb demeure l\u2019essence m\u00eame de la mission de l\u2019\u00c9glise, telle qu\u2019enseign\u00e9e dans le cat\u00e9chisme n\u00e9o-apostolique. Cette mission s\u2019exprime par l\u2019annonce de l\u2019\u00c9vangile, l\u2019administration des sacrements et l\u2019accompagnement pastoral.<\/p>\t\t\t\t\t\t\t\t<\/div>\n\t\t\t\t<\/div>\n\t\t\t\t\t<\/div>\n\t\t<\/div>\n\t\t\t\t\t<\/div>\n\t\t<\/section>\n\t\t\t\t<section class=\"elementor-section elementor-top-section elementor-element elementor-element-755e8ab elementor-section-boxed elementor-section-height-default elementor-section-height-default\" data-id=\"755e8ab\" data-element_type=\"section\">\n\t\t\t\t\t\t<div class=\"elementor-container elementor-column-gap-default\">\n\t\t\t\t\t<div class=\"elementor-column elementor-col-100 elementor-top-column elementor-element elementor-element-3a919bc\" data-id=\"3a919bc\" data-element_type=\"column\">\n\t\t\t<div class=\"elementor-widget-wrap elementor-element-populated\">\n\t\t\t\t\t\t<div class=\"elementor-element elementor-element-b2841f4 elementor-widget elementor-widget-text-editor\" data-id=\"b2841f4\" data-element_type=\"widget\" data-widget_type=\"text-editor.default\">\n\t\t\t\t<div class=\"elementor-widget-container\">\n\t\t\t\t\t\t\t\t\t<p>Pour l\u2019ann\u00e9e 2026, le discipolat s\u2019impose comme l\u2019objectif central de toutes les actions pastorales, \u00e9ducatives et r\u00e9cr\u00e9atives, qu\u2019elles soient destin\u00e9es aux adultes ou aux enfants. C\u2019est dans cette optique que l\u2019\u00c9glise territoriale a intensifi\u00e9 ses efforts en faveur de l\u2019ECODIM, convaincue que la formation des moniteurs constitue un levier essentiel pour former des disciples solides, d\u00e8s le plus jeune \u00e2ge.<\/p>\t\t\t\t\t\t\t\t<\/div>\n\t\t\t\t<\/div>\n\t\t\t\t\t<\/div>\n\t\t<\/div>\n\t\t\t\t\t<\/div>\n\t\t<\/section>\n\t\t\t\t<section class=\"elementor-section elementor-top-section elementor-element elementor-element-4fab8ae elementor-section-boxed elementor-section-height-default elementor-section-height-default\" data-id=\"4fab8ae\" data-element_type=\"section\">\n\t\t\t\t\t\t<div class=\"elementor-container elementor-column-gap-default\">\n\t\t\t\t\t<div class=\"elementor-column elementor-col-100 elementor-top-column elementor-element elementor-element-3b4e757\" data-id=\"3b4e757\" data-element_type=\"column\">\n\t\t\t<div class=\"elementor-widget-wrap elementor-element-populated\">\n\t\t\t\t\t\t<div class=\"elementor-element elementor-element-aa36112 elementor-widget elementor-widget-heading\" data-id=\"aa36112\" data-element_type=\"widget\" data-widget_type=\"heading.default\">\n\t\t\t\t<div class=\"elementor-widget-container\">\n\t\t\t\t\t<h2 class=\"elementor-heading-title elementor-size-default\">Une formation pour fa\u00e7onner des disciples aujourd\u2019hui et pour l\u2019\u00e9ternit\u00e9<\/h2>\t\t\t\t<\/div>\n\t\t\t\t<\/div>\n\t\t\t\t\t<\/div>\n\t\t<\/div>\n\t\t\t\t\t<\/div>\n\t\t<\/section>\n\t\t\t\t<section class=\"elementor-section elementor-top-section elementor-element elementor-element-c3948c8 elementor-section-boxed elementor-section-height-default elementor-section-height-default\" data-id=\"c3948c8\" data-element_type=\"section\">\n\t\t\t\t\t\t<div class=\"elementor-container elementor-column-gap-default\">\n\t\t\t\t\t<div class=\"elementor-column elementor-col-100 elementor-top-column elementor-element elementor-element-f088636\" data-id=\"f088636\" data-element_type=\"column\">\n\t\t\t<div class=\"elementor-widget-wrap elementor-element-populated\">\n\t\t\t\t\t\t<div class=\"elementor-element elementor-element-5dc7197 elementor-widget elementor-widget-text-editor\" data-id=\"5dc7197\" data-element_type=\"widget\" data-widget_type=\"text-editor.default\">\n\t\t\t\t<div class=\"elementor-widget-container\">\n\t\t\t\t\t\t\t\t\t<p>Apr\u00e8s une premi\u00e8re phase de formation des responsables de l\u2019ECODIM au niveau des champs apostoliques, cette session a concern\u00e9 les moniteurs de diff\u00e9rents districts de Kinshasa Ouest. L\u2019enjeu \u00e9tait clair : doter les encadreurs des connaissances, des aptitudes et de la conviction n\u00e9cessaires pour accompagner les enfants sur le chemin de la foi.<\/p>\t\t\t\t\t\t\t\t<\/div>\n\t\t\t\t<\/div>\n\t\t\t\t\t<\/div>\n\t\t<\/div>\n\t\t\t\t\t<\/div>\n\t\t<\/section>\n\t\t\t\t<section class=\"elementor-section elementor-top-section elementor-element elementor-element-98f6434 elementor-section-boxed elementor-section-height-default elementor-section-height-default\" data-id=\"98f6434\" data-element_type=\"section\">\n\t\t\t\t\t\t<div class=\"elementor-container elementor-column-gap-default\">\n\t\t\t\t\t<div class=\"elementor-column elementor-col-100 elementor-top-column elementor-element elementor-element-2b49140\" data-id=\"2b49140\" data-element_type=\"column\">\n\t\t\t<div class=\"elementor-widget-wrap elementor-element-populated\">\n\t\t\t\t\t\t<div class=\"elementor-element elementor-element-cd1e55f elementor-widget elementor-widget-text-editor\" data-id=\"cd1e55f\" data-element_type=\"widget\" data-widget_type=\"text-editor.default\">\n\t\t\t\t<div class=\"elementor-widget-container\">\n\t\t\t\t\t\t\t\t\t<p>\u00catre disciple du Christ, ont rappel\u00e9 les enseignements, ce n\u2019est pas seulement conna\u00eetre les Saintes \u00c9critures. C\u2019est aussi comprendre leur message, conformer sa vie aux exigences de l\u2019\u00c9vangile, et vivre dans l\u2019attente du retour du Seigneur et de la vie \u00e9ternelle. Cette conviction devait s\u2019ancrer profond\u00e9ment dans le c\u0153ur de chaque moniteur \u00e0 l\u2019issue de ces journ\u00e9es riches et intenses.<\/p>\t\t\t\t\t\t\t\t<\/div>\n\t\t\t\t<\/div>\n\t\t\t\t\t<\/div>\n\t\t<\/div>\n\t\t\t\t\t<\/div>\n\t\t<\/section>\n\t\t\t\t<section class=\"elementor-section elementor-top-section elementor-element elementor-element-e6bc946 elementor-section-boxed elementor-section-height-default elementor-section-height-default\" data-id=\"e6bc946\" data-element_type=\"section\">\n\t\t\t\t\t\t<div class=\"elementor-container elementor-column-gap-default\">\n\t\t\t\t\t<div class=\"elementor-column elementor-col-100 elementor-top-column elementor-element elementor-element-2721741\" data-id=\"2721741\" data-element_type=\"column\">\n\t\t\t<div class=\"elementor-widget-wrap elementor-element-populated\">\n\t\t\t\t\t\t<div class=\"elementor-element elementor-element-6acfc31 elementor-widget elementor-widget-heading\" data-id=\"6acfc31\" data-element_type=\"widget\" data-widget_type=\"heading.default\">\n\t\t\t\t<div class=\"elementor-widget-container\">\n\t\t\t\t\t<h2 class=\"elementor-heading-title elementor-size-default\">Un enseignement qui fa\u00e7onne la foi et la vie<\/h2>\t\t\t\t<\/div>\n\t\t\t\t<\/div>\n\t\t\t\t\t<\/div>\n\t\t<\/div>\n\t\t\t\t\t<\/div>\n\t\t<\/section>\n\t\t\t\t<section class=\"elementor-section elementor-top-section elementor-element elementor-element-7f93fa4 elementor-section-boxed elementor-section-height-default elementor-section-height-default\" data-id=\"7f93fa4\" data-element_type=\"section\">\n\t\t\t\t\t\t<div class=\"elementor-container elementor-column-gap-default\">\n\t\t\t\t\t<div class=\"elementor-column elementor-col-100 elementor-top-column elementor-element elementor-element-55c92c5\" data-id=\"55c92c5\" data-element_type=\"column\">\n\t\t\t<div class=\"elementor-widget-wrap elementor-element-populated\">\n\t\t\t\t\t\t<div class=\"elementor-element elementor-element-be8aeb4 elementor-widget elementor-widget-text-editor\" data-id=\"be8aeb4\" data-element_type=\"widget\" data-widget_type=\"text-editor.default\">\n\t\t\t\t<div class=\"elementor-widget-container\">\n\t\t\t\t\t\t\t\t\t<p>\u00c0 l\u2019ECODIM, la transmission des r\u00e9cits bibliques ne constitue qu\u2019une partie de la mission. L\u2019\u00e9cole du dimanche est \u00e9galement un lieu d\u2019apprentissage des valeurs chr\u00e9tiennes et de leur mise en pratique concr\u00e8te dans la vie quotidienne.<\/p>\t\t\t\t\t\t\t\t<\/div>\n\t\t\t\t<\/div>\n\t\t\t\t\t<\/div>\n\t\t<\/div>\n\t\t\t\t\t<\/div>\n\t\t<\/section>\n\t\t\t\t<section class=\"elementor-section elementor-top-section elementor-element elementor-element-1d8cea2 elementor-section-boxed elementor-section-height-default elementor-section-height-default\" data-id=\"1d8cea2\" data-element_type=\"section\">\n\t\t\t\t\t\t<div class=\"elementor-container elementor-column-gap-default\">\n\t\t\t\t\t<div class=\"elementor-column elementor-col-100 elementor-top-column elementor-element elementor-element-bbdccd4\" data-id=\"bbdccd4\" data-element_type=\"column\">\n\t\t\t<div class=\"elementor-widget-wrap elementor-element-populated\">\n\t\t\t\t\t\t<div class=\"elementor-element elementor-element-e95be20 elementor-widget elementor-widget-text-editor\" data-id=\"e95be20\" data-element_type=\"widget\" data-widget_type=\"text-editor.default\">\n\t\t\t\t<div class=\"elementor-widget-container\">\n\t\t\t\t\t\t\t\t\t<p>Dans cette dynamique, les r\u00f4les sont compl\u00e9mentaires : les <strong>moniteurs<\/strong> assurent la dimension p\u00e9dagogique; les <strong>ministres<\/strong> veillent \u00e0 la dimension spirituelle; et les <strong>parents et la communaut\u00e9<\/strong> sont appel\u00e9s \u00e0 soutenir cet enseignement par l\u2019exemple.<\/p>\t\t\t\t\t\t\t\t<\/div>\n\t\t\t\t<\/div>\n\t\t\t\t\t<\/div>\n\t\t<\/div>\n\t\t\t\t\t<\/div>\n\t\t<\/section>\n\t\t\t\t<section class=\"elementor-section elementor-top-section elementor-element elementor-element-e7d9b68 elementor-section-boxed elementor-section-height-default elementor-section-height-default\" data-id=\"e7d9b68\" data-element_type=\"section\">\n\t\t\t\t\t\t<div class=\"elementor-container elementor-column-gap-default\">\n\t\t\t\t\t<div class=\"elementor-column elementor-col-100 elementor-top-column elementor-element elementor-element-ae27fc1\" data-id=\"ae27fc1\" data-element_type=\"column\">\n\t\t\t<div class=\"elementor-widget-wrap elementor-element-populated\">\n\t\t\t\t\t\t<div class=\"elementor-element elementor-element-c96aaa0 elementor-widget elementor-widget-text-editor\" data-id=\"c96aaa0\" data-element_type=\"widget\" data-widget_type=\"text-editor.default\">\n\t\t\t\t<div class=\"elementor-widget-container\">\n\t\t\t\t\t\t\t\t\t<p>Ce t\u00e9moignage de vie constitue un \u00e9l\u00e9ment cl\u00e9 de l\u2019apprentissage, car les enfants apprennent autant par l\u2019\u00e9coute que par l\u2019imitation.<\/p>\t\t\t\t\t\t\t\t<\/div>\n\t\t\t\t<\/div>\n\t\t\t\t\t<\/div>\n\t\t<\/div>\n\t\t\t\t\t<\/div>\n\t\t<\/section>\n\t\t\t\t<section class=\"elementor-section elementor-top-section elementor-element elementor-element-032d6d3 elementor-section-boxed elementor-section-height-default elementor-section-height-default\" data-id=\"032d6d3\" data-element_type=\"section\">\n\t\t\t\t\t\t<div class=\"elementor-container elementor-column-gap-default\">\n\t\t\t\t\t<div class=\"elementor-column elementor-col-100 elementor-top-column elementor-element elementor-element-0411f5a\" data-id=\"0411f5a\" data-element_type=\"column\">\n\t\t\t<div class=\"elementor-widget-wrap elementor-element-populated\">\n\t\t\t\t\t\t<div class=\"elementor-element elementor-element-2a5bae4 elementor-widget elementor-widget-heading\" data-id=\"2a5bae4\" data-element_type=\"widget\" data-widget_type=\"heading.default\">\n\t\t\t\t<div class=\"elementor-widget-container\">\n\t\t\t\t\t<h2 class=\"elementor-heading-title elementor-size-default\">Des outils adapt\u00e9s et un profil de moniteur clairement d\u00e9fini<\/h2>\t\t\t\t<\/div>\n\t\t\t\t<\/div>\n\t\t\t\t\t<\/div>\n\t\t<\/div>\n\t\t\t\t\t<\/div>\n\t\t<\/section>\n\t\t\t\t<section class=\"elementor-section elementor-top-section elementor-element elementor-element-54a4459 elementor-section-boxed elementor-section-height-default elementor-section-height-default\" data-id=\"54a4459\" data-element_type=\"section\">\n\t\t\t\t\t\t<div class=\"elementor-container elementor-column-gap-default\">\n\t\t\t\t\t<div class=\"elementor-column elementor-col-100 elementor-top-column elementor-element elementor-element-8ad240b\" data-id=\"8ad240b\" data-element_type=\"column\">\n\t\t\t<div class=\"elementor-widget-wrap elementor-element-populated\">\n\t\t\t\t\t\t<div class=\"elementor-element elementor-element-3dfe4d2 elementor-widget elementor-widget-text-editor\" data-id=\"3dfe4d2\" data-element_type=\"widget\" data-widget_type=\"text-editor.default\">\n\t\t\t\t<div class=\"elementor-widget-container\">\n\t\t\t\t\t\t\t\t\t<p>Pour atteindre les objectifs assign\u00e9s \u00e0 l\u2019ECODIM, les moniteurs s\u2019appuient sur le nouveau manuel de l\u2019\u00e9cole du dimanche, mis \u00e0 disposition par l\u2019\u00c9glise territoriale. Ce manuel est structur\u00e9 autour d\u2019\u00e9l\u00e9ments contraignants, obligatoires, recommand\u00e9s et facultatifs, afin d\u2019assurer une approche harmonis\u00e9e de l\u2019enseignement.<\/p>\t\t\t\t\t\t\t\t<\/div>\n\t\t\t\t<\/div>\n\t\t\t\t\t<\/div>\n\t\t<\/div>\n\t\t\t\t\t<\/div>\n\t\t<\/section>\n\t\t\t\t<section class=\"elementor-section elementor-top-section elementor-element elementor-element-36ec905 elementor-section-boxed elementor-section-height-default elementor-section-height-default\" data-id=\"36ec905\" data-element_type=\"section\">\n\t\t\t\t\t\t<div class=\"elementor-container elementor-column-gap-default\">\n\t\t\t\t\t<div class=\"elementor-column elementor-col-100 elementor-top-column elementor-element elementor-element-ecc4a83\" data-id=\"ecc4a83\" data-element_type=\"column\">\n\t\t\t<div class=\"elementor-widget-wrap elementor-element-populated\">\n\t\t\t\t\t\t<div class=\"elementor-element elementor-element-e5cb342 elementor-widget elementor-widget-text-editor\" data-id=\"e5cb342\" data-element_type=\"widget\" data-widget_type=\"text-editor.default\">\n\t\t\t\t<div class=\"elementor-widget-container\">\n\t\t\t\t\t\t\t\t\t<p>Les enfants sont \u00e9galement int\u00e9gr\u00e9s \u00e0 la vie liturgique \u00e0 travers leur participation au service divin et l\u2019apprentissage des cantiques n\u00e9o-apostoliques.<\/p>\t\t\t\t\t\t\t\t<\/div>\n\t\t\t\t<\/div>\n\t\t\t\t\t<\/div>\n\t\t<\/div>\n\t\t\t\t\t<\/div>\n\t\t<\/section>\n\t\t\t\t<section class=\"elementor-section elementor-top-section elementor-element elementor-element-fd495f9 elementor-section-boxed elementor-section-height-default elementor-section-height-default\" data-id=\"fd495f9\" data-element_type=\"section\">\n\t\t\t\t\t\t<div class=\"elementor-container elementor-column-gap-default\">\n\t\t\t\t\t<div class=\"elementor-column elementor-col-100 elementor-top-column elementor-element elementor-element-88ec9ab\" data-id=\"88ec9ab\" data-element_type=\"column\">\n\t\t\t<div class=\"elementor-widget-wrap elementor-element-populated\">\n\t\t\t\t\t\t<div class=\"elementor-element elementor-element-e6c7f28 elementor-widget elementor-widget-text-editor\" data-id=\"e6c7f28\" data-element_type=\"widget\" data-widget_type=\"text-editor.default\">\n\t\t\t\t<div class=\"elementor-widget-container\">\n\t\t\t\t\t\t\t\t\t<p>Chaque moniteur est par ailleurs invit\u00e9 \u00e0 s\u2019auto\u00e9valuer et \u00e0 progresser en fonction d\u2019un profil de comp\u00e9tences clairement d\u00e9fini par l\u2019\u00c9glise. Ces comp\u00e9tences visent \u00e0 permettre un accompagnement adapt\u00e9 des enfants \u00e2g\u00e9s de 6 \u00e0 12 ans, en tenant compte de leur stade de d\u00e9veloppement et de leurs diff\u00e9rentes mani\u00e8res d\u2019apprendre : visuelle, auditive, tactile et kinesth\u00e9sique.<\/p>\t\t\t\t\t\t\t\t<\/div>\n\t\t\t\t<\/div>\n\t\t\t\t\t<\/div>\n\t\t<\/div>\n\t\t\t\t\t<\/div>\n\t\t<\/section>\n\t\t\t\t<section class=\"elementor-section elementor-top-section elementor-element elementor-element-b07d84d elementor-section-boxed elementor-section-height-default elementor-section-height-default\" data-id=\"b07d84d\" data-element_type=\"section\">\n\t\t\t\t\t\t<div class=\"elementor-container elementor-column-gap-default\">\n\t\t\t\t\t<div class=\"elementor-column elementor-col-100 elementor-top-column elementor-element elementor-element-893c502\" data-id=\"893c502\" data-element_type=\"column\">\n\t\t\t<div class=\"elementor-widget-wrap elementor-element-populated\">\n\t\t\t\t\t\t<div class=\"elementor-element elementor-element-2ac7721 elementor-widget elementor-widget-heading\" data-id=\"2ac7721\" data-element_type=\"widget\" data-widget_type=\"heading.default\">\n\t\t\t\t<div class=\"elementor-widget-container\">\n\t\t\t\t\t<h2 class=\"elementor-heading-title elementor-size-default\">Garder le cap face \u00e0 l\u2019adversaire<\/h2>\t\t\t\t<\/div>\n\t\t\t\t<\/div>\n\t\t\t\t\t<\/div>\n\t\t<\/div>\n\t\t\t\t\t<\/div>\n\t\t<\/section>\n\t\t\t\t<section class=\"elementor-section elementor-top-section elementor-element elementor-element-366a4bf elementor-section-boxed elementor-section-height-default elementor-section-height-default\" data-id=\"366a4bf\" data-element_type=\"section\">\n\t\t\t\t\t\t<div class=\"elementor-container elementor-column-gap-default\">\n\t\t\t\t\t<div class=\"elementor-column elementor-col-100 elementor-top-column elementor-element elementor-element-6c6b218\" data-id=\"6c6b218\" data-element_type=\"column\">\n\t\t\t<div class=\"elementor-widget-wrap elementor-element-populated\">\n\t\t\t\t\t\t<div class=\"elementor-element elementor-element-60bc657 elementor-widget elementor-widget-text-editor\" data-id=\"60bc657\" data-element_type=\"widget\" data-widget_type=\"text-editor.default\">\n\t\t\t\t<div class=\"elementor-widget-container\">\n\t\t\t\t\t\t\t\t\t<p>Dans la continuit\u00e9 de l\u2019ann\u00e9e 2025, l\u2019activit\u00e9 p\u00e9dagogique \u00ab Viser le but chaque jour \u00bb sera \u00e9galement poursuivie. \u00c0 travers l\u2019illustration du football, les enfants de l\u2019ECODIM sont appel\u00e9s \u00e0 comprendre comment faire face \u00e0 l\u2019adversaire et \u00e0 tendre vers une vie conforme \u00e0 celle du Christ.<\/p>\t\t\t\t\t\t\t\t<\/div>\n\t\t\t\t<\/div>\n\t\t\t\t\t<\/div>\n\t\t<\/div>\n\t\t\t\t\t<\/div>\n\t\t<\/section>\n\t\t\t\t<section class=\"elementor-section elementor-top-section elementor-element elementor-element-63a84b9 elementor-section-boxed elementor-section-height-default elementor-section-height-default\" data-id=\"63a84b9\" data-element_type=\"section\">\n\t\t\t\t\t\t<div class=\"elementor-container elementor-column-gap-default\">\n\t\t\t\t\t<div class=\"elementor-column elementor-col-100 elementor-top-column elementor-element elementor-element-c9b6af4\" data-id=\"c9b6af4\" data-element_type=\"column\">\n\t\t\t<div class=\"elementor-widget-wrap elementor-element-populated\">\n\t\t\t\t\t\t<div class=\"elementor-element elementor-element-360f533 elementor-widget elementor-widget-text-editor\" data-id=\"360f533\" data-element_type=\"widget\" data-widget_type=\"text-editor.default\">\n\t\t\t\t<div class=\"elementor-widget-container\">\n\t\t\t\t\t\t\t\t\t<p>Cette approche met en \u00e9vidence trois piliers essentiels de la vie chr\u00e9tienne : la pri\u00e8re, la connaissance de la Parole de Dieu, et la vigilance, appel\u00e9es \u00e0 se refl\u00e9ter dans les pens\u00e9es, les paroles et les actes.<\/p>\t\t\t\t\t\t\t\t<\/div>\n\t\t\t\t<\/div>\n\t\t\t\t\t<\/div>\n\t\t<\/div>\n\t\t\t\t\t<\/div>\n\t\t<\/section>\n\t\t\t\t<section class=\"elementor-section elementor-top-section elementor-element elementor-element-8cc7bef elementor-section-boxed elementor-section-height-default elementor-section-height-default\" data-id=\"8cc7bef\" data-element_type=\"section\">\n\t\t\t\t\t\t<div class=\"elementor-container elementor-column-gap-default\">\n\t\t\t\t\t<div class=\"elementor-column elementor-col-100 elementor-top-column elementor-element elementor-element-51e9ab3\" data-id=\"51e9ab3\" data-element_type=\"column\">\n\t\t\t<div class=\"elementor-widget-wrap elementor-element-populated\">\n\t\t\t\t\t\t<div class=\"elementor-element elementor-element-52fc864 elementor-widget elementor-widget-text-editor\" data-id=\"52fc864\" data-element_type=\"widget\" data-widget_type=\"text-editor.default\">\n\t\t\t\t<div class=\"elementor-widget-container\">\n\t\t\t\t\t\t\t\t\t<p>En renfor\u00e7ant les comp\u00e9tences spirituelles et p\u00e9dagogiques des moniteurs, cette formation de l\u2019ECODIM confirme la volont\u00e9 de l\u2019<a href=\"https:\/\/enardc-ouest.org\/fr\/home\">\u00c9glise territoriale<\/a> de pr\u00e9parer une g\u00e9n\u00e9ration d\u2019enfants enracin\u00e9s dans la foi, joyeux dans la communion fraternelle et engag\u00e9s sur le chemin qui conduit au Royaume de Dieu.<\/p>\t\t\t\t\t\t\t\t<\/div>\n\t\t\t\t<\/div>\n\t\t\t\t\t<\/div>\n\t\t<\/div>\n\t\t\t\t\t<\/div>\n\t\t<\/section>\n\t\t\t\t<\/div>\n\t\t","protected":false},"excerpt":{"rendered":"<p>L\u2019\u00c9glise N\u00e9o-Apostolique de la RD Congo Ouest renforce le discipolat des enfants \u00e0 travers une formation de trois jours d\u00e9di\u00e9e aux moniteurs de l\u2019ECODIM \u00e0 Kinshasa Ouest, afin de consolider l\u2019enseignement biblique, la p\u00e9dagogie chr\u00e9tienne et l\u2019accompagnement spirituel des plus jeunes. R\u00e9cit de: Bukasa Isaac C\u2019est dans cette dynamique que les moniteurs issus de l\u2019ensemble [&hellip;]<\/p>\n","protected":false},"author":1,"featured_media":779,"comment_status":"open","ping_status":"open","sticky":false,"template":"","format":"standard","meta":{"_jetpack_memberships_contains_paid_content":false,"footnotes":""},"categories":[31,24],"tags":[],"class_list":["post-777","post","type-post","status-publish","format-standard","has-post-thumbnail","hentry","category-ecodim","category-kin-ouest"],"yoast_head":"<!-- This site is optimized with the Yoast SEO plugin v25.3.1 - https:\/\/yoast.com\/wordpress\/plugins\/seo\/ -->\n<title>Former pour b\u00e2tir l\u2019avenir : l\u2019\u00c9glise renforce les moniteurs de l\u2019ECODIM - Eglise N\u00e9o-Apostolique Kinshasa Ouest<\/title>\n<meta name=\"robots\" content=\"index, follow, max-snippet:-1, max-image-preview:large, max-video-preview:-1\" \/>\n<link rel=\"canonical\" href=\"https:\/\/ena-kinouest.net\/index.php\/2026\/01\/22\/former-pour-batir-lavenir-leglise-renforce-les-moniteurs-de-lecodim\/\" \/>\n<meta property=\"og:locale\" content=\"fr_FR\" \/>\n<meta property=\"og:type\" content=\"article\" \/>\n<meta property=\"og:title\" content=\"Former pour b\u00e2tir l\u2019avenir : l\u2019\u00c9glise renforce les moniteurs de l\u2019ECODIM - Eglise N\u00e9o-Apostolique Kinshasa Ouest\" \/>\n<meta property=\"og:description\" content=\"L\u2019\u00c9glise N\u00e9o-Apostolique de la RD Congo Ouest renforce le discipolat des enfants \u00e0 travers une formation de trois jours d\u00e9di\u00e9e aux moniteurs de l\u2019ECODIM \u00e0 Kinshasa Ouest, afin de consolider l\u2019enseignement biblique, la p\u00e9dagogie chr\u00e9tienne et l\u2019accompagnement spirituel des plus jeunes. R\u00e9cit de: Bukasa Isaac C\u2019est dans cette dynamique que les moniteurs issus de l\u2019ensemble [&hellip;]\" \/>\n<meta property=\"og:url\" content=\"https:\/\/ena-kinouest.net\/index.php\/2026\/01\/22\/former-pour-batir-lavenir-leglise-renforce-les-moniteurs-de-lecodim\/\" \/>\n<meta property=\"og:site_name\" content=\"Eglise N\u00e9o-Apostolique Kinshasa Ouest\" \/>\n<meta property=\"article:publisher\" content=\"https:\/\/web.facebook.com\/enardcouest\" \/>\n<meta property=\"article:published_time\" content=\"2026-01-22T08:14:25+00:00\" \/>\n<meta property=\"article:modified_time\" content=\"2026-01-22T16:34:16+00:00\" \/>\n<meta property=\"og:image\" content=\"https:\/\/ena-kinouest.net\/wp-content\/uploads\/2026\/01\/Ecodim-Kinshasa-Ouest-.jpg\" \/>\n\t<meta property=\"og:image:width\" content=\"1280\" \/>\n\t<meta property=\"og:image:height\" content=\"960\" \/>\n\t<meta property=\"og:image:type\" content=\"image\/jpeg\" \/>\n<meta name=\"author\" content=\"Richard Ndambo\" \/>\n<meta name=\"twitter:card\" content=\"summary_large_image\" \/>\n<meta name=\"twitter:label1\" content=\"\u00c9crit par\" \/>\n\t<meta name=\"twitter:data1\" content=\"Richard Ndambo\" \/>\n\t<meta name=\"twitter:label2\" content=\"Dur\u00e9e de lecture estim\u00e9e\" \/>\n\t<meta name=\"twitter:data2\" content=\"4 minutes\" \/>\n<script type=\"application\/ld+json\" class=\"yoast-schema-graph\">{\"@context\":\"https:\/\/schema.org\",\"@graph\":[{\"@type\":\"Article\",\"@id\":\"https:\/\/ena-kinouest.net\/index.php\/2026\/01\/22\/former-pour-batir-lavenir-leglise-renforce-les-moniteurs-de-lecodim\/#article\",\"isPartOf\":{\"@id\":\"https:\/\/ena-kinouest.net\/index.php\/2026\/01\/22\/former-pour-batir-lavenir-leglise-renforce-les-moniteurs-de-lecodim\/\"},\"author\":{\"name\":\"Richard Ndambo\",\"@id\":\"https:\/\/ena-kinouest.net\/#\/schema\/person\/f7334ed5e23ccc9abd2568d6259181a8\"},\"headline\":\"Former pour b\u00e2tir l\u2019avenir : l\u2019\u00c9glise renforce les moniteurs de l\u2019ECODIM\",\"datePublished\":\"2026-01-22T08:14:25+00:00\",\"dateModified\":\"2026-01-22T16:34:16+00:00\",\"mainEntityOfPage\":{\"@id\":\"https:\/\/ena-kinouest.net\/index.php\/2026\/01\/22\/former-pour-batir-lavenir-leglise-renforce-les-moniteurs-de-lecodim\/\"},\"wordCount\":812,\"commentCount\":1,\"publisher\":{\"@id\":\"https:\/\/ena-kinouest.net\/#organization\"},\"image\":{\"@id\":\"https:\/\/ena-kinouest.net\/index.php\/2026\/01\/22\/former-pour-batir-lavenir-leglise-renforce-les-moniteurs-de-lecodim\/#primaryimage\"},\"thumbnailUrl\":\"https:\/\/i0.wp.com\/ena-kinouest.net\/wp-content\/uploads\/2026\/01\/Ecodim-Kinshasa-Ouest-.jpg?fit=1280%2C960&ssl=1\",\"articleSection\":[\"Ecodim\",\"Kin-Ouest\"],\"inLanguage\":\"fr-FR\",\"potentialAction\":[{\"@type\":\"CommentAction\",\"name\":\"Comment\",\"target\":[\"https:\/\/ena-kinouest.net\/index.php\/2026\/01\/22\/former-pour-batir-lavenir-leglise-renforce-les-moniteurs-de-lecodim\/#respond\"]}]},{\"@type\":\"WebPage\",\"@id\":\"https:\/\/ena-kinouest.net\/index.php\/2026\/01\/22\/former-pour-batir-lavenir-leglise-renforce-les-moniteurs-de-lecodim\/\",\"url\":\"https:\/\/ena-kinouest.net\/index.php\/2026\/01\/22\/former-pour-batir-lavenir-leglise-renforce-les-moniteurs-de-lecodim\/\",\"name\":\"Former pour b\u00e2tir l\u2019avenir : l\u2019\u00c9glise renforce les moniteurs de l\u2019ECODIM - Eglise N\u00e9o-Apostolique Kinshasa Ouest\",\"isPartOf\":{\"@id\":\"https:\/\/ena-kinouest.net\/#website\"},\"primaryImageOfPage\":{\"@id\":\"https:\/\/ena-kinouest.net\/index.php\/2026\/01\/22\/former-pour-batir-lavenir-leglise-renforce-les-moniteurs-de-lecodim\/#primaryimage\"},\"image\":{\"@id\":\"https:\/\/ena-kinouest.net\/index.php\/2026\/01\/22\/former-pour-batir-lavenir-leglise-renforce-les-moniteurs-de-lecodim\/#primaryimage\"},\"thumbnailUrl\":\"https:\/\/i0.wp.com\/ena-kinouest.net\/wp-content\/uploads\/2026\/01\/Ecodim-Kinshasa-Ouest-.jpg?fit=1280%2C960&ssl=1\",\"datePublished\":\"2026-01-22T08:14:25+00:00\",\"dateModified\":\"2026-01-22T16:34:16+00:00\",\"breadcrumb\":{\"@id\":\"https:\/\/ena-kinouest.net\/index.php\/2026\/01\/22\/former-pour-batir-lavenir-leglise-renforce-les-moniteurs-de-lecodim\/#breadcrumb\"},\"inLanguage\":\"fr-FR\",\"potentialAction\":[{\"@type\":\"ReadAction\",\"target\":[\"https:\/\/ena-kinouest.net\/index.php\/2026\/01\/22\/former-pour-batir-lavenir-leglise-renforce-les-moniteurs-de-lecodim\/\"]}]},{\"@type\":\"ImageObject\",\"inLanguage\":\"fr-FR\",\"@id\":\"https:\/\/ena-kinouest.net\/index.php\/2026\/01\/22\/former-pour-batir-lavenir-leglise-renforce-les-moniteurs-de-lecodim\/#primaryimage\",\"url\":\"https:\/\/i0.wp.com\/ena-kinouest.net\/wp-content\/uploads\/2026\/01\/Ecodim-Kinshasa-Ouest-.jpg?fit=1280%2C960&ssl=1\",\"contentUrl\":\"https:\/\/i0.wp.com\/ena-kinouest.net\/wp-content\/uploads\/2026\/01\/Ecodim-Kinshasa-Ouest-.jpg?fit=1280%2C960&ssl=1\",\"width\":1280,\"height\":960},{\"@type\":\"BreadcrumbList\",\"@id\":\"https:\/\/ena-kinouest.net\/index.php\/2026\/01\/22\/former-pour-batir-lavenir-leglise-renforce-les-moniteurs-de-lecodim\/#breadcrumb\",\"itemListElement\":[{\"@type\":\"ListItem\",\"position\":1,\"name\":\"Accueil\",\"item\":\"https:\/\/ena-kinouest.net\/\"},{\"@type\":\"ListItem\",\"position\":2,\"name\":\"Former pour b\u00e2tir l\u2019avenir : l\u2019\u00c9glise renforce les moniteurs de l\u2019ECODIM\"}]},{\"@type\":\"WebSite\",\"@id\":\"https:\/\/ena-kinouest.net\/#website\",\"url\":\"https:\/\/ena-kinouest.net\/\",\"name\":\"Eglise N\u00e9o-Apostolique Kinshasa Ouest\",\"description\":\"\",\"publisher\":{\"@id\":\"https:\/\/ena-kinouest.net\/#organization\"},\"alternateName\":\"ENA Kin-Ouest\",\"potentialAction\":[{\"@type\":\"SearchAction\",\"target\":{\"@type\":\"EntryPoint\",\"urlTemplate\":\"https:\/\/ena-kinouest.net\/?s={search_term_string}\"},\"query-input\":{\"@type\":\"PropertyValueSpecification\",\"valueRequired\":true,\"valueName\":\"search_term_string\"}}],\"inLanguage\":\"fr-FR\"},{\"@type\":\"Organization\",\"@id\":\"https:\/\/ena-kinouest.net\/#organization\",\"name\":\"Eglise N\u00e9o-Apostolique Kinshasa Ouest\",\"url\":\"https:\/\/ena-kinouest.net\/\",\"logo\":{\"@type\":\"ImageObject\",\"inLanguage\":\"fr-FR\",\"@id\":\"https:\/\/ena-kinouest.net\/#\/schema\/logo\/image\/\",\"url\":\"https:\/\/ena-kinouest.net\/wp-content\/uploads\/2023\/06\/Nak_logo.svg\",\"contentUrl\":\"https:\/\/ena-kinouest.net\/wp-content\/uploads\/2023\/06\/Nak_logo.svg\",\"width\":1493,\"height\":1491,\"caption\":\"Eglise N\u00e9o-Apostolique Kinshasa Ouest\"},\"image\":{\"@id\":\"https:\/\/ena-kinouest.net\/#\/schema\/logo\/image\/\"},\"sameAs\":[\"https:\/\/web.facebook.com\/enardcouest\",\"https:\/\/www.youtube.com\/@egliseneo-apostoliquekin-o4002\"]},{\"@type\":\"Person\",\"@id\":\"https:\/\/ena-kinouest.net\/#\/schema\/person\/f7334ed5e23ccc9abd2568d6259181a8\",\"name\":\"Richard Ndambo\",\"image\":{\"@type\":\"ImageObject\",\"inLanguage\":\"fr-FR\",\"@id\":\"https:\/\/ena-kinouest.net\/#\/schema\/person\/image\/\",\"url\":\"https:\/\/secure.gravatar.com\/avatar\/c6d701f2601c5305f8f43857230b2d8c2a589cb3e8df57744a048d17f21f7868?s=96&d=mm&r=g\",\"contentUrl\":\"https:\/\/secure.gravatar.com\/avatar\/c6d701f2601c5305f8f43857230b2d8c2a589cb3e8df57744a048d17f21f7868?s=96&d=mm&r=g\",\"caption\":\"Richard Ndambo\"},\"sameAs\":[\"https:\/\/ena-kinouest.net\"],\"url\":\"https:\/\/ena-kinouest.net\/index.php\/author\/rndambo\/\"}]}<\/script>\n<!-- \/ Yoast SEO plugin. -->","yoast_head_json":{"title":"Former pour b\u00e2tir l\u2019avenir : l\u2019\u00c9glise renforce les moniteurs de l\u2019ECODIM - Eglise N\u00e9o-Apostolique Kinshasa Ouest","robots":{"index":"index","follow":"follow","max-snippet":"max-snippet:-1","max-image-preview":"max-image-preview:large","max-video-preview":"max-video-preview:-1"},"canonical":"https:\/\/ena-kinouest.net\/index.php\/2026\/01\/22\/former-pour-batir-lavenir-leglise-renforce-les-moniteurs-de-lecodim\/","og_locale":"fr_FR","og_type":"article","og_title":"Former pour b\u00e2tir l\u2019avenir : l\u2019\u00c9glise renforce les moniteurs de l\u2019ECODIM - Eglise N\u00e9o-Apostolique Kinshasa Ouest","og_description":"L\u2019\u00c9glise N\u00e9o-Apostolique de la RD Congo Ouest renforce le discipolat des enfants \u00e0 travers une formation de trois jours d\u00e9di\u00e9e aux moniteurs de l\u2019ECODIM \u00e0 Kinshasa Ouest, afin de consolider l\u2019enseignement biblique, la p\u00e9dagogie chr\u00e9tienne et l\u2019accompagnement spirituel des plus jeunes. R\u00e9cit de: Bukasa Isaac C\u2019est dans cette dynamique que les moniteurs issus de l\u2019ensemble [&hellip;]","og_url":"https:\/\/ena-kinouest.net\/index.php\/2026\/01\/22\/former-pour-batir-lavenir-leglise-renforce-les-moniteurs-de-lecodim\/","og_site_name":"Eglise N\u00e9o-Apostolique Kinshasa Ouest","article_publisher":"https:\/\/web.facebook.com\/enardcouest","article_published_time":"2026-01-22T08:14:25+00:00","article_modified_time":"2026-01-22T16:34:16+00:00","og_image":[{"width":1280,"height":960,"url":"https:\/\/ena-kinouest.net\/wp-content\/uploads\/2026\/01\/Ecodim-Kinshasa-Ouest-.jpg","type":"image\/jpeg"}],"author":"Richard Ndambo","twitter_card":"summary_large_image","twitter_misc":{"\u00c9crit par":"Richard Ndambo","Dur\u00e9e de lecture estim\u00e9e":"4 minutes"},"schema":{"@context":"https:\/\/schema.org","@graph":[{"@type":"Article","@id":"https:\/\/ena-kinouest.net\/index.php\/2026\/01\/22\/former-pour-batir-lavenir-leglise-renforce-les-moniteurs-de-lecodim\/#article","isPartOf":{"@id":"https:\/\/ena-kinouest.net\/index.php\/2026\/01\/22\/former-pour-batir-lavenir-leglise-renforce-les-moniteurs-de-lecodim\/"},"author":{"name":"Richard Ndambo","@id":"https:\/\/ena-kinouest.net\/#\/schema\/person\/f7334ed5e23ccc9abd2568d6259181a8"},"headline":"Former pour b\u00e2tir l\u2019avenir : l\u2019\u00c9glise renforce les moniteurs de l\u2019ECODIM","datePublished":"2026-01-22T08:14:25+00:00","dateModified":"2026-01-22T16:34:16+00:00","mainEntityOfPage":{"@id":"https:\/\/ena-kinouest.net\/index.php\/2026\/01\/22\/former-pour-batir-lavenir-leglise-renforce-les-moniteurs-de-lecodim\/"},"wordCount":812,"commentCount":1,"publisher":{"@id":"https:\/\/ena-kinouest.net\/#organization"},"image":{"@id":"https:\/\/ena-kinouest.net\/index.php\/2026\/01\/22\/former-pour-batir-lavenir-leglise-renforce-les-moniteurs-de-lecodim\/#primaryimage"},"thumbnailUrl":"https:\/\/i0.wp.com\/ena-kinouest.net\/wp-content\/uploads\/2026\/01\/Ecodim-Kinshasa-Ouest-.jpg?fit=1280%2C960&ssl=1","articleSection":["Ecodim","Kin-Ouest"],"inLanguage":"fr-FR","potentialAction":[{"@type":"CommentAction","name":"Comment","target":["https:\/\/ena-kinouest.net\/index.php\/2026\/01\/22\/former-pour-batir-lavenir-leglise-renforce-les-moniteurs-de-lecodim\/#respond"]}]},{"@type":"WebPage","@id":"https:\/\/ena-kinouest.net\/index.php\/2026\/01\/22\/former-pour-batir-lavenir-leglise-renforce-les-moniteurs-de-lecodim\/","url":"https:\/\/ena-kinouest.net\/index.php\/2026\/01\/22\/former-pour-batir-lavenir-leglise-renforce-les-moniteurs-de-lecodim\/","name":"Former pour b\u00e2tir l\u2019avenir : l\u2019\u00c9glise renforce les moniteurs de l\u2019ECODIM - Eglise N\u00e9o-Apostolique Kinshasa Ouest","isPartOf":{"@id":"https:\/\/ena-kinouest.net\/#website"},"primaryImageOfPage":{"@id":"https:\/\/ena-kinouest.net\/index.php\/2026\/01\/22\/former-pour-batir-lavenir-leglise-renforce-les-moniteurs-de-lecodim\/#primaryimage"},"image":{"@id":"https:\/\/ena-kinouest.net\/index.php\/2026\/01\/22\/former-pour-batir-lavenir-leglise-renforce-les-moniteurs-de-lecodim\/#primaryimage"},"thumbnailUrl":"https:\/\/i0.wp.com\/ena-kinouest.net\/wp-content\/uploads\/2026\/01\/Ecodim-Kinshasa-Ouest-.jpg?fit=1280%2C960&ssl=1","datePublished":"2026-01-22T08:14:25+00:00","dateModified":"2026-01-22T16:34:16+00:00","breadcrumb":{"@id":"https:\/\/ena-kinouest.net\/index.php\/2026\/01\/22\/former-pour-batir-lavenir-leglise-renforce-les-moniteurs-de-lecodim\/#breadcrumb"},"inLanguage":"fr-FR","potentialAction":[{"@type":"ReadAction","target":["https:\/\/ena-kinouest.net\/index.php\/2026\/01\/22\/former-pour-batir-lavenir-leglise-renforce-les-moniteurs-de-lecodim\/"]}]},{"@type":"ImageObject","inLanguage":"fr-FR","@id":"https:\/\/ena-kinouest.net\/index.php\/2026\/01\/22\/former-pour-batir-lavenir-leglise-renforce-les-moniteurs-de-lecodim\/#primaryimage","url":"https:\/\/i0.wp.com\/ena-kinouest.net\/wp-content\/uploads\/2026\/01\/Ecodim-Kinshasa-Ouest-.jpg?fit=1280%2C960&ssl=1","contentUrl":"https:\/\/i0.wp.com\/ena-kinouest.net\/wp-content\/uploads\/2026\/01\/Ecodim-Kinshasa-Ouest-.jpg?fit=1280%2C960&ssl=1","width":1280,"height":960},{"@type":"BreadcrumbList","@id":"https:\/\/ena-kinouest.net\/index.php\/2026\/01\/22\/former-pour-batir-lavenir-leglise-renforce-les-moniteurs-de-lecodim\/#breadcrumb","itemListElement":[{"@type":"ListItem","position":1,"name":"Accueil","item":"https:\/\/ena-kinouest.net\/"},{"@type":"ListItem","position":2,"name":"Former pour b\u00e2tir l\u2019avenir : l\u2019\u00c9glise renforce les moniteurs de l\u2019ECODIM"}]},{"@type":"WebSite","@id":"https:\/\/ena-kinouest.net\/#website","url":"https:\/\/ena-kinouest.net\/","name":"Eglise N\u00e9o-Apostolique Kinshasa Ouest","description":"","publisher":{"@id":"https:\/\/ena-kinouest.net\/#organization"},"alternateName":"ENA Kin-Ouest","potentialAction":[{"@type":"SearchAction","target":{"@type":"EntryPoint","urlTemplate":"https:\/\/ena-kinouest.net\/?s={search_term_string}"},"query-input":{"@type":"PropertyValueSpecification","valueRequired":true,"valueName":"search_term_string"}}],"inLanguage":"fr-FR"},{"@type":"Organization","@id":"https:\/\/ena-kinouest.net\/#organization","name":"Eglise N\u00e9o-Apostolique Kinshasa Ouest","url":"https:\/\/ena-kinouest.net\/","logo":{"@type":"ImageObject","inLanguage":"fr-FR","@id":"https:\/\/ena-kinouest.net\/#\/schema\/logo\/image\/","url":"https:\/\/ena-kinouest.net\/wp-content\/uploads\/2023\/06\/Nak_logo.svg","contentUrl":"https:\/\/ena-kinouest.net\/wp-content\/uploads\/2023\/06\/Nak_logo.svg","width":1493,"height":1491,"caption":"Eglise N\u00e9o-Apostolique Kinshasa Ouest"},"image":{"@id":"https:\/\/ena-kinouest.net\/#\/schema\/logo\/image\/"},"sameAs":["https:\/\/web.facebook.com\/enardcouest","https:\/\/www.youtube.com\/@egliseneo-apostoliquekin-o4002"]},{"@type":"Person","@id":"https:\/\/ena-kinouest.net\/#\/schema\/person\/f7334ed5e23ccc9abd2568d6259181a8","name":"Richard Ndambo","image":{"@type":"ImageObject","inLanguage":"fr-FR","@id":"https:\/\/ena-kinouest.net\/#\/schema\/person\/image\/","url":"https:\/\/secure.gravatar.com\/avatar\/c6d701f2601c5305f8f43857230b2d8c2a589cb3e8df57744a048d17f21f7868?s=96&d=mm&r=g","contentUrl":"https:\/\/secure.gravatar.com\/avatar\/c6d701f2601c5305f8f43857230b2d8c2a589cb3e8df57744a048d17f21f7868?s=96&d=mm&r=g","caption":"Richard Ndambo"},"sameAs":["https:\/\/ena-kinouest.net"],"url":"https:\/\/ena-kinouest.net\/index.php\/author\/rndambo\/"}]}},"jetpack_featured_media_url":"https:\/\/i0.wp.com\/ena-kinouest.net\/wp-content\/uploads\/2026\/01\/Ecodim-Kinshasa-Ouest-.jpg?fit=1280%2C960&ssl=1","jetpack-related-posts":[],"jetpack_sharing_enabled":true,"_links":{"self":[{"href":"https:\/\/ena-kinouest.net\/index.php\/wp-json\/wp\/v2\/posts\/777","targetHints":{"allow":["GET"]}}],"collection":[{"href":"https:\/\/ena-kinouest.net\/index.php\/wp-json\/wp\/v2\/posts"}],"about":[{"href":"https:\/\/ena-kinouest.net\/index.php\/wp-json\/wp\/v2\/types\/post"}],"author":[{"embeddable":true,"href":"https:\/\/ena-kinouest.net\/index.php\/wp-json\/wp\/v2\/users\/1"}],"replies":[{"embeddable":true,"href":"https:\/\/ena-kinouest.net\/index.php\/wp-json\/wp\/v2\/comments?post=777"}],"version-history":[{"count":13,"href":"https:\/\/ena-kinouest.net\/index.php\/wp-json\/wp\/v2\/posts\/777\/revisions"}],"predecessor-version":[{"id":792,"href":"https:\/\/ena-kinouest.net\/index.php\/wp-json\/wp\/v2\/posts\/777\/revisions\/792"}],"wp:featuredmedia":[{"embeddable":true,"href":"https:\/\/ena-kinouest.net\/index.php\/wp-json\/wp\/v2\/media\/779"}],"wp:attachment":[{"href":"https:\/\/ena-kinouest.net\/index.php\/wp-json\/wp\/v2\/media?parent=777"}],"wp:term":[{"taxonomy":"category","embeddable":true,"href":"https:\/\/ena-kinouest.net\/index.php\/wp-json\/wp\/v2\/categories?post=777"},{"taxonomy":"post_tag","embeddable":true,"href":"https:\/\/ena-kinouest.net\/index.php\/wp-json\/wp\/v2\/tags?post=777"}],"curies":[{"name":"wp","href":"https:\/\/api.w.org\/{rel}","templated":true}]}}