{"id":811,"date":"2026-01-24T18:02:00","date_gmt":"2026-01-24T17:02:00","guid":{"rendered":"https:\/\/ena-kinouest.net\/?p=811"},"modified":"2026-01-24T19:48:07","modified_gmt":"2026-01-24T18:48:07","slug":"ecole-des-disciples-missionnaires-de-kinshasa-ouest","status":"publish","type":"post","link":"https:\/\/ena-kinouest.net\/index.php\/2026\/01\/24\/ecole-des-disciples-missionnaires-de-kinshasa-ouest\/","title":{"rendered":"Annoncer la bonne nouvelle : des jeunes s\u2019engagent \u00e0 l\u2019\u00c9cole des Disciples Missionnaires de Kinshasa Ouest"},"content":{"rendered":"\t\t<div data-elementor-type=\"wp-post\" data-elementor-id=\"811\" class=\"elementor elementor-811\">\n\t\t\t\t\t\t<section class=\"elementor-section elementor-top-section elementor-element elementor-element-8405516 elementor-section-boxed elementor-section-height-default elementor-section-height-default\" data-id=\"8405516\" data-element_type=\"section\">\n\t\t\t\t\t\t<div class=\"elementor-container elementor-column-gap-default\">\n\t\t\t\t\t<div class=\"elementor-column elementor-col-100 elementor-top-column elementor-element elementor-element-f41e5af\" data-id=\"f41e5af\" data-element_type=\"column\">\n\t\t\t<div class=\"elementor-widget-wrap elementor-element-populated\">\n\t\t\t\t\t\t<div class=\"elementor-element elementor-element-6c153e4 elementor-widget elementor-widget-text-editor\" data-id=\"6c153e4\" data-element_type=\"widget\" data-widget_type=\"text-editor.default\">\n\t\t\t\t<div class=\"elementor-widget-container\">\n\t\t\t\t\t\t\t\t\t<p>Dans le souci de r\u00e9pondre fid\u00e8lement \u00e0 la grande mission confi\u00e9e par J\u00e9sus-Christ \u00e0 son \u00c9glise, le champ apostolique de Kinshasa Ouest a proc\u00e9d\u00e9, le 16 janvier 2026, \u00e0 l\u2019ouverture officielle de l\u2019 \u00ab\u00a0\u00c9cole des Disciples Missionnaires\u00a0\u00bb. Cette initiative marque une \u00e9tape significative dans la formation de jeunes croyants engag\u00e9s, enracin\u00e9s dans la Parole de Dieu et pr\u00e9par\u00e9s \u00e0 l\u2019annonce de l\u2019\u00c9vangile.<\/p>\t\t\t\t\t\t\t\t<\/div>\n\t\t\t\t<\/div>\n\t\t\t\t\t<\/div>\n\t\t<\/div>\n\t\t\t\t\t<\/div>\n\t\t<\/section>\n\t\t\t\t<section class=\"elementor-section elementor-top-section elementor-element elementor-element-2c3ea29 elementor-section-boxed elementor-section-height-default elementor-section-height-default\" data-id=\"2c3ea29\" data-element_type=\"section\">\n\t\t\t\t\t\t<div class=\"elementor-container elementor-column-gap-default\">\n\t\t\t\t\t<div class=\"elementor-column elementor-col-100 elementor-top-column elementor-element elementor-element-c61e109\" data-id=\"c61e109\" data-element_type=\"column\">\n\t\t\t<div class=\"elementor-widget-wrap elementor-element-populated\">\n\t\t\t\t\t\t<div class=\"elementor-element elementor-element-55cf663 elementor-widget elementor-widget-text-editor\" data-id=\"55cf663\" data-element_type=\"widget\" data-widget_type=\"text-editor.default\">\n\t\t\t\t<div class=\"elementor-widget-container\">\n\t\t\t\t\t\t\t\t\t<p><em>R\u00e9cit de: Mambu Mich\u00e9e<\/em><\/p>\t\t\t\t\t\t\t\t<\/div>\n\t\t\t\t<\/div>\n\t\t\t\t\t<\/div>\n\t\t<\/div>\n\t\t\t\t\t<\/div>\n\t\t<\/section>\n\t\t\t\t<section class=\"elementor-section elementor-top-section elementor-element elementor-element-9bbe1c8 elementor-section-boxed elementor-section-height-default elementor-section-height-default\" data-id=\"9bbe1c8\" data-element_type=\"section\">\n\t\t\t\t\t\t<div class=\"elementor-container elementor-column-gap-default\">\n\t\t\t\t\t<div class=\"elementor-column elementor-col-100 elementor-top-column elementor-element elementor-element-91e4d30\" data-id=\"91e4d30\" data-element_type=\"column\">\n\t\t\t<div class=\"elementor-widget-wrap elementor-element-populated\">\n\t\t\t\t\t\t<div class=\"elementor-element elementor-element-0e48099 elementor-widget elementor-widget-image\" data-id=\"0e48099\" data-element_type=\"widget\" data-widget_type=\"image.default\">\n\t\t\t\t<div class=\"elementor-widget-container\">\n\t\t\t\t\t\t\t\t\t\t\t\t\t\t\t<img fetchpriority=\"high\" decoding=\"async\" width=\"800\" height=\"600\" src=\"https:\/\/i0.wp.com\/ena-kinouest.net\/wp-content\/uploads\/2026\/01\/Jeunesse-Kinshasa-Ouest-1-evangelisation.jpeg?fit=800%2C600&amp;ssl=1\" class=\"attachment-large size-large wp-image-813\" alt=\"\" srcset=\"https:\/\/i0.wp.com\/ena-kinouest.net\/wp-content\/uploads\/2026\/01\/Jeunesse-Kinshasa-Ouest-1-evangelisation.jpeg?w=2560&amp;ssl=1 2560w, https:\/\/i0.wp.com\/ena-kinouest.net\/wp-content\/uploads\/2026\/01\/Jeunesse-Kinshasa-Ouest-1-evangelisation.jpeg?resize=300%2C225&amp;ssl=1 300w, https:\/\/i0.wp.com\/ena-kinouest.net\/wp-content\/uploads\/2026\/01\/Jeunesse-Kinshasa-Ouest-1-evangelisation.jpeg?resize=1024%2C768&amp;ssl=1 1024w, https:\/\/i0.wp.com\/ena-kinouest.net\/wp-content\/uploads\/2026\/01\/Jeunesse-Kinshasa-Ouest-1-evangelisation.jpeg?resize=768%2C576&amp;ssl=1 768w, https:\/\/i0.wp.com\/ena-kinouest.net\/wp-content\/uploads\/2026\/01\/Jeunesse-Kinshasa-Ouest-1-evangelisation.jpeg?resize=1536%2C1152&amp;ssl=1 1536w, https:\/\/i0.wp.com\/ena-kinouest.net\/wp-content\/uploads\/2026\/01\/Jeunesse-Kinshasa-Ouest-1-evangelisation.jpeg?resize=2048%2C1536&amp;ssl=1 2048w, https:\/\/i0.wp.com\/ena-kinouest.net\/wp-content\/uploads\/2026\/01\/Jeunesse-Kinshasa-Ouest-1-evangelisation.jpeg?w=1600&amp;ssl=1 1600w, https:\/\/i0.wp.com\/ena-kinouest.net\/wp-content\/uploads\/2026\/01\/Jeunesse-Kinshasa-Ouest-1-evangelisation.jpeg?w=2400&amp;ssl=1 2400w\" sizes=\"(max-width: 800px) 100vw, 800px\" \/>\t\t\t\t\t\t\t\t\t\t\t\t\t\t\t<\/div>\n\t\t\t\t<\/div>\n\t\t\t\t\t<\/div>\n\t\t<\/div>\n\t\t\t\t\t<\/div>\n\t\t<\/section>\n\t\t\t\t<section class=\"elementor-section elementor-top-section elementor-element elementor-element-d745741 elementor-section-boxed elementor-section-height-default elementor-section-height-default\" data-id=\"d745741\" data-element_type=\"section\">\n\t\t\t\t\t\t<div class=\"elementor-container elementor-column-gap-default\">\n\t\t\t\t\t<div class=\"elementor-column elementor-col-100 elementor-top-column elementor-element elementor-element-2da611b\" data-id=\"2da611b\" data-element_type=\"column\">\n\t\t\t<div class=\"elementor-widget-wrap elementor-element-populated\">\n\t\t\t\t\t\t<div class=\"elementor-element elementor-element-1bc42c6 elementor-widget elementor-widget-heading\" data-id=\"1bc42c6\" data-element_type=\"widget\" data-widget_type=\"heading.default\">\n\t\t\t\t<div class=\"elementor-widget-container\">\n\t\t\t\t\t<h2 class=\"elementor-heading-title elementor-size-default\">Kinshasa, 16 janvier 2026.<\/h2>\t\t\t\t<\/div>\n\t\t\t\t<\/div>\n\t\t\t\t\t<\/div>\n\t\t<\/div>\n\t\t\t\t\t<\/div>\n\t\t<\/section>\n\t\t\t\t<section class=\"elementor-section elementor-top-section elementor-element elementor-element-a7b828b elementor-section-boxed elementor-section-height-default elementor-section-height-default\" data-id=\"a7b828b\" data-element_type=\"section\">\n\t\t\t\t\t\t<div class=\"elementor-container elementor-column-gap-default\">\n\t\t\t\t\t<div class=\"elementor-column elementor-col-100 elementor-top-column elementor-element elementor-element-4a56071\" data-id=\"4a56071\" data-element_type=\"column\">\n\t\t\t<div class=\"elementor-widget-wrap elementor-element-populated\">\n\t\t\t\t\t\t<div class=\"elementor-element elementor-element-231484e elementor-widget elementor-widget-text-editor\" data-id=\"231484e\" data-element_type=\"widget\" data-widget_type=\"text-editor.default\">\n\t\t\t\t<div class=\"elementor-widget-container\">\n\t\t\t\t\t\t\t\t\t<p>Cette date marque le lancement d\u2019un espace de formation chr\u00e9tienne destin\u00e9 \u00e0 l\u2019\u00e9dification spirituelle et \u00e0 la mission \u00e9vang\u00e9lique. L\u2019\u00c9cole des Disciples Missionnaires, mise en place au b\u00e9n\u00e9fice des jeunes du champ apostolique de Kinshasa Ouest, a pour vocation de former des disciples fid\u00e8les, capables de t\u00e9moigner de l\u2019\u00c9vangile avec conviction et constance, conform\u00e9ment aux enseignements des ap\u00f4tres.<\/p>\t\t\t\t\t\t\t\t<\/div>\n\t\t\t\t<\/div>\n\t\t\t\t\t<\/div>\n\t\t<\/div>\n\t\t\t\t\t<\/div>\n\t\t<\/section>\n\t\t\t\t<section class=\"elementor-section elementor-top-section elementor-element elementor-element-5e3efdb elementor-section-boxed elementor-section-height-default elementor-section-height-default\" data-id=\"5e3efdb\" data-element_type=\"section\">\n\t\t\t\t\t\t<div class=\"elementor-container elementor-column-gap-default\">\n\t\t\t\t\t<div class=\"elementor-column elementor-col-100 elementor-top-column elementor-element elementor-element-0a27078\" data-id=\"0a27078\" data-element_type=\"column\">\n\t\t\t<div class=\"elementor-widget-wrap elementor-element-populated\">\n\t\t\t\t\t\t<div class=\"elementor-element elementor-element-629aff5 elementor-widget elementor-widget-text-editor\" data-id=\"629aff5\" data-element_type=\"widget\" data-widget_type=\"text-editor.default\">\n\t\t\t\t<div class=\"elementor-widget-container\">\n\t\t\t\t\t\t\t\t\t<p>Fond\u00e9e sur les Saintes \u00c9critures, cette \u00e9cole s\u2019inscrit dans la continuit\u00e9 de la mission confi\u00e9e par J\u00e9sus-Christ \u00e0 ses disciples : <em data-start=\"1173\" data-end=\"1228\">\u00ab Allez, faites de toutes les nations des disciples \u00bb<\/em> (Matthieu 28:19). \u00c0 travers cette orientation, il est attendu que chaque apprenant d\u00e9veloppe une foi vivante et un engagement personnel au service de l\u2019annonce de l\u2019\u00c9vangile.<\/p>\t\t\t\t\t\t\t\t<\/div>\n\t\t\t\t<\/div>\n\t\t\t\t\t<\/div>\n\t\t<\/div>\n\t\t\t\t\t<\/div>\n\t\t<\/section>\n\t\t\t\t<section class=\"elementor-section elementor-top-section elementor-element elementor-element-70ea830 elementor-section-boxed elementor-section-height-default elementor-section-height-default\" data-id=\"70ea830\" data-element_type=\"section\">\n\t\t\t\t\t\t<div class=\"elementor-container elementor-column-gap-default\">\n\t\t\t\t\t<div class=\"elementor-column elementor-col-100 elementor-top-column elementor-element elementor-element-95d95a8\" data-id=\"95d95a8\" data-element_type=\"column\">\n\t\t\t<div class=\"elementor-widget-wrap elementor-element-populated\">\n\t\t\t\t\t\t<div class=\"elementor-element elementor-element-b0775e3 elementor-widget elementor-widget-heading\" data-id=\"b0775e3\" data-element_type=\"widget\" data-widget_type=\"heading.default\">\n\t\t\t\t<div class=\"elementor-widget-container\">\n\t\t\t\t\t<h2 class=\"elementor-heading-title elementor-size-default\">Des jeunes engag\u00e9s dans la mission<\/h2>\t\t\t\t<\/div>\n\t\t\t\t<\/div>\n\t\t\t\t\t<\/div>\n\t\t<\/div>\n\t\t\t\t\t<\/div>\n\t\t<\/section>\n\t\t\t\t<section class=\"elementor-section elementor-top-section elementor-element elementor-element-d905173 elementor-section-boxed elementor-section-height-default elementor-section-height-default\" data-id=\"d905173\" data-element_type=\"section\">\n\t\t\t\t\t\t<div class=\"elementor-container elementor-column-gap-default\">\n\t\t\t\t\t<div class=\"elementor-column elementor-col-100 elementor-top-column elementor-element elementor-element-796e738\" data-id=\"796e738\" data-element_type=\"column\">\n\t\t\t<div class=\"elementor-widget-wrap elementor-element-populated\">\n\t\t\t\t\t\t<div class=\"elementor-element elementor-element-f13db22 elementor-widget elementor-widget-text-editor\" data-id=\"f13db22\" data-element_type=\"widget\" data-widget_type=\"text-editor.default\">\n\t\t\t\t<div class=\"elementor-widget-container\">\n\t\t\t\t\t\t\t\t\t<p>Dans un contexte marqu\u00e9 par de nombreux d\u00e9fis, la vie chr\u00e9tienne appelle \u00e0 un engagement sinc\u00e8re et profond. Les participants \u00e0 cette formation sont invit\u00e9s \u00e0 comprendre que suivre J\u00e9sus-Christ implique le renoncement \u00e0 soi, le port de la croix et l\u2019imitation quotidienne du Seigneur (Matthieu 16:24). Cette d\u00e9marche spirituelle, exigeante, vise \u00e0 affermir la foi et \u00e0 encourager une vie chr\u00e9tienne active et responsable.<\/p>\t\t\t\t\t\t\t\t<\/div>\n\t\t\t\t<\/div>\n\t\t\t\t\t<\/div>\n\t\t<\/div>\n\t\t\t\t\t<\/div>\n\t\t<\/section>\n\t\t\t\t<section class=\"elementor-section elementor-top-section elementor-element elementor-element-c0d2bcf elementor-section-boxed elementor-section-height-default elementor-section-height-default\" data-id=\"c0d2bcf\" data-element_type=\"section\">\n\t\t\t\t\t\t<div class=\"elementor-container elementor-column-gap-default\">\n\t\t\t\t\t<div class=\"elementor-column elementor-col-100 elementor-top-column elementor-element elementor-element-f670079\" data-id=\"f670079\" data-element_type=\"column\">\n\t\t\t<div class=\"elementor-widget-wrap elementor-element-populated\">\n\t\t\t\t\t\t<div class=\"elementor-element elementor-element-37deb69 elementor-widget elementor-widget-text-editor\" data-id=\"37deb69\" data-element_type=\"widget\" data-widget_type=\"text-editor.default\">\n\t\t\t\t<div class=\"elementor-widget-container\">\n\t\t\t\t\t\t\t\t\t<p>Au fil des enseignements, les apprenants approfondiront leur connaissance des \u00c9critures et renforceront leur compr\u00e9hension de la mission \u00e9vang\u00e9lique. L\u2019objectif poursuivi est de pr\u00e9parer des disciples capables de r\u00e9pondre \u00e0 l\u2019appel du Seigneur et de mettre en pratique la mission confi\u00e9e par J\u00e9sus-Christ, tant dans leur environnement imm\u00e9diat que dans l\u2019\u00c9glise.<\/p>\t\t\t\t\t\t\t\t<\/div>\n\t\t\t\t<\/div>\n\t\t\t\t\t<\/div>\n\t\t<\/div>\n\t\t\t\t\t<\/div>\n\t\t<\/section>\n\t\t\t\t<section class=\"elementor-section elementor-top-section elementor-element elementor-element-6147305 elementor-section-boxed elementor-section-height-default elementor-section-height-default\" data-id=\"6147305\" data-element_type=\"section\">\n\t\t\t\t\t\t<div class=\"elementor-container elementor-column-gap-default\">\n\t\t\t\t\t<div class=\"elementor-column elementor-col-100 elementor-top-column elementor-element elementor-element-5499639\" data-id=\"5499639\" data-element_type=\"column\">\n\t\t\t<div class=\"elementor-widget-wrap elementor-element-populated\">\n\t\t\t\t\t\t<div class=\"elementor-element elementor-element-555e7ba elementor-widget elementor-widget-heading\" data-id=\"555e7ba\" data-element_type=\"widget\" data-widget_type=\"heading.default\">\n\t\t\t\t<div class=\"elementor-widget-container\">\n\t\t\t\t\t<h2 class=\"elementor-heading-title elementor-size-default\">Une port\u00e9e locale et au-del\u00e0<\/h2>\t\t\t\t<\/div>\n\t\t\t\t<\/div>\n\t\t\t\t\t<\/div>\n\t\t<\/div>\n\t\t\t\t\t<\/div>\n\t\t<\/section>\n\t\t\t\t<section class=\"elementor-section elementor-top-section elementor-element elementor-element-9fff586 elementor-section-boxed elementor-section-height-default elementor-section-height-default\" data-id=\"9fff586\" data-element_type=\"section\">\n\t\t\t\t\t\t<div class=\"elementor-container elementor-column-gap-default\">\n\t\t\t\t\t<div class=\"elementor-column elementor-col-100 elementor-top-column elementor-element elementor-element-7dc01ee\" data-id=\"7dc01ee\" data-element_type=\"column\">\n\t\t\t<div class=\"elementor-widget-wrap elementor-element-populated\">\n\t\t\t\t\t\t<div class=\"elementor-element elementor-element-2cd670c elementor-widget elementor-widget-text-editor\" data-id=\"2cd670c\" data-element_type=\"widget\" data-widget_type=\"text-editor.default\">\n\t\t\t\t<div class=\"elementor-widget-container\">\n\t\t\t\t\t\t\t\t\t<p>Au-del\u00e0 de la formation dispens\u00e9e, l\u2019\u00c9cole des Disciples Missionnaires se veut un cadre favorisant la croissance spirituelle et la communion fraternelle. Elle offre aux participants un espace de partage, d\u2019encouragement mutuel et d\u2019accompagnement, contribuant ainsi \u00e0 l\u2019\u00e9dification collective de l\u2019\u00c9glise.<\/p>\t\t\t\t\t\t\t\t<\/div>\n\t\t\t\t<\/div>\n\t\t\t\t\t<\/div>\n\t\t<\/div>\n\t\t\t\t\t<\/div>\n\t\t<\/section>\n\t\t\t\t<section class=\"elementor-section elementor-top-section elementor-element elementor-element-9e771eb elementor-section-boxed elementor-section-height-default elementor-section-height-default\" data-id=\"9e771eb\" data-element_type=\"section\">\n\t\t\t\t\t\t<div class=\"elementor-container elementor-column-gap-default\">\n\t\t\t\t\t<div class=\"elementor-column elementor-col-100 elementor-top-column elementor-element elementor-element-e3a81a7\" data-id=\"e3a81a7\" data-element_type=\"column\">\n\t\t\t<div class=\"elementor-widget-wrap elementor-element-populated\">\n\t\t\t\t\t\t<div class=\"elementor-element elementor-element-0c949f7 elementor-widget elementor-widget-text-editor\" data-id=\"0c949f7\" data-element_type=\"widget\" data-widget_type=\"text-editor.default\">\n\t\t\t\t<div class=\"elementor-widget-container\">\n\t\t\t\t\t\t\t\t\t<p>Par cette initiative, le champ apostolique de Kinshasa Ouest invite tous ceux qui le souhaitent \u00e0 approfondir leur foi et \u00e0 s\u2019engager activement dans l\u2019\u0153uvre de Dieu. Avec l\u2019ambition de contribuer durablement \u00e0 la mission de l\u2019\u00c9glise \u00e0 Kinshasa et au-del\u00e0, l\u2019\u00c9cole des Disciples Missionnaires se positionne comme un instrument au service de l\u2019annonce de l\u2019\u00c9vangile.<\/p>\t\t\t\t\t\t\t\t<\/div>\n\t\t\t\t<\/div>\n\t\t\t\t\t<\/div>\n\t\t<\/div>\n\t\t\t\t\t<\/div>\n\t\t<\/section>\n\t\t\t\t<section class=\"elementor-section elementor-top-section elementor-element elementor-element-0cc1bf7 elementor-section-boxed elementor-section-height-default elementor-section-height-default\" data-id=\"0cc1bf7\" data-element_type=\"section\">\n\t\t\t\t\t\t<div class=\"elementor-container elementor-column-gap-default\">\n\t\t\t\t\t<div class=\"elementor-column elementor-col-100 elementor-top-column elementor-element elementor-element-6737df2\" data-id=\"6737df2\" data-element_type=\"column\">\n\t\t\t<div class=\"elementor-widget-wrap elementor-element-populated\">\n\t\t\t\t\t\t<div class=\"elementor-element elementor-element-5b8ed5b elementor-widget elementor-widget-text-editor\" data-id=\"5b8ed5b\" data-element_type=\"widget\" data-widget_type=\"text-editor.default\">\n\t\t\t\t<div class=\"elementor-widget-container\">\n\t\t\t\t\t\t\t\t\t<p>La formation se poursuivra dans les jours \u00e0 venir, avec l\u2019esp\u00e9rance que chaque participant devienne un instrument utile entre les mains du Seigneur, au service de l\u2019avancement de Son \u0153uvre.<\/p>\t\t\t\t\t\t\t\t<\/div>\n\t\t\t\t<\/div>\n\t\t\t\t\t<\/div>\n\t\t<\/div>\n\t\t\t\t\t<\/div>\n\t\t<\/section>\n\t\t\t\t<\/div>\n\t\t","protected":false},"excerpt":{"rendered":"<p>Dans le souci de r\u00e9pondre fid\u00e8lement \u00e0 la grande mission confi\u00e9e par J\u00e9sus-Christ \u00e0 son \u00c9glise, le champ apostolique de Kinshasa Ouest a proc\u00e9d\u00e9, le 16 janvier 2026, \u00e0 l\u2019ouverture officielle de l\u2019 \u00ab\u00a0\u00c9cole des Disciples Missionnaires\u00a0\u00bb. Cette initiative marque une \u00e9tape significative dans la formation de jeunes croyants engag\u00e9s, enracin\u00e9s dans la Parole de [&hellip;]<\/p>\n","protected":false},"author":1,"featured_media":813,"comment_status":"open","ping_status":"open","sticky":false,"template":"","format":"standard","meta":{"_jetpack_memberships_contains_paid_content":false,"footnotes":""},"categories":[8,12],"tags":[],"class_list":["post-811","post","type-post","status-publish","format-standard","has-post-thumbnail","hentry","category-annonce","category-jeunesse"],"yoast_head":"<!-- This site is optimized with the Yoast SEO plugin v25.3.1 - https:\/\/yoast.com\/wordpress\/plugins\/seo\/ -->\n<title>Annoncer la bonne nouvelle : des jeunes s\u2019engagent \u00e0 l\u2019\u00c9cole des Disciples Missionnaires de Kinshasa Ouest - Eglise N\u00e9o-Apostolique Kinshasa Ouest<\/title>\n<meta name=\"description\" content=\"Le champ apostolique de Kinshasa Ouest ouvre l\u2019\u00c9cole des Disciples Missionnaires afin de former des jeunes engag\u00e9s dans l\u2019annonce de l\u2019\u00c9vangile.\" \/>\n<meta name=\"robots\" content=\"index, follow, max-snippet:-1, max-image-preview:large, max-video-preview:-1\" \/>\n<link rel=\"canonical\" href=\"https:\/\/ena-kinouest.net\/index.php\/2026\/01\/24\/ecole-des-disciples-missionnaires-de-kinshasa-ouest\/\" \/>\n<meta property=\"og:locale\" content=\"fr_FR\" \/>\n<meta property=\"og:type\" content=\"article\" \/>\n<meta property=\"og:title\" content=\"Annoncer la bonne nouvelle : des jeunes s\u2019engagent \u00e0 l\u2019\u00c9cole des Disciples Missionnaires de Kinshasa Ouest - Eglise N\u00e9o-Apostolique Kinshasa Ouest\" \/>\n<meta property=\"og:description\" content=\"Le champ apostolique de Kinshasa Ouest ouvre l\u2019\u00c9cole des Disciples Missionnaires afin de former des jeunes engag\u00e9s dans l\u2019annonce de l\u2019\u00c9vangile.\" \/>\n<meta property=\"og:url\" content=\"https:\/\/ena-kinouest.net\/index.php\/2026\/01\/24\/ecole-des-disciples-missionnaires-de-kinshasa-ouest\/\" \/>\n<meta property=\"og:site_name\" content=\"Eglise N\u00e9o-Apostolique Kinshasa Ouest\" \/>\n<meta property=\"article:publisher\" content=\"https:\/\/web.facebook.com\/enardcouest\" \/>\n<meta property=\"article:published_time\" content=\"2026-01-24T17:02:00+00:00\" \/>\n<meta property=\"article:modified_time\" content=\"2026-01-24T18:48:07+00:00\" \/>\n<meta property=\"og:image\" content=\"https:\/\/ena-kinouest.net\/wp-content\/uploads\/2026\/01\/Jeunesse-Kinshasa-Ouest-1-evangelisation.jpeg\" \/>\n\t<meta property=\"og:image:width\" content=\"2560\" \/>\n\t<meta property=\"og:image:height\" content=\"1920\" \/>\n\t<meta property=\"og:image:type\" content=\"image\/jpeg\" \/>\n<meta name=\"author\" content=\"Richard Ndambo\" \/>\n<meta name=\"twitter:card\" content=\"summary_large_image\" \/>\n<meta name=\"twitter:label1\" content=\"\u00c9crit par\" \/>\n\t<meta name=\"twitter:data1\" content=\"Richard Ndambo\" \/>\n\t<meta name=\"twitter:label2\" content=\"Dur\u00e9e de lecture estim\u00e9e\" \/>\n\t<meta name=\"twitter:data2\" content=\"3 minutes\" \/>\n<script type=\"application\/ld+json\" class=\"yoast-schema-graph\">{\"@context\":\"https:\/\/schema.org\",\"@graph\":[{\"@type\":\"Article\",\"@id\":\"https:\/\/ena-kinouest.net\/index.php\/2026\/01\/24\/ecole-des-disciples-missionnaires-de-kinshasa-ouest\/#article\",\"isPartOf\":{\"@id\":\"https:\/\/ena-kinouest.net\/index.php\/2026\/01\/24\/ecole-des-disciples-missionnaires-de-kinshasa-ouest\/\"},\"author\":{\"name\":\"Richard Ndambo\",\"@id\":\"https:\/\/ena-kinouest.net\/#\/schema\/person\/f7334ed5e23ccc9abd2568d6259181a8\"},\"headline\":\"Annoncer la bonne nouvelle : des jeunes s\u2019engagent \u00e0 l\u2019\u00c9cole des Disciples Missionnaires de Kinshasa Ouest\",\"datePublished\":\"2026-01-24T17:02:00+00:00\",\"dateModified\":\"2026-01-24T18:48:07+00:00\",\"mainEntityOfPage\":{\"@id\":\"https:\/\/ena-kinouest.net\/index.php\/2026\/01\/24\/ecole-des-disciples-missionnaires-de-kinshasa-ouest\/\"},\"wordCount\":493,\"commentCount\":0,\"publisher\":{\"@id\":\"https:\/\/ena-kinouest.net\/#organization\"},\"image\":{\"@id\":\"https:\/\/ena-kinouest.net\/index.php\/2026\/01\/24\/ecole-des-disciples-missionnaires-de-kinshasa-ouest\/#primaryimage\"},\"thumbnailUrl\":\"https:\/\/i0.wp.com\/ena-kinouest.net\/wp-content\/uploads\/2026\/01\/Jeunesse-Kinshasa-Ouest-1-evangelisation.jpeg?fit=2560%2C1920&ssl=1\",\"articleSection\":[\"annonce\",\"jeunesse\"],\"inLanguage\":\"fr-FR\",\"potentialAction\":[{\"@type\":\"CommentAction\",\"name\":\"Comment\",\"target\":[\"https:\/\/ena-kinouest.net\/index.php\/2026\/01\/24\/ecole-des-disciples-missionnaires-de-kinshasa-ouest\/#respond\"]}]},{\"@type\":\"WebPage\",\"@id\":\"https:\/\/ena-kinouest.net\/index.php\/2026\/01\/24\/ecole-des-disciples-missionnaires-de-kinshasa-ouest\/\",\"url\":\"https:\/\/ena-kinouest.net\/index.php\/2026\/01\/24\/ecole-des-disciples-missionnaires-de-kinshasa-ouest\/\",\"name\":\"Annoncer la bonne nouvelle : des jeunes s\u2019engagent \u00e0 l\u2019\u00c9cole des Disciples Missionnaires de Kinshasa Ouest - Eglise N\u00e9o-Apostolique Kinshasa Ouest\",\"isPartOf\":{\"@id\":\"https:\/\/ena-kinouest.net\/#website\"},\"primaryImageOfPage\":{\"@id\":\"https:\/\/ena-kinouest.net\/index.php\/2026\/01\/24\/ecole-des-disciples-missionnaires-de-kinshasa-ouest\/#primaryimage\"},\"image\":{\"@id\":\"https:\/\/ena-kinouest.net\/index.php\/2026\/01\/24\/ecole-des-disciples-missionnaires-de-kinshasa-ouest\/#primaryimage\"},\"thumbnailUrl\":\"https:\/\/i0.wp.com\/ena-kinouest.net\/wp-content\/uploads\/2026\/01\/Jeunesse-Kinshasa-Ouest-1-evangelisation.jpeg?fit=2560%2C1920&ssl=1\",\"datePublished\":\"2026-01-24T17:02:00+00:00\",\"dateModified\":\"2026-01-24T18:48:07+00:00\",\"description\":\"Le champ apostolique de Kinshasa Ouest ouvre l\u2019\u00c9cole des Disciples Missionnaires afin de former des jeunes engag\u00e9s dans l\u2019annonce de l\u2019\u00c9vangile.\",\"breadcrumb\":{\"@id\":\"https:\/\/ena-kinouest.net\/index.php\/2026\/01\/24\/ecole-des-disciples-missionnaires-de-kinshasa-ouest\/#breadcrumb\"},\"inLanguage\":\"fr-FR\",\"potentialAction\":[{\"@type\":\"ReadAction\",\"target\":[\"https:\/\/ena-kinouest.net\/index.php\/2026\/01\/24\/ecole-des-disciples-missionnaires-de-kinshasa-ouest\/\"]}]},{\"@type\":\"ImageObject\",\"inLanguage\":\"fr-FR\",\"@id\":\"https:\/\/ena-kinouest.net\/index.php\/2026\/01\/24\/ecole-des-disciples-missionnaires-de-kinshasa-ouest\/#primaryimage\",\"url\":\"https:\/\/i0.wp.com\/ena-kinouest.net\/wp-content\/uploads\/2026\/01\/Jeunesse-Kinshasa-Ouest-1-evangelisation.jpeg?fit=2560%2C1920&ssl=1\",\"contentUrl\":\"https:\/\/i0.wp.com\/ena-kinouest.net\/wp-content\/uploads\/2026\/01\/Jeunesse-Kinshasa-Ouest-1-evangelisation.jpeg?fit=2560%2C1920&ssl=1\",\"width\":2560,\"height\":1920},{\"@type\":\"BreadcrumbList\",\"@id\":\"https:\/\/ena-kinouest.net\/index.php\/2026\/01\/24\/ecole-des-disciples-missionnaires-de-kinshasa-ouest\/#breadcrumb\",\"itemListElement\":[{\"@type\":\"ListItem\",\"position\":1,\"name\":\"Accueil\",\"item\":\"https:\/\/ena-kinouest.net\/\"},{\"@type\":\"ListItem\",\"position\":2,\"name\":\"Annoncer la bonne nouvelle : des jeunes s\u2019engagent \u00e0 l\u2019\u00c9cole des Disciples Missionnaires de Kinshasa Ouest\"}]},{\"@type\":\"WebSite\",\"@id\":\"https:\/\/ena-kinouest.net\/#website\",\"url\":\"https:\/\/ena-kinouest.net\/\",\"name\":\"Eglise N\u00e9o-Apostolique Kinshasa Ouest\",\"description\":\"\",\"publisher\":{\"@id\":\"https:\/\/ena-kinouest.net\/#organization\"},\"alternateName\":\"ENA Kin-Ouest\",\"potentialAction\":[{\"@type\":\"SearchAction\",\"target\":{\"@type\":\"EntryPoint\",\"urlTemplate\":\"https:\/\/ena-kinouest.net\/?s={search_term_string}\"},\"query-input\":{\"@type\":\"PropertyValueSpecification\",\"valueRequired\":true,\"valueName\":\"search_term_string\"}}],\"inLanguage\":\"fr-FR\"},{\"@type\":\"Organization\",\"@id\":\"https:\/\/ena-kinouest.net\/#organization\",\"name\":\"Eglise N\u00e9o-Apostolique Kinshasa Ouest\",\"url\":\"https:\/\/ena-kinouest.net\/\",\"logo\":{\"@type\":\"ImageObject\",\"inLanguage\":\"fr-FR\",\"@id\":\"https:\/\/ena-kinouest.net\/#\/schema\/logo\/image\/\",\"url\":\"https:\/\/ena-kinouest.net\/wp-content\/uploads\/2023\/06\/Nak_logo.svg\",\"contentUrl\":\"https:\/\/ena-kinouest.net\/wp-content\/uploads\/2023\/06\/Nak_logo.svg\",\"width\":1493,\"height\":1491,\"caption\":\"Eglise N\u00e9o-Apostolique Kinshasa Ouest\"},\"image\":{\"@id\":\"https:\/\/ena-kinouest.net\/#\/schema\/logo\/image\/\"},\"sameAs\":[\"https:\/\/web.facebook.com\/enardcouest\",\"https:\/\/www.youtube.com\/@egliseneo-apostoliquekin-o4002\"]},{\"@type\":\"Person\",\"@id\":\"https:\/\/ena-kinouest.net\/#\/schema\/person\/f7334ed5e23ccc9abd2568d6259181a8\",\"name\":\"Richard Ndambo\",\"image\":{\"@type\":\"ImageObject\",\"inLanguage\":\"fr-FR\",\"@id\":\"https:\/\/ena-kinouest.net\/#\/schema\/person\/image\/\",\"url\":\"https:\/\/secure.gravatar.com\/avatar\/c6d701f2601c5305f8f43857230b2d8c2a589cb3e8df57744a048d17f21f7868?s=96&d=mm&r=g\",\"contentUrl\":\"https:\/\/secure.gravatar.com\/avatar\/c6d701f2601c5305f8f43857230b2d8c2a589cb3e8df57744a048d17f21f7868?s=96&d=mm&r=g\",\"caption\":\"Richard Ndambo\"},\"sameAs\":[\"https:\/\/ena-kinouest.net\"],\"url\":\"https:\/\/ena-kinouest.net\/index.php\/author\/rndambo\/\"}]}<\/script>\n<!-- \/ Yoast SEO plugin. -->","yoast_head_json":{"title":"Annoncer la bonne nouvelle : des jeunes s\u2019engagent \u00e0 l\u2019\u00c9cole des Disciples Missionnaires de Kinshasa Ouest - Eglise N\u00e9o-Apostolique Kinshasa Ouest","description":"Le champ apostolique de Kinshasa Ouest ouvre l\u2019\u00c9cole des Disciples Missionnaires afin de former des jeunes engag\u00e9s dans l\u2019annonce de l\u2019\u00c9vangile.","robots":{"index":"index","follow":"follow","max-snippet":"max-snippet:-1","max-image-preview":"max-image-preview:large","max-video-preview":"max-video-preview:-1"},"canonical":"https:\/\/ena-kinouest.net\/index.php\/2026\/01\/24\/ecole-des-disciples-missionnaires-de-kinshasa-ouest\/","og_locale":"fr_FR","og_type":"article","og_title":"Annoncer la bonne nouvelle : des jeunes s\u2019engagent \u00e0 l\u2019\u00c9cole des Disciples Missionnaires de Kinshasa Ouest - Eglise N\u00e9o-Apostolique Kinshasa Ouest","og_description":"Le champ apostolique de Kinshasa Ouest ouvre l\u2019\u00c9cole des Disciples Missionnaires afin de former des jeunes engag\u00e9s dans l\u2019annonce de l\u2019\u00c9vangile.","og_url":"https:\/\/ena-kinouest.net\/index.php\/2026\/01\/24\/ecole-des-disciples-missionnaires-de-kinshasa-ouest\/","og_site_name":"Eglise N\u00e9o-Apostolique Kinshasa Ouest","article_publisher":"https:\/\/web.facebook.com\/enardcouest","article_published_time":"2026-01-24T17:02:00+00:00","article_modified_time":"2026-01-24T18:48:07+00:00","og_image":[{"width":2560,"height":1920,"url":"https:\/\/ena-kinouest.net\/wp-content\/uploads\/2026\/01\/Jeunesse-Kinshasa-Ouest-1-evangelisation.jpeg","type":"image\/jpeg"}],"author":"Richard Ndambo","twitter_card":"summary_large_image","twitter_misc":{"\u00c9crit par":"Richard Ndambo","Dur\u00e9e de lecture estim\u00e9e":"3 minutes"},"schema":{"@context":"https:\/\/schema.org","@graph":[{"@type":"Article","@id":"https:\/\/ena-kinouest.net\/index.php\/2026\/01\/24\/ecole-des-disciples-missionnaires-de-kinshasa-ouest\/#article","isPartOf":{"@id":"https:\/\/ena-kinouest.net\/index.php\/2026\/01\/24\/ecole-des-disciples-missionnaires-de-kinshasa-ouest\/"},"author":{"name":"Richard Ndambo","@id":"https:\/\/ena-kinouest.net\/#\/schema\/person\/f7334ed5e23ccc9abd2568d6259181a8"},"headline":"Annoncer la bonne nouvelle : des jeunes s\u2019engagent \u00e0 l\u2019\u00c9cole des Disciples Missionnaires de Kinshasa Ouest","datePublished":"2026-01-24T17:02:00+00:00","dateModified":"2026-01-24T18:48:07+00:00","mainEntityOfPage":{"@id":"https:\/\/ena-kinouest.net\/index.php\/2026\/01\/24\/ecole-des-disciples-missionnaires-de-kinshasa-ouest\/"},"wordCount":493,"commentCount":0,"publisher":{"@id":"https:\/\/ena-kinouest.net\/#organization"},"image":{"@id":"https:\/\/ena-kinouest.net\/index.php\/2026\/01\/24\/ecole-des-disciples-missionnaires-de-kinshasa-ouest\/#primaryimage"},"thumbnailUrl":"https:\/\/i0.wp.com\/ena-kinouest.net\/wp-content\/uploads\/2026\/01\/Jeunesse-Kinshasa-Ouest-1-evangelisation.jpeg?fit=2560%2C1920&ssl=1","articleSection":["annonce","jeunesse"],"inLanguage":"fr-FR","potentialAction":[{"@type":"CommentAction","name":"Comment","target":["https:\/\/ena-kinouest.net\/index.php\/2026\/01\/24\/ecole-des-disciples-missionnaires-de-kinshasa-ouest\/#respond"]}]},{"@type":"WebPage","@id":"https:\/\/ena-kinouest.net\/index.php\/2026\/01\/24\/ecole-des-disciples-missionnaires-de-kinshasa-ouest\/","url":"https:\/\/ena-kinouest.net\/index.php\/2026\/01\/24\/ecole-des-disciples-missionnaires-de-kinshasa-ouest\/","name":"Annoncer la bonne nouvelle : des jeunes s\u2019engagent \u00e0 l\u2019\u00c9cole des Disciples Missionnaires de Kinshasa Ouest - Eglise N\u00e9o-Apostolique Kinshasa Ouest","isPartOf":{"@id":"https:\/\/ena-kinouest.net\/#website"},"primaryImageOfPage":{"@id":"https:\/\/ena-kinouest.net\/index.php\/2026\/01\/24\/ecole-des-disciples-missionnaires-de-kinshasa-ouest\/#primaryimage"},"image":{"@id":"https:\/\/ena-kinouest.net\/index.php\/2026\/01\/24\/ecole-des-disciples-missionnaires-de-kinshasa-ouest\/#primaryimage"},"thumbnailUrl":"https:\/\/i0.wp.com\/ena-kinouest.net\/wp-content\/uploads\/2026\/01\/Jeunesse-Kinshasa-Ouest-1-evangelisation.jpeg?fit=2560%2C1920&ssl=1","datePublished":"2026-01-24T17:02:00+00:00","dateModified":"2026-01-24T18:48:07+00:00","description":"Le champ apostolique de Kinshasa Ouest ouvre l\u2019\u00c9cole des Disciples Missionnaires afin de former des jeunes engag\u00e9s dans l\u2019annonce de l\u2019\u00c9vangile.","breadcrumb":{"@id":"https:\/\/ena-kinouest.net\/index.php\/2026\/01\/24\/ecole-des-disciples-missionnaires-de-kinshasa-ouest\/#breadcrumb"},"inLanguage":"fr-FR","potentialAction":[{"@type":"ReadAction","target":["https:\/\/ena-kinouest.net\/index.php\/2026\/01\/24\/ecole-des-disciples-missionnaires-de-kinshasa-ouest\/"]}]},{"@type":"ImageObject","inLanguage":"fr-FR","@id":"https:\/\/ena-kinouest.net\/index.php\/2026\/01\/24\/ecole-des-disciples-missionnaires-de-kinshasa-ouest\/#primaryimage","url":"https:\/\/i0.wp.com\/ena-kinouest.net\/wp-content\/uploads\/2026\/01\/Jeunesse-Kinshasa-Ouest-1-evangelisation.jpeg?fit=2560%2C1920&ssl=1","contentUrl":"https:\/\/i0.wp.com\/ena-kinouest.net\/wp-content\/uploads\/2026\/01\/Jeunesse-Kinshasa-Ouest-1-evangelisation.jpeg?fit=2560%2C1920&ssl=1","width":2560,"height":1920},{"@type":"BreadcrumbList","@id":"https:\/\/ena-kinouest.net\/index.php\/2026\/01\/24\/ecole-des-disciples-missionnaires-de-kinshasa-ouest\/#breadcrumb","itemListElement":[{"@type":"ListItem","position":1,"name":"Accueil","item":"https:\/\/ena-kinouest.net\/"},{"@type":"ListItem","position":2,"name":"Annoncer la bonne nouvelle : des jeunes s\u2019engagent \u00e0 l\u2019\u00c9cole des Disciples Missionnaires de Kinshasa Ouest"}]},{"@type":"WebSite","@id":"https:\/\/ena-kinouest.net\/#website","url":"https:\/\/ena-kinouest.net\/","name":"Eglise N\u00e9o-Apostolique Kinshasa Ouest","description":"","publisher":{"@id":"https:\/\/ena-kinouest.net\/#organization"},"alternateName":"ENA Kin-Ouest","potentialAction":[{"@type":"SearchAction","target":{"@type":"EntryPoint","urlTemplate":"https:\/\/ena-kinouest.net\/?s={search_term_string}"},"query-input":{"@type":"PropertyValueSpecification","valueRequired":true,"valueName":"search_term_string"}}],"inLanguage":"fr-FR"},{"@type":"Organization","@id":"https:\/\/ena-kinouest.net\/#organization","name":"Eglise N\u00e9o-Apostolique Kinshasa Ouest","url":"https:\/\/ena-kinouest.net\/","logo":{"@type":"ImageObject","inLanguage":"fr-FR","@id":"https:\/\/ena-kinouest.net\/#\/schema\/logo\/image\/","url":"https:\/\/ena-kinouest.net\/wp-content\/uploads\/2023\/06\/Nak_logo.svg","contentUrl":"https:\/\/ena-kinouest.net\/wp-content\/uploads\/2023\/06\/Nak_logo.svg","width":1493,"height":1491,"caption":"Eglise N\u00e9o-Apostolique Kinshasa Ouest"},"image":{"@id":"https:\/\/ena-kinouest.net\/#\/schema\/logo\/image\/"},"sameAs":["https:\/\/web.facebook.com\/enardcouest","https:\/\/www.youtube.com\/@egliseneo-apostoliquekin-o4002"]},{"@type":"Person","@id":"https:\/\/ena-kinouest.net\/#\/schema\/person\/f7334ed5e23ccc9abd2568d6259181a8","name":"Richard Ndambo","image":{"@type":"ImageObject","inLanguage":"fr-FR","@id":"https:\/\/ena-kinouest.net\/#\/schema\/person\/image\/","url":"https:\/\/secure.gravatar.com\/avatar\/c6d701f2601c5305f8f43857230b2d8c2a589cb3e8df57744a048d17f21f7868?s=96&d=mm&r=g","contentUrl":"https:\/\/secure.gravatar.com\/avatar\/c6d701f2601c5305f8f43857230b2d8c2a589cb3e8df57744a048d17f21f7868?s=96&d=mm&r=g","caption":"Richard Ndambo"},"sameAs":["https:\/\/ena-kinouest.net"],"url":"https:\/\/ena-kinouest.net\/index.php\/author\/rndambo\/"}]}},"jetpack_featured_media_url":"https:\/\/i0.wp.com\/ena-kinouest.net\/wp-content\/uploads\/2026\/01\/Jeunesse-Kinshasa-Ouest-1-evangelisation.jpeg?fit=2560%2C1920&ssl=1","jetpack-related-posts":[],"jetpack_sharing_enabled":true,"_links":{"self":[{"href":"https:\/\/ena-kinouest.net\/index.php\/wp-json\/wp\/v2\/posts\/811","targetHints":{"allow":["GET"]}}],"collection":[{"href":"https:\/\/ena-kinouest.net\/index.php\/wp-json\/wp\/v2\/posts"}],"about":[{"href":"https:\/\/ena-kinouest.net\/index.php\/wp-json\/wp\/v2\/types\/post"}],"author":[{"embeddable":true,"href":"https:\/\/ena-kinouest.net\/index.php\/wp-json\/wp\/v2\/users\/1"}],"replies":[{"embeddable":true,"href":"https:\/\/ena-kinouest.net\/index.php\/wp-json\/wp\/v2\/comments?post=811"}],"version-history":[{"count":7,"href":"https:\/\/ena-kinouest.net\/index.php\/wp-json\/wp\/v2\/posts\/811\/revisions"}],"predecessor-version":[{"id":820,"href":"https:\/\/ena-kinouest.net\/index.php\/wp-json\/wp\/v2\/posts\/811\/revisions\/820"}],"wp:featuredmedia":[{"embeddable":true,"href":"https:\/\/ena-kinouest.net\/index.php\/wp-json\/wp\/v2\/media\/813"}],"wp:attachment":[{"href":"https:\/\/ena-kinouest.net\/index.php\/wp-json\/wp\/v2\/media?parent=811"}],"wp:term":[{"taxonomy":"category","embeddable":true,"href":"https:\/\/ena-kinouest.net\/index.php\/wp-json\/wp\/v2\/categories?post=811"},{"taxonomy":"post_tag","embeddable":true,"href":"https:\/\/ena-kinouest.net\/index.php\/wp-json\/wp\/v2\/tags?post=811"}],"curies":[{"name":"wp","href":"https:\/\/api.w.org\/{rel}","templated":true}]}}